{"id":35875,"date":"2023-03-10T11:57:01","date_gmt":"2023-03-10T14:57:01","guid":{"rendered":"http:\/\/www.rtvnoticias.com.ar\/?p=35875"},"modified":"2023-03-10T11:57:04","modified_gmt":"2023-03-10T14:57:04","slug":"ziliotto-en-expoagro-2023-el-camino-es-dialogar-gritar-menos-y-escucharnos-mas","status":"publish","type":"post","link":"http:\/\/www.rtvnoticias.com.ar\/?p=35875","title":{"rendered":"Ziliotto en ExpoAgro 2023: \u00abEl camino es dialogar, gritar menos y escucharnos m\u00e1s\u00bb"},"content":{"rendered":"\n<p class=\"has-text-align-center\"><strong>El gobernador de La Pampa, Sergio Ziliotto, celebr\u00f3 la mayor participaci\u00f3n de empresas de su provincia en Expoagro 2023 y realz\u00f3 la sinergia existente entre el estado pampeano y el sector privado<\/strong><\/p>\n\n\n\n<p>El gobernador de La Pampa, Sergio Ziliotto, celebr\u00f3 la mayor participaci\u00f3n de empresas de su provincia en ExpoAgro 2023 y realz\u00f3 la sinergia existente entre el estado pampeano y el sector privado.<\/p>\n\n\n\n<p>Ziliotto se sum\u00f3 desde temprano a la tercera jornada de la muestra agroindustrial a cielo abierto m\u00e1s importante y reafirm\u00f3 su respaldo. \u00abVenimos redoblando la apuesta y acompa\u00f1ando al sector, con treinta empresas de la provincia que es algo hist\u00f3rico\u00bb, destac\u00f3 refiri\u00e9ndose a \u00abuna excelente sinergia entre p\u00fablico y lo privado\u00bb de su gesti\u00f3n. \u00abHoy cuentan con una herramienta y comercial a trav\u00e9s del banco p\u00fablico de La Pampa, que les permite ofrecer sus productos en cinco a\u00f1os, con una tasa final del 44 por ciento. A trav\u00e9s de su presupuesto, la provincia subsidia 30 puntos\u00bb, explic\u00f3.<\/p>\n\n\n\n<p>El funcionario admiti\u00f3 la necesidad de exponer la calidad de la industria y extenderla a nuevos mercados dentro y fuera del pa\u00eds. En relaci\u00f3n al desarrollo provincial, Ziliotto reflexion\u00f3 sobre su crecimiento: \u00abEl desarrollo en La Pampa es una construcci\u00f3n colectiva y el estado provincial debe aportar las principales herramientas apoyando desde todo punto de vista, tanto en lo log\u00edstico, financiero y econ\u00f3mico\u00bb.<\/p>\n\n\n\n<p>Tambi\u00e9n se expres\u00f3 acerca de la sequ\u00eda: \u00abHace falta un recorte sobre lo que hemos hecho y ver de qu\u00e9 modo actuar para que no haya condiciones clim\u00e1ticas tan extremas\u00bb, admiti\u00f3 revisando las propias dificultades de su regi\u00f3n como los vientos y las heladas del pasado 17 y 18 de febrero.<\/p>\n\n\n\n<p>Mejorar las pr\u00e1cticas en relaci\u00f3n al uso del suelo y sumar m\u00e1s tecnificaci\u00f3n a la producci\u00f3n, \u00abconstituyen parte de la soluci\u00f3n\u00bb, seg\u00fan indica.<\/p>\n\n\n\n<p>Lo mismo que el di\u00e1logo: \u00abDesde lo coyuntural, creo que el gran desaf\u00edo y soluci\u00f3n es escucharnos, entender que compartimos el gran objetivo que es el desarrollo de la Argentina desde todo punto de vista\u00bb.<\/p>\n\n\n\n<p>Sincero, el gobernador consider\u00f3 las diferencias de estilos: \u00abPor ah\u00ed no coincidimos en los m\u00e9todos, pero hay que buscar cuatro o cinco puntos de encuentro: fijar pol\u00edticas de Estado que trasciendan a los gobiernos. Pensar en el desarrollo sustentable, con inclusi\u00f3n e igualdad de oportunidades es algo que todos buscamos. El camino es dialogar, gritar menos y escucharnos m\u00e1s\u00bb.<\/p>\n<div class=\"sharedaddy sd-sharing-enabled\"><div class=\"robots-nocontent sd-block sd-social sd-social-icon sd-sharing\"><h3 class=\"sd-title\">Comparte esto:<\/h3><div class=\"sd-content\"><ul><li class=\"share-twitter\"><a rel=\"nofollow noopener noreferrer\" data-shared=\"sharing-twitter-35875\" class=\"share-twitter sd-button share-icon no-text\" href=\"http:\/\/www.rtvnoticias.com.ar\/?p=35875&amp;share=twitter\" target=\"_blank\" title=\"Haz clic para compartir en Twitter\"><span><\/span><span class=\"sharing-screen-reader-text\">Haz clic para compartir en Twitter (Se abre en una ventana nueva)<\/span><\/a><\/li><li class=\"share-facebook\"><a rel=\"nofollow noopener noreferrer\" data-shared=\"sharing-facebook-35875\" class=\"share-facebook sd-button share-icon no-text\" href=\"http:\/\/www.rtvnoticias.com.ar\/?p=35875&amp;share=facebook\" target=\"_blank\" title=\"Haz clic para compartir en Facebook\"><span><\/span><span class=\"sharing-screen-reader-text\">Haz clic para compartir en Facebook (Se abre en una ventana nueva)<\/span><\/a><\/li><li class=\"share-jetpack-whatsapp\"><a rel=\"nofollow noopener noreferrer\" data-shared=\"\" class=\"share-jetpack-whatsapp sd-button share-icon no-text\" href=\"http:\/\/www.rtvnoticias.com.ar\/?p=35875&amp;share=jetpack-whatsapp\" target=\"_blank\" title=\"Haz clic para compartir en WhatsApp\"><span><\/span><span class=\"sharing-screen-reader-text\">Haz clic para compartir en WhatsApp (Se abre en una ventana nueva)<\/span><\/a><\/li><li class=\"share-telegram\"><a rel=\"nofollow noopener noreferrer\" data-shared=\"\" class=\"share-telegram sd-button share-icon no-text\" href=\"http:\/\/www.rtvnoticias.com.ar\/?p=35875&amp;share=telegram\" target=\"_blank\" title=\"Haz clic para compartir en Telegram\"><span><\/span><span class=\"sharing-screen-reader-text\">Haz clic para compartir en Telegram (Se abre en una ventana nueva)<\/span><\/a><\/li><li class=\"share-end\"><\/li><\/ul><\/div><\/div><\/div>","protected":false},"excerpt":{"rendered":"<p>El gobernador de La Pampa, Sergio Ziliotto, celebr\u00f3 la mayor participaci\u00f3n de empresas de su provincia en Expoagro 2023 y realz\u00f3 la sinergia existente entre<\/p>\n<div class=\"sharedaddy sd-sharing-enabled\"><div class=\"robots-nocontent sd-block sd-social sd-social-icon sd-sharing\"><h3 class=\"sd-title\">Comparte esto:<\/h3><div class=\"sd-content\"><ul><li class=\"share-twitter\"><a rel=\"nofollow noopener noreferrer\" data-shared=\"sharing-twitter-35875\" class=\"share-twitter sd-button share-icon no-text\" href=\"http:\/\/www.rtvnoticias.com.ar\/?p=35875&amp;share=twitter\" target=\"_blank\" title=\"Haz clic para compartir en Twitter\"><span><\/span><span class=\"sharing-screen-reader-text\">Haz clic para compartir en Twitter (Se abre en una ventana nueva)<\/span><\/a><\/li><li class=\"share-facebook\"><a rel=\"nofollow noopener noreferrer\" data-shared=\"sharing-facebook-35875\" class=\"share-facebook sd-button share-icon no-text\" href=\"http:\/\/www.rtvnoticias.com.ar\/?p=35875&amp;share=facebook\" target=\"_blank\" title=\"Haz clic para compartir en Facebook\"><span><\/span><span class=\"sharing-screen-reader-text\">Haz clic para compartir en Facebook (Se abre en una ventana nueva)<\/span><\/a><\/li><li class=\"share-jetpack-whatsapp\"><a rel=\"nofollow noopener noreferrer\" data-shared=\"\" class=\"share-jetpack-whatsapp sd-button share-icon no-text\" href=\"http:\/\/www.rtvnoticias.com.ar\/?p=35875&amp;share=jetpack-whatsapp\" target=\"_blank\" title=\"Haz clic para compartir en WhatsApp\"><span><\/span><span class=\"sharing-screen-reader-text\">Haz clic para compartir en WhatsApp (Se abre en una ventana nueva)<\/span><\/a><\/li><li class=\"share-telegram\"><a rel=\"nofollow noopener noreferrer\" data-shared=\"\" class=\"share-telegram sd-button share-icon no-text\" href=\"http:\/\/www.rtvnoticias.com.ar\/?p=35875&amp;share=telegram\" target=\"_blank\" title=\"Haz clic para compartir en Telegram\"><span><\/span><span class=\"sharing-screen-reader-text\">Haz clic para compartir en Telegram (Se abre en una ventana nueva)<\/span><\/a><\/li><li class=\"share-end\"><\/li><\/ul><\/div><\/div><\/div>","protected":false},"author":7,"featured_media":35876,"comment_status":"closed","ping_status":"closed","sticky":false,"template":"","format":"standard","meta":{"spay_email":"","jetpack_publicize_message":"","jetpack_is_tweetstorm":false,"jetpack_publicize_feature_enabled":true},"categories":[5],"tags":[],"jetpack_featured_media_url":"http:\/\/www.rtvnoticias.com.ar\/wp-content\/uploads\/2023\/03\/ziliotto-expoagro.jpg","jetpack_publicize_connections":[],"jetpack_sharing_enabled":true,"_links":{"self":[{"href":"http:\/\/www.rtvnoticias.com.ar\/index.php?rest_route=\/wp\/v2\/posts\/35875"}],"collection":[{"href":"http:\/\/www.rtvnoticias.com.ar\/index.php?rest_route=\/wp\/v2\/posts"}],"about":[{"href":"http:\/\/www.rtvnoticias.com.ar\/index.php?rest_route=\/wp\/v2\/types\/post"}],"author":[{"embeddable":true,"href":"http:\/\/www.rtvnoticias.com.ar\/index.php?rest_route=\/wp\/v2\/users\/7"}],"replies":[{"embeddable":true,"href":"http:\/\/www.rtvnoticias.com.ar\/index.php?rest_route=%2Fwp%2Fv2%2Fcomments&post=35875"}],"version-history":[{"count":1,"href":"http:\/\/www.rtvnoticias.com.ar\/index.php?rest_route=\/wp\/v2\/posts\/35875\/revisions"}],"predecessor-version":[{"id":35877,"href":"http:\/\/www.rtvnoticias.com.ar\/index.php?rest_route=\/wp\/v2\/posts\/35875\/revisions\/35877"}],"wp:featuredmedia":[{"embeddable":true,"href":"http:\/\/www.rtvnoticias.com.ar\/index.php?rest_route=\/wp\/v2\/media\/35876"}],"wp:attachment":[{"href":"http:\/\/www.rtvnoticias.com.ar\/index.php?rest_route=%2Fwp%2Fv2%2Fmedia&parent=35875"}],"wp:term":[{"taxonomy":"category","embeddable":true,"href":"http:\/\/www.rtvnoticias.com.ar\/index.php?rest_route=%2Fwp%2Fv2%2Fcategories&post=35875"},{"taxonomy":"post_tag","embeddable":true,"href":"http:\/\/www.rtvnoticias.com.ar\/index.php?rest_route=%2Fwp%2Fv2%2Ftags&post=35875"}],"curies":[{"name":"wp","href":"https:\/\/api.w.org\/{rel}","templated":true}]}}