{"id":35882,"date":"2023-03-12T10:36:30","date_gmt":"2023-03-12T13:36:30","guid":{"rendered":"http:\/\/www.rtvnoticias.com.ar\/?p=35882"},"modified":"2023-03-12T10:36:34","modified_gmt":"2023-03-12T13:36:34","slug":"cfk-el-estado-debe-recuperar-territorio-en-zonas-afectadas-por-narcotrafico","status":"publish","type":"post","link":"http:\/\/www.rtvnoticias.com.ar\/?p=35882","title":{"rendered":"CFK: \u00abEl Estado debe recuperar territorio\u00bb en zonas afectadas por narcotr\u00e1fico"},"content":{"rendered":"\n<p>La vicepresidenta Cristina Fern\u00e1ndez de Kirchner destac\u00f3 este s\u00e1bado la importancia de que \u00abel Estado recupere territorio\u00bb en zonas afectadas por el narcotr\u00e1fico, como la ciudad santafesina de Rosario, y dijo que esos t\u00e9rminos no implican un \u00abconcepto militar\u00bb sino trabajar por los sectores vulnerables.<\/p>\n\n\n\n<p>As\u00ed lo afirm\u00f3 en un mensaje que fue transmitido este mediod\u00eda en el Cabildo de Luj\u00e1n en un acto encabezado por el presidente Alberto Fern\u00e1ndez, durante el cual se firm\u00f3 el compromiso \u00abNi un pibe, ni una piba menos por la droga\u00bb, impulsada por la Federaci\u00f3n de Hogares de Cristo -que preside el referente de la pastoral de las villas Jos\u00e9 Mar\u00eda \u00abPepe\u00bb Di Paola- en el marco de las celebraciones por los 10 a\u00f1os de pontificado del Papa Francisco.<\/p>\n\n\n\n<p>\u00abLa adicci\u00f3n es un una tragedia de nuestra \u00e9poca. La adicci\u00f3n tiene una dimensi\u00f3n humana que puede afectar a alguien de mucho dinero pero fundamentalmente es una tragedia social con los sectores vulnerables. La droga penetra por esa vulnerabilidad y la ausencia del Estado, ausencia que los curas cubren en los Hogares de Cristo\u00bb, dijo la Vicepresidenta en su mensaje, luego de firmar durante la semana el compromiso en su despacho del Senado.<\/p>\n\n\n\n<p>La expresidenta cont\u00f3 tambi\u00e9n un di\u00e1logo que mantuvo durante su segunda Presidencia con el mandatario de Guatemala \u00c1lvaro Colom: \u00abMe hablaba de la dificultad de detener a los narcos que hac\u00edan escuelas, iglesias y ayudaban a los enfermos. \u00c9l describ\u00eda la presencia del narco frente a ausencia del Estado\u00bb, relat\u00f3<\/p>\n\n\n\n<p>Luego cont\u00f3 que en una conversaci\u00f3n que mantuvo con el gobernador de Santa Fe, Omar Perotti \u00abrecordaba la labor que hicimos en 2014 con (Sergio) Berni cuando fuimos a Rosario en momentos dif\u00edciles\u00bb.<\/p>\n\n\n\n<p>\u00abEn aquel momento fueron las fuerzas federales pero tambi\u00e9n fue el Estado, el ministerio de Desarrollo Social, el Anses, el ministerio del Interior\u00bb, enumer\u00f3 y destac\u00f3 la importancia de que \u00abel Estado recupere el territorio, que no es un concepto miliar sino que significa recuperar el rol que el Estado tiene que tener ante los sectores vulnerables\u00bb.<\/p>\n\n\n\n<p><strong>Interna en el oficialismo<\/strong><\/p>\n\n\n\n<p>Esta semana, el Gobierno nacional envi\u00f3 un refuerzo de fuerzas federales a Rosario -un total de 1.400 en una primera etapa- y adem\u00e1s anunci\u00f3 que mandar\u00e1 efectivos de la Compa\u00f1\u00eda Ingenieros del Ej\u00e9rcito Argentino para colaborar en la tarea de urbanizaci\u00f3n de los barrios populares.<\/p>\n\n\n\n<p>La ola de violencia en Rosario recrudeci\u00f3 en las \u00faltimas semanas con el ataque a un supermercado perteneciente a la familia de Lionel Messi, y el asesinato de M\u00e1ximo Jerez, un ni\u00f1o de 11 a\u00f1os que recibi\u00f3 un disparo en la espalda y muri\u00f3 en la madrugada del pasado domingo.<\/p>\n\n\n\n<p>Hacia el final del mensaje, la Vicepresidenta destac\u00f3 la labor que realizan en zonas vulnerables los curas villeros: \u00abQuiero decirle a los curas y a las pibas y pibes que es maravilloso lo que hacen porque cuando se recuperan se ponen como meta recuperar a otros\u00bb.<\/p>\n\n\n\n<p>\u00abTambi\u00e9n deseo saludarlos por el pontificado de Francisco que cumple una d\u00e9cada. Yo era Presidenta cuando fue ungido como Papa y volamos todos a Roma para compartir ese momento tan importante\u00bb, dijo al final de su mensaje, para recordar los 10 a\u00f1os de pontificado del argentino Jorge Bergoglio que se cumplir\u00e1n el pr\u00f3ximo lunes.<\/p>\n<div class=\"sharedaddy sd-sharing-enabled\"><div class=\"robots-nocontent sd-block sd-social sd-social-icon sd-sharing\"><h3 class=\"sd-title\">Comparte esto:<\/h3><div class=\"sd-content\"><ul><li class=\"share-twitter\"><a rel=\"nofollow noopener noreferrer\" data-shared=\"sharing-twitter-35882\" class=\"share-twitter sd-button share-icon no-text\" href=\"http:\/\/www.rtvnoticias.com.ar\/?p=35882&amp;share=twitter\" target=\"_blank\" title=\"Haz clic para compartir en Twitter\"><span><\/span><span class=\"sharing-screen-reader-text\">Haz clic para compartir en Twitter (Se abre en una ventana nueva)<\/span><\/a><\/li><li class=\"share-facebook\"><a rel=\"nofollow noopener noreferrer\" data-shared=\"sharing-facebook-35882\" class=\"share-facebook sd-button share-icon no-text\" href=\"http:\/\/www.rtvnoticias.com.ar\/?p=35882&amp;share=facebook\" target=\"_blank\" title=\"Haz clic para compartir en Facebook\"><span><\/span><span class=\"sharing-screen-reader-text\">Haz clic para compartir en Facebook (Se abre en una ventana nueva)<\/span><\/a><\/li><li class=\"share-jetpack-whatsapp\"><a rel=\"nofollow noopener noreferrer\" data-shared=\"\" class=\"share-jetpack-whatsapp sd-button share-icon no-text\" href=\"http:\/\/www.rtvnoticias.com.ar\/?p=35882&amp;share=jetpack-whatsapp\" target=\"_blank\" title=\"Haz clic para compartir en WhatsApp\"><span><\/span><span class=\"sharing-screen-reader-text\">Haz clic para compartir en WhatsApp (Se abre en una ventana nueva)<\/span><\/a><\/li><li class=\"share-telegram\"><a rel=\"nofollow noopener noreferrer\" data-shared=\"\" class=\"share-telegram sd-button share-icon no-text\" href=\"http:\/\/www.rtvnoticias.com.ar\/?p=35882&amp;share=telegram\" target=\"_blank\" title=\"Haz clic para compartir en Telegram\"><span><\/span><span class=\"sharing-screen-reader-text\">Haz clic para compartir en Telegram (Se abre en una ventana nueva)<\/span><\/a><\/li><li class=\"share-end\"><\/li><\/ul><\/div><\/div><\/div>","protected":false},"excerpt":{"rendered":"<p>La vicepresidenta Cristina Fern\u00e1ndez de Kirchner destac\u00f3 este s\u00e1bado la importancia de que \u00abel Estado recupere territorio\u00bb en zonas afectadas por el narcotr\u00e1fico, como la<\/p>\n<div class=\"sharedaddy sd-sharing-enabled\"><div class=\"robots-nocontent sd-block sd-social sd-social-icon sd-sharing\"><h3 class=\"sd-title\">Comparte esto:<\/h3><div class=\"sd-content\"><ul><li class=\"share-twitter\"><a rel=\"nofollow noopener noreferrer\" data-shared=\"sharing-twitter-35882\" class=\"share-twitter sd-button share-icon no-text\" href=\"http:\/\/www.rtvnoticias.com.ar\/?p=35882&amp;share=twitter\" target=\"_blank\" title=\"Haz clic para compartir en Twitter\"><span><\/span><span class=\"sharing-screen-reader-text\">Haz clic para compartir en Twitter (Se abre en una ventana nueva)<\/span><\/a><\/li><li class=\"share-facebook\"><a rel=\"nofollow noopener noreferrer\" data-shared=\"sharing-facebook-35882\" class=\"share-facebook sd-button share-icon no-text\" href=\"http:\/\/www.rtvnoticias.com.ar\/?p=35882&amp;share=facebook\" target=\"_blank\" title=\"Haz clic para compartir en Facebook\"><span><\/span><span class=\"sharing-screen-reader-text\">Haz clic para compartir en Facebook (Se abre en una ventana nueva)<\/span><\/a><\/li><li class=\"share-jetpack-whatsapp\"><a rel=\"nofollow noopener noreferrer\" data-shared=\"\" class=\"share-jetpack-whatsapp sd-button share-icon no-text\" href=\"http:\/\/www.rtvnoticias.com.ar\/?p=35882&amp;share=jetpack-whatsapp\" target=\"_blank\" title=\"Haz clic para compartir en WhatsApp\"><span><\/span><span class=\"sharing-screen-reader-text\">Haz clic para compartir en WhatsApp (Se abre en una ventana nueva)<\/span><\/a><\/li><li class=\"share-telegram\"><a rel=\"nofollow noopener noreferrer\" data-shared=\"\" class=\"share-telegram sd-button share-icon no-text\" href=\"http:\/\/www.rtvnoticias.com.ar\/?p=35882&amp;share=telegram\" target=\"_blank\" title=\"Haz clic para compartir en Telegram\"><span><\/span><span class=\"sharing-screen-reader-text\">Haz clic para compartir en Telegram (Se abre en una ventana nueva)<\/span><\/a><\/li><li class=\"share-end\"><\/li><\/ul><\/div><\/div><\/div>","protected":false},"author":7,"featured_media":35883,"comment_status":"closed","ping_status":"closed","sticky":false,"template":"","format":"standard","meta":{"spay_email":"","jetpack_publicize_message":"","jetpack_is_tweetstorm":false,"jetpack_publicize_feature_enabled":true},"categories":[5],"tags":[],"jetpack_featured_media_url":"http:\/\/www.rtvnoticias.com.ar\/wp-content\/uploads\/2023\/03\/cfk.jpg","jetpack_publicize_connections":[],"jetpack_sharing_enabled":true,"_links":{"self":[{"href":"http:\/\/www.rtvnoticias.com.ar\/index.php?rest_route=\/wp\/v2\/posts\/35882"}],"collection":[{"href":"http:\/\/www.rtvnoticias.com.ar\/index.php?rest_route=\/wp\/v2\/posts"}],"about":[{"href":"http:\/\/www.rtvnoticias.com.ar\/index.php?rest_route=\/wp\/v2\/types\/post"}],"author":[{"embeddable":true,"href":"http:\/\/www.rtvnoticias.com.ar\/index.php?rest_route=\/wp\/v2\/users\/7"}],"replies":[{"embeddable":true,"href":"http:\/\/www.rtvnoticias.com.ar\/index.php?rest_route=%2Fwp%2Fv2%2Fcomments&post=35882"}],"version-history":[{"count":1,"href":"http:\/\/www.rtvnoticias.com.ar\/index.php?rest_route=\/wp\/v2\/posts\/35882\/revisions"}],"predecessor-version":[{"id":35884,"href":"http:\/\/www.rtvnoticias.com.ar\/index.php?rest_route=\/wp\/v2\/posts\/35882\/revisions\/35884"}],"wp:featuredmedia":[{"embeddable":true,"href":"http:\/\/www.rtvnoticias.com.ar\/index.php?rest_route=\/wp\/v2\/media\/35883"}],"wp:attachment":[{"href":"http:\/\/www.rtvnoticias.com.ar\/index.php?rest_route=%2Fwp%2Fv2%2Fmedia&parent=35882"}],"wp:term":[{"taxonomy":"category","embeddable":true,"href":"http:\/\/www.rtvnoticias.com.ar\/index.php?rest_route=%2Fwp%2Fv2%2Fcategories&post=35882"},{"taxonomy":"post_tag","embeddable":true,"href":"http:\/\/www.rtvnoticias.com.ar\/index.php?rest_route=%2Fwp%2Fv2%2Ftags&post=35882"}],"curies":[{"name":"wp","href":"https:\/\/api.w.org\/{rel}","templated":true}]}}