{"id":35888,"date":"2023-03-13T10:58:54","date_gmt":"2023-03-13T13:58:54","guid":{"rendered":"http:\/\/www.rtvnoticias.com.ar\/?p=35888"},"modified":"2023-03-13T10:58:57","modified_gmt":"2023-03-13T13:58:57","slug":"la-alemana-sin-novedad-en-el-frente-le-arrebato-el-oscar-a-argentina-1985","status":"publish","type":"post","link":"http:\/\/www.rtvnoticias.com.ar\/?p=35888","title":{"rendered":"La alemana \u00abSin novedad en el frente\u00bb le arrebat\u00f3 el Oscar a \u00abArgentina, 1985\u00bb"},"content":{"rendered":"\n<p>El filme alem\u00e1n \u00abSin novedad en el frente\u00bb (All Quiet on the Western Front), dirigido por Edward Berger, gan\u00f3 el Oscar como Mejor Pel\u00edcula Internacional y se consagr\u00f3 en la ciudad estadounidense de Los \u00c1ngeles, dejando a \u00abArgentina, 1985\u00bb con las manos vac\u00edas.<\/p>\n\n\n\n<p>El largometraje super\u00f3 en las votaciones a \u00abClose\u00bb, \u00abEo\u00bb, \u00abThe quiet girl\u00bb y \u00abArgentina, 1985\u00bb, dirigida por Santiago Mitre y protagonizada por Ricardo Dar\u00edn y Peter Lanzani.<\/p>\n\n\n\n<p>La pel\u00edcula narra la apasionante historia de un joven soldado alem\u00e1n en el frente occidental durante la Primera Guerra Mundial, donde el protagonista principal, Paul B\u00e4umery (Felix Kammerer) y sus compa\u00f1eros, experimentan en carne propia c\u00f3mo la euforia inicial de la guerra se convierte en desesperaci\u00f3n y miedo mientras luchan por sus vidas \u2014y las de los otros\u2014 en las trincheras.<\/p>\n\n\n\n<p>La pel\u00edcula europea est\u00e1 basada en el bestseller mundial hom\u00f3nimo firmado por Erich Maria Remarque, publicada en 1929.<\/p>\n\n\n\n<p>Adem\u00e1s de consagrarse como Mejor Pel\u00edcula Internacional, el film de Edward Berger se qued\u00f3 con premio a Mejor Fotograf\u00eda, Mejor Dise\u00f1o de Producci\u00f3n y Mejor Banda Sonora Original.<\/p>\n\n\n\n<p>Cabe destacar que est\u00e1 nominada en nueve categor\u00edas, incluyendo Mejor Pel\u00edcula.<\/p>\n\n\n\n<p>La pel\u00edcula alemana ya hab\u00eda arrasado en febrero en los BAFTA, la entrega de premios m\u00e1s prestigiosa del Reino Unido, donde se consagr\u00f3 como Mejor Pel\u00edcula del A\u00f1o y tambi\u00e9n gan\u00f3 otros seis premios: Mejor Pel\u00edcula de Habla no Inglesa (le gan\u00f3 a Argentina, 1985), Mejor Director (Edward Berger), Mejor gui\u00f3n adaptado, Mejor Fotograf\u00eda y Mejor banda sonora original.<\/p>\n<div class=\"sharedaddy sd-sharing-enabled\"><div class=\"robots-nocontent sd-block sd-social sd-social-icon sd-sharing\"><h3 class=\"sd-title\">Comparte esto:<\/h3><div class=\"sd-content\"><ul><li class=\"share-twitter\"><a rel=\"nofollow noopener noreferrer\" data-shared=\"sharing-twitter-35888\" class=\"share-twitter sd-button share-icon no-text\" href=\"http:\/\/www.rtvnoticias.com.ar\/?p=35888&amp;share=twitter\" target=\"_blank\" title=\"Haz clic para compartir en Twitter\"><span><\/span><span class=\"sharing-screen-reader-text\">Haz clic para compartir en Twitter (Se abre en una ventana nueva)<\/span><\/a><\/li><li class=\"share-facebook\"><a rel=\"nofollow noopener noreferrer\" data-shared=\"sharing-facebook-35888\" class=\"share-facebook sd-button share-icon no-text\" href=\"http:\/\/www.rtvnoticias.com.ar\/?p=35888&amp;share=facebook\" target=\"_blank\" title=\"Haz clic para compartir en Facebook\"><span><\/span><span class=\"sharing-screen-reader-text\">Haz clic para compartir en Facebook (Se abre en una ventana nueva)<\/span><\/a><\/li><li class=\"share-jetpack-whatsapp\"><a rel=\"nofollow noopener noreferrer\" data-shared=\"\" class=\"share-jetpack-whatsapp sd-button share-icon no-text\" href=\"http:\/\/www.rtvnoticias.com.ar\/?p=35888&amp;share=jetpack-whatsapp\" target=\"_blank\" title=\"Haz clic para compartir en WhatsApp\"><span><\/span><span class=\"sharing-screen-reader-text\">Haz clic para compartir en WhatsApp (Se abre en una ventana nueva)<\/span><\/a><\/li><li class=\"share-telegram\"><a rel=\"nofollow noopener noreferrer\" data-shared=\"\" class=\"share-telegram sd-button share-icon no-text\" href=\"http:\/\/www.rtvnoticias.com.ar\/?p=35888&amp;share=telegram\" target=\"_blank\" title=\"Haz clic para compartir en Telegram\"><span><\/span><span class=\"sharing-screen-reader-text\">Haz clic para compartir en Telegram (Se abre en una ventana nueva)<\/span><\/a><\/li><li class=\"share-end\"><\/li><\/ul><\/div><\/div><\/div>","protected":false},"excerpt":{"rendered":"<p>El filme alem\u00e1n \u00abSin novedad en el frente\u00bb (All Quiet on the Western Front), dirigido por Edward Berger, gan\u00f3 el Oscar como Mejor Pel\u00edcula Internacional<\/p>\n<div class=\"sharedaddy sd-sharing-enabled\"><div class=\"robots-nocontent sd-block sd-social sd-social-icon sd-sharing\"><h3 class=\"sd-title\">Comparte esto:<\/h3><div class=\"sd-content\"><ul><li class=\"share-twitter\"><a rel=\"nofollow noopener noreferrer\" data-shared=\"sharing-twitter-35888\" class=\"share-twitter sd-button share-icon no-text\" href=\"http:\/\/www.rtvnoticias.com.ar\/?p=35888&amp;share=twitter\" target=\"_blank\" title=\"Haz clic para compartir en Twitter\"><span><\/span><span class=\"sharing-screen-reader-text\">Haz clic para compartir en Twitter (Se abre en una ventana nueva)<\/span><\/a><\/li><li class=\"share-facebook\"><a rel=\"nofollow noopener noreferrer\" data-shared=\"sharing-facebook-35888\" class=\"share-facebook sd-button share-icon no-text\" href=\"http:\/\/www.rtvnoticias.com.ar\/?p=35888&amp;share=facebook\" target=\"_blank\" title=\"Haz clic para compartir en Facebook\"><span><\/span><span class=\"sharing-screen-reader-text\">Haz clic para compartir en Facebook (Se abre en una ventana nueva)<\/span><\/a><\/li><li class=\"share-jetpack-whatsapp\"><a rel=\"nofollow noopener noreferrer\" data-shared=\"\" class=\"share-jetpack-whatsapp sd-button share-icon no-text\" href=\"http:\/\/www.rtvnoticias.com.ar\/?p=35888&amp;share=jetpack-whatsapp\" target=\"_blank\" title=\"Haz clic para compartir en WhatsApp\"><span><\/span><span class=\"sharing-screen-reader-text\">Haz clic para compartir en WhatsApp (Se abre en una ventana nueva)<\/span><\/a><\/li><li class=\"share-telegram\"><a rel=\"nofollow noopener noreferrer\" data-shared=\"\" class=\"share-telegram sd-button share-icon no-text\" href=\"http:\/\/www.rtvnoticias.com.ar\/?p=35888&amp;share=telegram\" target=\"_blank\" title=\"Haz clic para compartir en Telegram\"><span><\/span><span class=\"sharing-screen-reader-text\">Haz clic para compartir en Telegram (Se abre en una ventana nueva)<\/span><\/a><\/li><li class=\"share-end\"><\/li><\/ul><\/div><\/div><\/div>","protected":false},"author":7,"featured_media":35889,"comment_status":"closed","ping_status":"closed","sticky":false,"template":"","format":"standard","meta":{"spay_email":"","jetpack_publicize_message":"","jetpack_is_tweetstorm":false,"jetpack_publicize_feature_enabled":true},"categories":[7],"tags":[],"jetpack_featured_media_url":"http:\/\/www.rtvnoticias.com.ar\/wp-content\/uploads\/2023\/03\/oscar2023.jpg","jetpack_publicize_connections":[],"jetpack_sharing_enabled":true,"_links":{"self":[{"href":"http:\/\/www.rtvnoticias.com.ar\/index.php?rest_route=\/wp\/v2\/posts\/35888"}],"collection":[{"href":"http:\/\/www.rtvnoticias.com.ar\/index.php?rest_route=\/wp\/v2\/posts"}],"about":[{"href":"http:\/\/www.rtvnoticias.com.ar\/index.php?rest_route=\/wp\/v2\/types\/post"}],"author":[{"embeddable":true,"href":"http:\/\/www.rtvnoticias.com.ar\/index.php?rest_route=\/wp\/v2\/users\/7"}],"replies":[{"embeddable":true,"href":"http:\/\/www.rtvnoticias.com.ar\/index.php?rest_route=%2Fwp%2Fv2%2Fcomments&post=35888"}],"version-history":[{"count":1,"href":"http:\/\/www.rtvnoticias.com.ar\/index.php?rest_route=\/wp\/v2\/posts\/35888\/revisions"}],"predecessor-version":[{"id":35890,"href":"http:\/\/www.rtvnoticias.com.ar\/index.php?rest_route=\/wp\/v2\/posts\/35888\/revisions\/35890"}],"wp:featuredmedia":[{"embeddable":true,"href":"http:\/\/www.rtvnoticias.com.ar\/index.php?rest_route=\/wp\/v2\/media\/35889"}],"wp:attachment":[{"href":"http:\/\/www.rtvnoticias.com.ar\/index.php?rest_route=%2Fwp%2Fv2%2Fmedia&parent=35888"}],"wp:term":[{"taxonomy":"category","embeddable":true,"href":"http:\/\/www.rtvnoticias.com.ar\/index.php?rest_route=%2Fwp%2Fv2%2Fcategories&post=35888"},{"taxonomy":"post_tag","embeddable":true,"href":"http:\/\/www.rtvnoticias.com.ar\/index.php?rest_route=%2Fwp%2Fv2%2Ftags&post=35888"}],"curies":[{"name":"wp","href":"https:\/\/api.w.org\/{rel}","templated":true}]}}