{"id":35891,"date":"2023-03-13T11:04:27","date_gmt":"2023-03-13T14:04:27","guid":{"rendered":"http:\/\/www.rtvnoticias.com.ar\/?p=35891"},"modified":"2023-03-13T11:04:29","modified_gmt":"2023-03-13T14:04:29","slug":"de-alberto-cristina-larreta-y-otros-una-carta-para-el-papa-demuestra-que-es-posible-cerrar-la-grieta","status":"publish","type":"post","link":"http:\/\/www.rtvnoticias.com.ar\/?p=35891","title":{"rendered":"De Alberto, Cristina, Larreta y otros: una carta para el Papa, demuestra que es posible cerrar la grieta"},"content":{"rendered":"\n<p>Una carta dirigida al Papa Francisco en el d\u00e9cimo aniversario de su papado fue firmada y enviada por personalidades de distintos estamentos de la dirigencia pol\u00edtica, sindical, rectores de universidades y referentes de \u00e1mbitos culturales y deportivos, a tal punto que significa la primera muestra de que se puede dejar de lado la grieta pol\u00edtica, las peleas, los enfrentamientos, en pos de un mismo objetivo en el que todos estuvieron de acuerdo.<\/p>\n\n\n\n<p>De esa forma estamparon su firma al mismo documento conjunto,\u00a0el Presidente de la Naci\u00f3n,\u00a0Alberto Fern\u00e1ndez;\u00a0la vicepresidenta\u00a0Cristina Kirchner; el jefe de Gobierno de la Ciudad de Buenos Aires,\u00a0Horacio Rodr\u00edguez Larreta;\u00a0gobernadores, ministros nacionales, ministros provinciales, y funcionarios del Gobierno de la Ciudad de Buenos Aires, referentes sindicales de la CGT, la CTA Aut\u00f3noma y CTA de los Trabajadores; los principales dirigentes de movimientos sociales, rectores de universidades y referentes del \u00e1mbito cultural y deportivo<\/p>\n\n\n\n<p>La carta al\u00a0Papa Francisco\u00a0le agradecen\u00a0por \u201csu obra a favor de la Humanidad, en particular de las personas excluidas y pueblos pobres\u201d.<\/p>\n\n\n\n<p>Aqu\u00ed el texto completo:<\/p>\n\n\n\n<p>.<em>Querido Papa Francisco:<\/em><\/p>\n\n\n\n<p><em>En este d\u00e9cimo aniversario de tu pontificado, nosotros, argentinos y argentinas de distintos \u00e1mbitos de la vida p\u00fablica, de diferentes procedencias religiosas, pol\u00edticas e ideol\u00f3gicas, queremos manifestar nuestra admiraci\u00f3n y cercan\u00eda por tu obra a favor de la Humanidad, en particular de las personas excluidas y pueblos pobres, tu firme defensa de la paz mundial y tu permanente promoci\u00f3n de una Ecolog\u00eda Integral que permita escuchar el grito de la Madre Tierra y del Ser Humano frente a las situaciones destructivas que atentan contra los pueblos y la naturaleza.<\/em><\/p>\n\n\n\n<p><em>Los argentinos y las argentinas te queremos mucho. Valoramos enormemente tu tenaz trabajo por la paz, la justicia y el desarrollo humano integral en todo el mundo. Sabemos las resistencias que genera tu labor entre quienes pueden ver afectados intereses que no son leg\u00edtimos. Aunque deseamos y ansiamos tu visita, confiamos en tu sabidur\u00eda para decir el s\u00ed y eventualmente el cu\u00e1ndo.<\/em><\/p>\n\n\n\n<p><em>Gracias por lo que has hecho y hac\u00e9s.<\/em><\/p>\n\n\n\n<p><em>Los que tenemos fe, rezamos por vos; los dem\u00e1s, te acompa\u00f1amos con cari\u00f1o y confianza.<\/em><\/p>\n<div class=\"sharedaddy sd-sharing-enabled\"><div class=\"robots-nocontent sd-block sd-social sd-social-icon sd-sharing\"><h3 class=\"sd-title\">Comparte esto:<\/h3><div class=\"sd-content\"><ul><li class=\"share-twitter\"><a rel=\"nofollow noopener noreferrer\" data-shared=\"sharing-twitter-35891\" class=\"share-twitter sd-button share-icon no-text\" href=\"http:\/\/www.rtvnoticias.com.ar\/?p=35891&amp;share=twitter\" target=\"_blank\" title=\"Haz clic para compartir en Twitter\"><span><\/span><span class=\"sharing-screen-reader-text\">Haz clic para compartir en Twitter (Se abre en una ventana nueva)<\/span><\/a><\/li><li class=\"share-facebook\"><a rel=\"nofollow noopener noreferrer\" data-shared=\"sharing-facebook-35891\" class=\"share-facebook sd-button share-icon no-text\" href=\"http:\/\/www.rtvnoticias.com.ar\/?p=35891&amp;share=facebook\" target=\"_blank\" title=\"Haz clic para compartir en Facebook\"><span><\/span><span class=\"sharing-screen-reader-text\">Haz clic para compartir en Facebook (Se abre en una ventana nueva)<\/span><\/a><\/li><li class=\"share-jetpack-whatsapp\"><a rel=\"nofollow noopener noreferrer\" data-shared=\"\" class=\"share-jetpack-whatsapp sd-button share-icon no-text\" href=\"http:\/\/www.rtvnoticias.com.ar\/?p=35891&amp;share=jetpack-whatsapp\" target=\"_blank\" title=\"Haz clic para compartir en WhatsApp\"><span><\/span><span class=\"sharing-screen-reader-text\">Haz clic para compartir en WhatsApp (Se abre en una ventana nueva)<\/span><\/a><\/li><li class=\"share-telegram\"><a rel=\"nofollow noopener noreferrer\" data-shared=\"\" class=\"share-telegram sd-button share-icon no-text\" href=\"http:\/\/www.rtvnoticias.com.ar\/?p=35891&amp;share=telegram\" target=\"_blank\" title=\"Haz clic para compartir en Telegram\"><span><\/span><span class=\"sharing-screen-reader-text\">Haz clic para compartir en Telegram (Se abre en una ventana nueva)<\/span><\/a><\/li><li class=\"share-end\"><\/li><\/ul><\/div><\/div><\/div>","protected":false},"excerpt":{"rendered":"<p>Una carta dirigida al Papa Francisco en el d\u00e9cimo aniversario de su papado fue firmada y enviada por personalidades de distintos estamentos de la dirigencia<\/p>\n<div class=\"sharedaddy sd-sharing-enabled\"><div class=\"robots-nocontent sd-block sd-social sd-social-icon sd-sharing\"><h3 class=\"sd-title\">Comparte esto:<\/h3><div class=\"sd-content\"><ul><li class=\"share-twitter\"><a rel=\"nofollow noopener noreferrer\" data-shared=\"sharing-twitter-35891\" class=\"share-twitter sd-button share-icon no-text\" href=\"http:\/\/www.rtvnoticias.com.ar\/?p=35891&amp;share=twitter\" target=\"_blank\" title=\"Haz clic para compartir en Twitter\"><span><\/span><span class=\"sharing-screen-reader-text\">Haz clic para compartir en Twitter (Se abre en una ventana nueva)<\/span><\/a><\/li><li class=\"share-facebook\"><a rel=\"nofollow noopener noreferrer\" data-shared=\"sharing-facebook-35891\" class=\"share-facebook sd-button share-icon no-text\" href=\"http:\/\/www.rtvnoticias.com.ar\/?p=35891&amp;share=facebook\" target=\"_blank\" title=\"Haz clic para compartir en Facebook\"><span><\/span><span class=\"sharing-screen-reader-text\">Haz clic para compartir en Facebook (Se abre en una ventana nueva)<\/span><\/a><\/li><li class=\"share-jetpack-whatsapp\"><a rel=\"nofollow noopener noreferrer\" data-shared=\"\" class=\"share-jetpack-whatsapp sd-button share-icon no-text\" href=\"http:\/\/www.rtvnoticias.com.ar\/?p=35891&amp;share=jetpack-whatsapp\" target=\"_blank\" title=\"Haz clic para compartir en WhatsApp\"><span><\/span><span class=\"sharing-screen-reader-text\">Haz clic para compartir en WhatsApp (Se abre en una ventana nueva)<\/span><\/a><\/li><li class=\"share-telegram\"><a rel=\"nofollow noopener noreferrer\" data-shared=\"\" class=\"share-telegram sd-button share-icon no-text\" href=\"http:\/\/www.rtvnoticias.com.ar\/?p=35891&amp;share=telegram\" target=\"_blank\" title=\"Haz clic para compartir en Telegram\"><span><\/span><span class=\"sharing-screen-reader-text\">Haz clic para compartir en Telegram (Se abre en una ventana nueva)<\/span><\/a><\/li><li class=\"share-end\"><\/li><\/ul><\/div><\/div><\/div>","protected":false},"author":7,"featured_media":35892,"comment_status":"closed","ping_status":"closed","sticky":false,"template":"","format":"standard","meta":{"spay_email":"","jetpack_publicize_message":"","jetpack_is_tweetstorm":false,"jetpack_publicize_feature_enabled":true},"categories":[7],"tags":[],"jetpack_featured_media_url":"http:\/\/www.rtvnoticias.com.ar\/wp-content\/uploads\/2023\/03\/papa-francisco.jpg","jetpack_publicize_connections":[],"jetpack_sharing_enabled":true,"_links":{"self":[{"href":"http:\/\/www.rtvnoticias.com.ar\/index.php?rest_route=\/wp\/v2\/posts\/35891"}],"collection":[{"href":"http:\/\/www.rtvnoticias.com.ar\/index.php?rest_route=\/wp\/v2\/posts"}],"about":[{"href":"http:\/\/www.rtvnoticias.com.ar\/index.php?rest_route=\/wp\/v2\/types\/post"}],"author":[{"embeddable":true,"href":"http:\/\/www.rtvnoticias.com.ar\/index.php?rest_route=\/wp\/v2\/users\/7"}],"replies":[{"embeddable":true,"href":"http:\/\/www.rtvnoticias.com.ar\/index.php?rest_route=%2Fwp%2Fv2%2Fcomments&post=35891"}],"version-history":[{"count":1,"href":"http:\/\/www.rtvnoticias.com.ar\/index.php?rest_route=\/wp\/v2\/posts\/35891\/revisions"}],"predecessor-version":[{"id":35893,"href":"http:\/\/www.rtvnoticias.com.ar\/index.php?rest_route=\/wp\/v2\/posts\/35891\/revisions\/35893"}],"wp:featuredmedia":[{"embeddable":true,"href":"http:\/\/www.rtvnoticias.com.ar\/index.php?rest_route=\/wp\/v2\/media\/35892"}],"wp:attachment":[{"href":"http:\/\/www.rtvnoticias.com.ar\/index.php?rest_route=%2Fwp%2Fv2%2Fmedia&parent=35891"}],"wp:term":[{"taxonomy":"category","embeddable":true,"href":"http:\/\/www.rtvnoticias.com.ar\/index.php?rest_route=%2Fwp%2Fv2%2Fcategories&post=35891"},{"taxonomy":"post_tag","embeddable":true,"href":"http:\/\/www.rtvnoticias.com.ar\/index.php?rest_route=%2Fwp%2Fv2%2Ftags&post=35891"}],"curies":[{"name":"wp","href":"https:\/\/api.w.org\/{rel}","templated":true}]}}