{"id":35894,"date":"2023-03-13T11:19:10","date_gmt":"2023-03-13T14:19:10","guid":{"rendered":"http:\/\/www.rtvnoticias.com.ar\/?p=35894"},"modified":"2023-03-13T11:19:13","modified_gmt":"2023-03-13T14:19:13","slug":"el-gobierno-convoco-al-consejo-del-salario-para-el-21-de-marzo","status":"publish","type":"post","link":"http:\/\/www.rtvnoticias.com.ar\/?p=35894","title":{"rendered":"El Gobierno convoc\u00f3 al Consejo del Salario para el 21 de marzo"},"content":{"rendered":"\n<p>El Gobierno convoc\u00f3 para el pr\u00f3ximo martes 21 de marzo al Consejo del Salario M\u00ednimo Vital y M\u00f3vil (SMVM) para discutir las nuevas remuneraciones de base para todos los trabajadores formales y cuyo valor adem\u00e1s sirve para actualizaci\u00f3n de otros \u00edndices de ajustes, entre ellos los de planes sociales.<\/p>\n\n\n\n<p>El llamado se oficializ\u00f3 a trav\u00e9s de la publicaci\u00f3n en el Bolet\u00edn Oficial de la Resoluci\u00f3n 1\/2023 del Ministerio de Trabajo.<\/p>\n\n\n\n<p>La discusi\u00f3n se dar\u00e1 en un marco de aceleraci\u00f3n inflacionaria y luego de conocerse la tasa de variaci\u00f3n de precios de febrero, que elevar\u00eda el resultado del primer bimestre al 12%.<\/p>\n\n\n\n<p>La \u00faltima reuni\u00f3n del Consejo fue en noviembre del a\u00f1o pasado y hab\u00eda fijado un SMVM de $61.953 desde el 1\u00b0 diciembre, que pasar\u00eda a $65.427 a partir del 1\u00b0 de enero, a $67.743 desde el 1\u00b0 de febrero y a $69.500 en marzo.<\/p>\n\n\n\n<p>De esta forma, entre enero y abril de este a\u00f1o los trabajadores percibir\u00e1n en sus bolsillos (el valor desde el 1\u00b0 de diciembre se cobran en enero y as\u00ed sucesivamente) una mejora del 13%, que es similar a la de inflaci\u00f3n del primer bimestre.<\/p>\n\n\n\n<p>De esta forma, cuando se sienten a negociar c\u00e1maras empresarias y representantes del sindicalismo los ajustes salariales convenidos para cuatro meses ya habr\u00edan quedado superados por la inflaci\u00f3n.<\/p>\n\n\n\n<p>Por consiguiente habr\u00e1 que ver c\u00f3mo se desarrolla la discusi\u00f3n en momentos en que desde el Ministerio de Econom\u00eda se busca que los ajustes salariales sean acotados y alineados a los ajustes del orden del 4% que se acord\u00f3 en los programas de precios que alent\u00f3 la Secretar\u00eda de Comercio.<\/p>\n\n\n\n<p>Debido a la inflaci\u00f3n que ya est\u00e1 superando el 100%, Argentina tiene el segundo SMVM m\u00e1s bajo de la regi\u00f3n s\u00f3lo por delante de Venezuela.<\/p>\n\n\n\n<p>Medido en d\u00f3lares, el SMVM en la Argentina es del orden de los US$185 d\u00f3lares.<\/p>\n<div class=\"sharedaddy sd-sharing-enabled\"><div class=\"robots-nocontent sd-block sd-social sd-social-icon sd-sharing\"><h3 class=\"sd-title\">Comparte esto:<\/h3><div class=\"sd-content\"><ul><li class=\"share-twitter\"><a rel=\"nofollow noopener noreferrer\" data-shared=\"sharing-twitter-35894\" class=\"share-twitter sd-button share-icon no-text\" href=\"http:\/\/www.rtvnoticias.com.ar\/?p=35894&amp;share=twitter\" target=\"_blank\" title=\"Haz clic para compartir en Twitter\"><span><\/span><span class=\"sharing-screen-reader-text\">Haz clic para compartir en Twitter (Se abre en una ventana nueva)<\/span><\/a><\/li><li class=\"share-facebook\"><a rel=\"nofollow noopener noreferrer\" data-shared=\"sharing-facebook-35894\" class=\"share-facebook sd-button share-icon no-text\" href=\"http:\/\/www.rtvnoticias.com.ar\/?p=35894&amp;share=facebook\" target=\"_blank\" title=\"Haz clic para compartir en Facebook\"><span><\/span><span class=\"sharing-screen-reader-text\">Haz clic para compartir en Facebook (Se abre en una ventana nueva)<\/span><\/a><\/li><li class=\"share-jetpack-whatsapp\"><a rel=\"nofollow noopener noreferrer\" data-shared=\"\" class=\"share-jetpack-whatsapp sd-button share-icon no-text\" href=\"http:\/\/www.rtvnoticias.com.ar\/?p=35894&amp;share=jetpack-whatsapp\" target=\"_blank\" title=\"Haz clic para compartir en WhatsApp\"><span><\/span><span class=\"sharing-screen-reader-text\">Haz clic para compartir en WhatsApp (Se abre en una ventana nueva)<\/span><\/a><\/li><li class=\"share-telegram\"><a rel=\"nofollow noopener noreferrer\" data-shared=\"\" class=\"share-telegram sd-button share-icon no-text\" href=\"http:\/\/www.rtvnoticias.com.ar\/?p=35894&amp;share=telegram\" target=\"_blank\" title=\"Haz clic para compartir en Telegram\"><span><\/span><span class=\"sharing-screen-reader-text\">Haz clic para compartir en Telegram (Se abre en una ventana nueva)<\/span><\/a><\/li><li class=\"share-end\"><\/li><\/ul><\/div><\/div><\/div>","protected":false},"excerpt":{"rendered":"<p>El Gobierno convoc\u00f3 para el pr\u00f3ximo martes 21 de marzo al Consejo del Salario M\u00ednimo Vital y M\u00f3vil (SMVM) para discutir las nuevas remuneraciones de<\/p>\n<div class=\"sharedaddy sd-sharing-enabled\"><div class=\"robots-nocontent sd-block sd-social sd-social-icon sd-sharing\"><h3 class=\"sd-title\">Comparte esto:<\/h3><div class=\"sd-content\"><ul><li class=\"share-twitter\"><a rel=\"nofollow noopener noreferrer\" data-shared=\"sharing-twitter-35894\" class=\"share-twitter sd-button share-icon no-text\" href=\"http:\/\/www.rtvnoticias.com.ar\/?p=35894&amp;share=twitter\" target=\"_blank\" title=\"Haz clic para compartir en Twitter\"><span><\/span><span class=\"sharing-screen-reader-text\">Haz clic para compartir en Twitter (Se abre en una ventana nueva)<\/span><\/a><\/li><li class=\"share-facebook\"><a rel=\"nofollow noopener noreferrer\" data-shared=\"sharing-facebook-35894\" class=\"share-facebook sd-button share-icon no-text\" href=\"http:\/\/www.rtvnoticias.com.ar\/?p=35894&amp;share=facebook\" target=\"_blank\" title=\"Haz clic para compartir en Facebook\"><span><\/span><span class=\"sharing-screen-reader-text\">Haz clic para compartir en Facebook (Se abre en una ventana nueva)<\/span><\/a><\/li><li class=\"share-jetpack-whatsapp\"><a rel=\"nofollow noopener noreferrer\" data-shared=\"\" class=\"share-jetpack-whatsapp sd-button share-icon no-text\" href=\"http:\/\/www.rtvnoticias.com.ar\/?p=35894&amp;share=jetpack-whatsapp\" target=\"_blank\" title=\"Haz clic para compartir en WhatsApp\"><span><\/span><span class=\"sharing-screen-reader-text\">Haz clic para compartir en WhatsApp (Se abre en una ventana nueva)<\/span><\/a><\/li><li class=\"share-telegram\"><a rel=\"nofollow noopener noreferrer\" data-shared=\"\" class=\"share-telegram sd-button share-icon no-text\" href=\"http:\/\/www.rtvnoticias.com.ar\/?p=35894&amp;share=telegram\" target=\"_blank\" title=\"Haz clic para compartir en Telegram\"><span><\/span><span class=\"sharing-screen-reader-text\">Haz clic para compartir en Telegram (Se abre en una ventana nueva)<\/span><\/a><\/li><li class=\"share-end\"><\/li><\/ul><\/div><\/div><\/div>","protected":false},"author":7,"featured_media":34607,"comment_status":"closed","ping_status":"closed","sticky":false,"template":"","format":"standard","meta":{"spay_email":"","jetpack_publicize_message":"","jetpack_is_tweetstorm":false,"jetpack_publicize_feature_enabled":true},"categories":[5],"tags":[],"jetpack_featured_media_url":"http:\/\/www.rtvnoticias.com.ar\/wp-content\/uploads\/2022\/11\/kelly-olmos-1.jpg","jetpack_publicize_connections":[],"jetpack_sharing_enabled":true,"_links":{"self":[{"href":"http:\/\/www.rtvnoticias.com.ar\/index.php?rest_route=\/wp\/v2\/posts\/35894"}],"collection":[{"href":"http:\/\/www.rtvnoticias.com.ar\/index.php?rest_route=\/wp\/v2\/posts"}],"about":[{"href":"http:\/\/www.rtvnoticias.com.ar\/index.php?rest_route=\/wp\/v2\/types\/post"}],"author":[{"embeddable":true,"href":"http:\/\/www.rtvnoticias.com.ar\/index.php?rest_route=\/wp\/v2\/users\/7"}],"replies":[{"embeddable":true,"href":"http:\/\/www.rtvnoticias.com.ar\/index.php?rest_route=%2Fwp%2Fv2%2Fcomments&post=35894"}],"version-history":[{"count":1,"href":"http:\/\/www.rtvnoticias.com.ar\/index.php?rest_route=\/wp\/v2\/posts\/35894\/revisions"}],"predecessor-version":[{"id":35895,"href":"http:\/\/www.rtvnoticias.com.ar\/index.php?rest_route=\/wp\/v2\/posts\/35894\/revisions\/35895"}],"wp:featuredmedia":[{"embeddable":true,"href":"http:\/\/www.rtvnoticias.com.ar\/index.php?rest_route=\/wp\/v2\/media\/34607"}],"wp:attachment":[{"href":"http:\/\/www.rtvnoticias.com.ar\/index.php?rest_route=%2Fwp%2Fv2%2Fmedia&parent=35894"}],"wp:term":[{"taxonomy":"category","embeddable":true,"href":"http:\/\/www.rtvnoticias.com.ar\/index.php?rest_route=%2Fwp%2Fv2%2Fcategories&post=35894"},{"taxonomy":"post_tag","embeddable":true,"href":"http:\/\/www.rtvnoticias.com.ar\/index.php?rest_route=%2Fwp%2Fv2%2Ftags&post=35894"}],"curies":[{"name":"wp","href":"https:\/\/api.w.org\/{rel}","templated":true}]}}