{"id":35899,"date":"2023-03-13T12:28:06","date_gmt":"2023-03-13T15:28:06","guid":{"rendered":"http:\/\/www.rtvnoticias.com.ar\/?p=35899"},"modified":"2023-03-13T12:28:09","modified_gmt":"2023-03-13T15:28:09","slug":"un-joven-fue-asesinado-de-un-disparo-en-el-pecho","status":"publish","type":"post","link":"http:\/\/www.rtvnoticias.com.ar\/?p=35899","title":{"rendered":"Un joven fue asesinado de un disparo en el pecho"},"content":{"rendered":"\n<p>Un hombre de 29 a\u00f1os fue asesinado con un disparo de arma de fuego que le propin\u00f3 otro joven de 20 a\u00f1os. El episodio ocurri\u00f3 en la madrugada de hoy domingo en la ciudad de Macach\u00edn. El agresor se encuentra detenido.<\/p>\n\n\n\n<p>Fuentes policiales confirmaron a LA ARENA que una persona falleci\u00f3 a causa de un disparo de arma de fuego que le propin\u00f3 otro joven. El hecho sucedi\u00f3 cuando la v\u00edctima fue a buscar a sus hijos a la casa de su ex pareja, pero al llegar habr\u00eda comenzado una discusi\u00f3n con la mujer y la agredi\u00f3 f\u00edsicamente. El agresor lleg\u00f3 a meterse en el ambiente del comedor de la vivienda. Ante esta situaci\u00f3n, intervino un chico de 20 a\u00f1os, que ser\u00eda la actual pareja de la chica, y lograron sacar al hombre de 29 a\u00f1os de nuevo hacia la vereda.<\/p>\n\n\n\n<p>No obstante, el padre de los ni\u00f1os intent\u00f3 ingresar nuevamente a la casa por una ventana y fue en ese momento que el otro joven que se encontraba all\u00ed lo hiri\u00f3 con un disparo de arma de fuego. La persona herida fue llevada por una vecina en su auto particular hacia el hospital local \u00abHeraclio Luna\u00bb. Los voceros consultados indicaron que pocos minutos despu\u00e9s, desde el nosocomio, informaron sobre el deceso del herido.<\/p>\n\n\n\n<p>El hecho ocurri\u00f3 en los primeros minutos de hoy domingo, en una vivienda ubicada en calle Clemant y pasaje Chaco. \u00abNosotros nos anoticiamos del episodio alrededor de las 00:25hs.\u00bb, detallaron los informantes, quienes confirmaron que el joven asesinado se llamaba Mart\u00edn Ignacio. En tanto que el atacante, de nombre Javier Herr\u00e1n, recibi\u00f3 60 d\u00edas de prisi\u00f3n preventiva.<\/p>\n\n\n\n<p>Ignacio pose\u00eda antecedentes policiales por haber cometido distintos delitos contra la propiedad y hab\u00eda cumplido una condena, luego de ser hallado culpable de violencia de g\u00e9nero.<\/p>\n\n\n\n<p>La Agencia de Investigaci\u00f3n Cient\u00edfica est\u00e1 realizando las diligencias correspondientes en el lugar del hecho. El caso est\u00e1 siendo investigado por la Fiscal\u00eda Tem\u00e1tica de Delitos contra las Personas, a cargo de Marcos Sacco.<\/p>\n<div class=\"sharedaddy sd-sharing-enabled\"><div class=\"robots-nocontent sd-block sd-social sd-social-icon sd-sharing\"><h3 class=\"sd-title\">Comparte esto:<\/h3><div class=\"sd-content\"><ul><li class=\"share-twitter\"><a rel=\"nofollow noopener noreferrer\" data-shared=\"sharing-twitter-35899\" class=\"share-twitter sd-button share-icon no-text\" href=\"http:\/\/www.rtvnoticias.com.ar\/?p=35899&amp;share=twitter\" target=\"_blank\" title=\"Haz clic para compartir en Twitter\"><span><\/span><span class=\"sharing-screen-reader-text\">Haz clic para compartir en Twitter (Se abre en una ventana nueva)<\/span><\/a><\/li><li class=\"share-facebook\"><a rel=\"nofollow noopener noreferrer\" data-shared=\"sharing-facebook-35899\" class=\"share-facebook sd-button share-icon no-text\" href=\"http:\/\/www.rtvnoticias.com.ar\/?p=35899&amp;share=facebook\" target=\"_blank\" title=\"Haz clic para compartir en Facebook\"><span><\/span><span class=\"sharing-screen-reader-text\">Haz clic para compartir en Facebook (Se abre en una ventana nueva)<\/span><\/a><\/li><li class=\"share-jetpack-whatsapp\"><a rel=\"nofollow noopener noreferrer\" data-shared=\"\" class=\"share-jetpack-whatsapp sd-button share-icon no-text\" href=\"http:\/\/www.rtvnoticias.com.ar\/?p=35899&amp;share=jetpack-whatsapp\" target=\"_blank\" title=\"Haz clic para compartir en WhatsApp\"><span><\/span><span class=\"sharing-screen-reader-text\">Haz clic para compartir en WhatsApp (Se abre en una ventana nueva)<\/span><\/a><\/li><li class=\"share-telegram\"><a rel=\"nofollow noopener noreferrer\" data-shared=\"\" class=\"share-telegram sd-button share-icon no-text\" href=\"http:\/\/www.rtvnoticias.com.ar\/?p=35899&amp;share=telegram\" target=\"_blank\" title=\"Haz clic para compartir en Telegram\"><span><\/span><span class=\"sharing-screen-reader-text\">Haz clic para compartir en Telegram (Se abre en una ventana nueva)<\/span><\/a><\/li><li class=\"share-end\"><\/li><\/ul><\/div><\/div><\/div>","protected":false},"excerpt":{"rendered":"<p>Un hombre de 29 a\u00f1os fue asesinado con un disparo de arma de fuego que le propin\u00f3 otro joven de 20 a\u00f1os. El episodio ocurri\u00f3<\/p>\n<div class=\"sharedaddy sd-sharing-enabled\"><div class=\"robots-nocontent sd-block sd-social sd-social-icon sd-sharing\"><h3 class=\"sd-title\">Comparte esto:<\/h3><div class=\"sd-content\"><ul><li class=\"share-twitter\"><a rel=\"nofollow noopener noreferrer\" data-shared=\"sharing-twitter-35899\" class=\"share-twitter sd-button share-icon no-text\" href=\"http:\/\/www.rtvnoticias.com.ar\/?p=35899&amp;share=twitter\" target=\"_blank\" title=\"Haz clic para compartir en Twitter\"><span><\/span><span class=\"sharing-screen-reader-text\">Haz clic para compartir en Twitter (Se abre en una ventana nueva)<\/span><\/a><\/li><li class=\"share-facebook\"><a rel=\"nofollow noopener noreferrer\" data-shared=\"sharing-facebook-35899\" class=\"share-facebook sd-button share-icon no-text\" href=\"http:\/\/www.rtvnoticias.com.ar\/?p=35899&amp;share=facebook\" target=\"_blank\" title=\"Haz clic para compartir en Facebook\"><span><\/span><span class=\"sharing-screen-reader-text\">Haz clic para compartir en Facebook (Se abre en una ventana nueva)<\/span><\/a><\/li><li class=\"share-jetpack-whatsapp\"><a rel=\"nofollow noopener noreferrer\" data-shared=\"\" class=\"share-jetpack-whatsapp sd-button share-icon no-text\" href=\"http:\/\/www.rtvnoticias.com.ar\/?p=35899&amp;share=jetpack-whatsapp\" target=\"_blank\" title=\"Haz clic para compartir en WhatsApp\"><span><\/span><span class=\"sharing-screen-reader-text\">Haz clic para compartir en WhatsApp (Se abre en una ventana nueva)<\/span><\/a><\/li><li class=\"share-telegram\"><a rel=\"nofollow noopener noreferrer\" data-shared=\"\" class=\"share-telegram sd-button share-icon no-text\" href=\"http:\/\/www.rtvnoticias.com.ar\/?p=35899&amp;share=telegram\" target=\"_blank\" title=\"Haz clic para compartir en Telegram\"><span><\/span><span class=\"sharing-screen-reader-text\">Haz clic para compartir en Telegram (Se abre en una ventana nueva)<\/span><\/a><\/li><li class=\"share-end\"><\/li><\/ul><\/div><\/div><\/div>","protected":false},"author":7,"featured_media":24241,"comment_status":"closed","ping_status":"closed","sticky":false,"template":"","format":"standard","meta":{"spay_email":"","jetpack_publicize_message":"","jetpack_is_tweetstorm":false,"jetpack_publicize_feature_enabled":true},"categories":[4],"tags":[],"jetpack_featured_media_url":"http:\/\/www.rtvnoticias.com.ar\/wp-content\/uploads\/2020\/11\/macachin.jpg","jetpack_publicize_connections":[],"jetpack_sharing_enabled":true,"_links":{"self":[{"href":"http:\/\/www.rtvnoticias.com.ar\/index.php?rest_route=\/wp\/v2\/posts\/35899"}],"collection":[{"href":"http:\/\/www.rtvnoticias.com.ar\/index.php?rest_route=\/wp\/v2\/posts"}],"about":[{"href":"http:\/\/www.rtvnoticias.com.ar\/index.php?rest_route=\/wp\/v2\/types\/post"}],"author":[{"embeddable":true,"href":"http:\/\/www.rtvnoticias.com.ar\/index.php?rest_route=\/wp\/v2\/users\/7"}],"replies":[{"embeddable":true,"href":"http:\/\/www.rtvnoticias.com.ar\/index.php?rest_route=%2Fwp%2Fv2%2Fcomments&post=35899"}],"version-history":[{"count":1,"href":"http:\/\/www.rtvnoticias.com.ar\/index.php?rest_route=\/wp\/v2\/posts\/35899\/revisions"}],"predecessor-version":[{"id":35900,"href":"http:\/\/www.rtvnoticias.com.ar\/index.php?rest_route=\/wp\/v2\/posts\/35899\/revisions\/35900"}],"wp:featuredmedia":[{"embeddable":true,"href":"http:\/\/www.rtvnoticias.com.ar\/index.php?rest_route=\/wp\/v2\/media\/24241"}],"wp:attachment":[{"href":"http:\/\/www.rtvnoticias.com.ar\/index.php?rest_route=%2Fwp%2Fv2%2Fmedia&parent=35899"}],"wp:term":[{"taxonomy":"category","embeddable":true,"href":"http:\/\/www.rtvnoticias.com.ar\/index.php?rest_route=%2Fwp%2Fv2%2Fcategories&post=35899"},{"taxonomy":"post_tag","embeddable":true,"href":"http:\/\/www.rtvnoticias.com.ar\/index.php?rest_route=%2Fwp%2Fv2%2Ftags&post=35899"}],"curies":[{"name":"wp","href":"https:\/\/api.w.org\/{rel}","templated":true}]}}