{"id":35905,"date":"2023-03-14T10:57:29","date_gmt":"2023-03-14T13:57:29","guid":{"rendered":"http:\/\/www.rtvnoticias.com.ar\/?p=35905"},"modified":"2023-03-14T10:57:32","modified_gmt":"2023-03-14T13:57:32","slug":"la-campora-voten-lo-que-voten-los-argentinos-la-economia-la-maneja-el-fondo","status":"publish","type":"post","link":"http:\/\/www.rtvnoticias.com.ar\/?p=35905","title":{"rendered":"La C\u00e1mpora: \u00abVoten lo que voten los argentinos, la econom\u00eda la maneja el Fondo\u00bb"},"content":{"rendered":"\n<p>La C\u00e1mpora, que lidera M\u00e1ximo Kirchner, apunt\u00f3 duro contra el Fondo Monetario Internacional (FMI) luego de los cambios en el acuerdo con el pa\u00eds y se quej\u00f3 de que el organismo internacional \u00abdecide\u00bb la econom\u00eda de la Argentina.<\/p>\n\n\n\n<p>\u00abQue los argentinos y las argentinas voten lo que quieran, pero la econom\u00eda del pa\u00eds la decide el FMI: eso es lo que deja en claro el Comunicado de hoy. \u00bfLa democracia? Bien, gracias\u00bb, cuestion\u00f3 la agrupaci\u00f3n.<\/p>\n\n\n\n<p>En un mensaje publicado en sus redes sociales, La C\u00e1mpora continu\u00f3: \u00abY si los argentinos y las argentinas votan a alguien que se les anime, no se hacen mucho problema. Cuentan con el partido judicial, con los grandes medios de comunicaci\u00f3n y con la cobard\u00eda de una parte de la dirigencia argentina que genera las condiciones para que la desobediencia al poder real se pague cara. Ya sucedi\u00f3 en Argentina: con el Golpe de \u00b4la fusiladora\u00b4 en el \u201955, el exilio de Per\u00f3n, la proscripci\u00f3n durante 18 a\u00f1os del peronismo, el genocidio de la Dictadura C\u00edvico Militar iniciada el 24 de marzo de 1976\u00bb.<\/p>\n\n\n\n<p>\u00abAhora vuelven a intentar suprimir al peronismo en democracia: atentando contra la vida de la Vicepresidenta, o con una sentencia de la mafia judicial, dictada por Magnetto y avalada por Rosatti. Vamos a seguir hablando de este tema -como lo hemos hecho desde el primer d\u00eda- porque cada revisi\u00f3n servir\u00e1 para dejar m\u00e1s en claro cu\u00e1l es el mensaje: vienen por nuestros recursos y por el futuro de nuestra gente. La historia del Fondo Monetario Internacional siempre es la misma en nuestro pa\u00eds, con deflaci\u00f3n -como le pas\u00f3 a de la R\u00faa- o con inflaci\u00f3n: garantizar la p\u00e9rdida de soberan\u00eda\u00bb, agreg\u00f3 la organizaci\u00f3n.<\/p>\n\n\n\n<p>El enojo de La C\u00e1mpora se basa en el comunicado del FMI que critic\u00f3 la pr\u00f3rroga de la moratoria previsional votada por el Congreso la semana pasada.<\/p>\n\n\n\n<p>\u00abDice el Fondo en el Comunicado de Prensa del d\u00eda de hoy titulado: \u00b4El personal t\u00e9cnico del FMI y las autoridades argentinas llegan a un acuerdo a nivel de personal t\u00e9cnico sobre la cuarta revisi\u00f3n en el marco del acuerdo del Servicio Ampliado del Fondo\u00b4 que \u00b4se tomar\u00e1n medidas tempranas y decididas para abordar de manera sostenible los costos fiscales de la aprobaci\u00f3n imprevista de la moratoria de pensiones para asegurar los objetivos fiscales para este a\u00f1o y los pr\u00f3ximos\u00b4\u201d, enfatiz\u00f3 la agrupaci\u00f3n.<\/p>\n\n\n\n<p>Este lunes, se anunciaron nuevas condiciones al acuerdo entre el organismo internacional y la Argentina, en medio de la cuarta revisi\u00f3n.<\/p>\n<div class=\"sharedaddy sd-sharing-enabled\"><div class=\"robots-nocontent sd-block sd-social sd-social-icon sd-sharing\"><h3 class=\"sd-title\">Comparte esto:<\/h3><div class=\"sd-content\"><ul><li class=\"share-twitter\"><a rel=\"nofollow noopener noreferrer\" data-shared=\"sharing-twitter-35905\" class=\"share-twitter sd-button share-icon no-text\" href=\"http:\/\/www.rtvnoticias.com.ar\/?p=35905&amp;share=twitter\" target=\"_blank\" title=\"Haz clic para compartir en Twitter\"><span><\/span><span class=\"sharing-screen-reader-text\">Haz clic para compartir en Twitter (Se abre en una ventana nueva)<\/span><\/a><\/li><li class=\"share-facebook\"><a rel=\"nofollow noopener noreferrer\" data-shared=\"sharing-facebook-35905\" class=\"share-facebook sd-button share-icon no-text\" href=\"http:\/\/www.rtvnoticias.com.ar\/?p=35905&amp;share=facebook\" target=\"_blank\" title=\"Haz clic para compartir en Facebook\"><span><\/span><span class=\"sharing-screen-reader-text\">Haz clic para compartir en Facebook (Se abre en una ventana nueva)<\/span><\/a><\/li><li class=\"share-jetpack-whatsapp\"><a rel=\"nofollow noopener noreferrer\" data-shared=\"\" class=\"share-jetpack-whatsapp sd-button share-icon no-text\" href=\"http:\/\/www.rtvnoticias.com.ar\/?p=35905&amp;share=jetpack-whatsapp\" target=\"_blank\" title=\"Haz clic para compartir en WhatsApp\"><span><\/span><span class=\"sharing-screen-reader-text\">Haz clic para compartir en WhatsApp (Se abre en una ventana nueva)<\/span><\/a><\/li><li class=\"share-telegram\"><a rel=\"nofollow noopener noreferrer\" data-shared=\"\" class=\"share-telegram sd-button share-icon no-text\" href=\"http:\/\/www.rtvnoticias.com.ar\/?p=35905&amp;share=telegram\" target=\"_blank\" title=\"Haz clic para compartir en Telegram\"><span><\/span><span class=\"sharing-screen-reader-text\">Haz clic para compartir en Telegram (Se abre en una ventana nueva)<\/span><\/a><\/li><li class=\"share-end\"><\/li><\/ul><\/div><\/div><\/div>","protected":false},"excerpt":{"rendered":"<p>La C\u00e1mpora, que lidera M\u00e1ximo Kirchner, apunt\u00f3 duro contra el Fondo Monetario Internacional (FMI) luego de los cambios en el acuerdo con el pa\u00eds y<\/p>\n<div class=\"sharedaddy sd-sharing-enabled\"><div class=\"robots-nocontent sd-block sd-social sd-social-icon sd-sharing\"><h3 class=\"sd-title\">Comparte esto:<\/h3><div class=\"sd-content\"><ul><li class=\"share-twitter\"><a rel=\"nofollow noopener noreferrer\" data-shared=\"sharing-twitter-35905\" class=\"share-twitter sd-button share-icon no-text\" href=\"http:\/\/www.rtvnoticias.com.ar\/?p=35905&amp;share=twitter\" target=\"_blank\" title=\"Haz clic para compartir en Twitter\"><span><\/span><span class=\"sharing-screen-reader-text\">Haz clic para compartir en Twitter (Se abre en una ventana nueva)<\/span><\/a><\/li><li class=\"share-facebook\"><a rel=\"nofollow noopener noreferrer\" data-shared=\"sharing-facebook-35905\" class=\"share-facebook sd-button share-icon no-text\" href=\"http:\/\/www.rtvnoticias.com.ar\/?p=35905&amp;share=facebook\" target=\"_blank\" title=\"Haz clic para compartir en Facebook\"><span><\/span><span class=\"sharing-screen-reader-text\">Haz clic para compartir en Facebook (Se abre en una ventana nueva)<\/span><\/a><\/li><li class=\"share-jetpack-whatsapp\"><a rel=\"nofollow noopener noreferrer\" data-shared=\"\" class=\"share-jetpack-whatsapp sd-button share-icon no-text\" href=\"http:\/\/www.rtvnoticias.com.ar\/?p=35905&amp;share=jetpack-whatsapp\" target=\"_blank\" title=\"Haz clic para compartir en WhatsApp\"><span><\/span><span class=\"sharing-screen-reader-text\">Haz clic para compartir en WhatsApp (Se abre en una ventana nueva)<\/span><\/a><\/li><li class=\"share-telegram\"><a rel=\"nofollow noopener noreferrer\" data-shared=\"\" class=\"share-telegram sd-button share-icon no-text\" href=\"http:\/\/www.rtvnoticias.com.ar\/?p=35905&amp;share=telegram\" target=\"_blank\" title=\"Haz clic para compartir en Telegram\"><span><\/span><span class=\"sharing-screen-reader-text\">Haz clic para compartir en Telegram (Se abre en una ventana nueva)<\/span><\/a><\/li><li class=\"share-end\"><\/li><\/ul><\/div><\/div><\/div>","protected":false},"author":7,"featured_media":35906,"comment_status":"closed","ping_status":"closed","sticky":false,"template":"","format":"standard","meta":{"spay_email":"","jetpack_publicize_message":"","jetpack_is_tweetstorm":false,"jetpack_publicize_feature_enabled":true},"categories":[5],"tags":[],"jetpack_featured_media_url":"http:\/\/www.rtvnoticias.com.ar\/wp-content\/uploads\/2023\/03\/campora.jpg","jetpack_publicize_connections":[],"jetpack_sharing_enabled":true,"_links":{"self":[{"href":"http:\/\/www.rtvnoticias.com.ar\/index.php?rest_route=\/wp\/v2\/posts\/35905"}],"collection":[{"href":"http:\/\/www.rtvnoticias.com.ar\/index.php?rest_route=\/wp\/v2\/posts"}],"about":[{"href":"http:\/\/www.rtvnoticias.com.ar\/index.php?rest_route=\/wp\/v2\/types\/post"}],"author":[{"embeddable":true,"href":"http:\/\/www.rtvnoticias.com.ar\/index.php?rest_route=\/wp\/v2\/users\/7"}],"replies":[{"embeddable":true,"href":"http:\/\/www.rtvnoticias.com.ar\/index.php?rest_route=%2Fwp%2Fv2%2Fcomments&post=35905"}],"version-history":[{"count":1,"href":"http:\/\/www.rtvnoticias.com.ar\/index.php?rest_route=\/wp\/v2\/posts\/35905\/revisions"}],"predecessor-version":[{"id":35907,"href":"http:\/\/www.rtvnoticias.com.ar\/index.php?rest_route=\/wp\/v2\/posts\/35905\/revisions\/35907"}],"wp:featuredmedia":[{"embeddable":true,"href":"http:\/\/www.rtvnoticias.com.ar\/index.php?rest_route=\/wp\/v2\/media\/35906"}],"wp:attachment":[{"href":"http:\/\/www.rtvnoticias.com.ar\/index.php?rest_route=%2Fwp%2Fv2%2Fmedia&parent=35905"}],"wp:term":[{"taxonomy":"category","embeddable":true,"href":"http:\/\/www.rtvnoticias.com.ar\/index.php?rest_route=%2Fwp%2Fv2%2Fcategories&post=35905"},{"taxonomy":"post_tag","embeddable":true,"href":"http:\/\/www.rtvnoticias.com.ar\/index.php?rest_route=%2Fwp%2Fv2%2Ftags&post=35905"}],"curies":[{"name":"wp","href":"https:\/\/api.w.org\/{rel}","templated":true}]}}