{"id":35911,"date":"2023-03-15T10:20:08","date_gmt":"2023-03-15T13:20:08","guid":{"rendered":"http:\/\/www.rtvnoticias.com.ar\/?p=35911"},"modified":"2023-03-15T10:20:11","modified_gmt":"2023-03-15T13:20:11","slug":"el-hijo-de-ramon-diaz-choco-y-fue-detenido-murieron-su-esposa-y-otro-conductor","status":"publish","type":"post","link":"http:\/\/www.rtvnoticias.com.ar\/?p=35911","title":{"rendered":"El hijo de Ram\u00f3n D\u00edaz choc\u00f3 y fue detenido: murieron su esposa y otro conductor"},"content":{"rendered":"\n<p class=\"has-text-align-center\"><strong>Fue en la ruta 5, cerca del partido bonaerense de 9 de Julio. Bajo la lluvia, impactaron de frente la camioneta que manejaba el exfutbolista y un utilitario, donde viajaba la otra v\u00edctima.<\/strong><\/p>\n\n\n\n<p>Michael D\u00edaz, exfutbolista e hijo de Ram\u00f3n D\u00edaz, protagoniz\u00f3 este martes un choque frontal en la ruta nacional 5, a la altura del partido bonaerense de 9 de Julio, que dej\u00f3 dos muertos, entre ellos su esposa, situaci\u00f3n que deriv\u00f3 en su aprehensi\u00f3n.<\/p>\n\n\n\n<p>El tr\u00e1gico siniestro se produjo este martes al mediod\u00eda, cuando, minutos despu\u00e9s de las 12, bajo una torrencial lluvia, impactaron frontalmente dos veh\u00edculos a la altura del kil\u00f3metro 252 de la mencionada ruta.<\/p>\n\n\n\n<p>El hombre, que manejaba una camioneta Dodge RAM y choc\u00f3 de frente contra una Renault Kangoo, fue aprehendido por \u00abdoble homicidio culposo\u00bb, tras la orden del fiscal Lisandro Masson, a cargo de la Unidad Funcional de Instrucci\u00f3n (UFI) n\u00famero 4 de Mercedes.<\/p>\n\n\n\n<p>D\u00edaz, de 37 a\u00f1os, quien jug\u00f3 en San Lorenzo, viajaba acompa\u00f1ado de su mujer, quien perdi\u00f3 la vida al salir despedida del veh\u00edculo, y un hijo de 8 a\u00f1os.<\/p>\n\n\n\n<p>Tanto el exfutbolista como su hijo fueron derivados inmediatamente al Hospital Julio de Vedia de la localidad de 9 de Julio y se encuentran fuera de peligro.<\/p>\n\n\n\n<p>Michael fue internado por una fractura en el f\u00e9mur y un traumatismo de t\u00f3rax, mientras que su hijo, adem\u00e1s, recibi\u00f3 contenci\u00f3n psicol\u00f3gica tras el accidente.<\/p>\n\n\n\n<p>Desde el hospital, informaron a NA que, en las pr\u00f3ximas horas, ser\u00e1n trasladados a un centro de salud de la Ciudad de Buenos Aires.<\/p>\n\n\n\n<p>Por otra parte, la Polic\u00eda Comunal, al mando del comisario Gustavo Quemehuencho, investiga la mec\u00e1nica del accidente, que involucr\u00f3 tambi\u00e9n a un viajante de 65 a\u00f1os, de apellido Flaque (exbombero voluntario), quien viajaba en un utilitario marca Kangoo, color blanco, desde la localidad de 25 de Mayo a 9 de Julio, y fue la otra v\u00edctima fatal tras quedar atrapado dentro del habit\u00e1culo deformado por el choque.<\/p>\n\n\n\n<p>Si bien a\u00fan no est\u00e1 claro c\u00f3mo fue el hecho, se estima que D\u00edaz habr\u00eda cruzado al carril contrario y, al ver tr\u00e1nsito, se tir\u00f3 hacia la banquina de quienes ven\u00edan de frente, mismo movimiento que habr\u00eda realizado la Kangoo ante su maniobra.<\/p>\n\n\n\n<p>Adem\u00e1s de Polic\u00eda Vial y Polic\u00eda Comunal, intervino una dotaci\u00f3n de Bomberos Voluntarios de 9 de Julio, a cargo del jefe de estaci\u00f3n, Sergio Fern\u00e1ndez.<\/p>\n\n\n\n<p>La causa fue caratulada como \u00abdoble homicidio culposo\u00bb y trabajaron hasta este martes por la tarde los peritos en el lugar.<\/p>\n<div class=\"sharedaddy sd-sharing-enabled\"><div class=\"robots-nocontent sd-block sd-social sd-social-icon sd-sharing\"><h3 class=\"sd-title\">Comparte esto:<\/h3><div class=\"sd-content\"><ul><li class=\"share-twitter\"><a rel=\"nofollow noopener noreferrer\" data-shared=\"sharing-twitter-35911\" class=\"share-twitter sd-button share-icon no-text\" href=\"http:\/\/www.rtvnoticias.com.ar\/?p=35911&amp;share=twitter\" target=\"_blank\" title=\"Haz clic para compartir en Twitter\"><span><\/span><span class=\"sharing-screen-reader-text\">Haz clic para compartir en Twitter (Se abre en una ventana nueva)<\/span><\/a><\/li><li class=\"share-facebook\"><a rel=\"nofollow noopener noreferrer\" data-shared=\"sharing-facebook-35911\" class=\"share-facebook sd-button share-icon no-text\" href=\"http:\/\/www.rtvnoticias.com.ar\/?p=35911&amp;share=facebook\" target=\"_blank\" title=\"Haz clic para compartir en Facebook\"><span><\/span><span class=\"sharing-screen-reader-text\">Haz clic para compartir en Facebook (Se abre en una ventana nueva)<\/span><\/a><\/li><li class=\"share-jetpack-whatsapp\"><a rel=\"nofollow noopener noreferrer\" data-shared=\"\" class=\"share-jetpack-whatsapp sd-button share-icon no-text\" href=\"http:\/\/www.rtvnoticias.com.ar\/?p=35911&amp;share=jetpack-whatsapp\" target=\"_blank\" title=\"Haz clic para compartir en WhatsApp\"><span><\/span><span class=\"sharing-screen-reader-text\">Haz clic para compartir en WhatsApp (Se abre en una ventana nueva)<\/span><\/a><\/li><li class=\"share-telegram\"><a rel=\"nofollow noopener noreferrer\" data-shared=\"\" class=\"share-telegram sd-button share-icon no-text\" href=\"http:\/\/www.rtvnoticias.com.ar\/?p=35911&amp;share=telegram\" target=\"_blank\" title=\"Haz clic para compartir en Telegram\"><span><\/span><span class=\"sharing-screen-reader-text\">Haz clic para compartir en Telegram (Se abre en una ventana nueva)<\/span><\/a><\/li><li class=\"share-end\"><\/li><\/ul><\/div><\/div><\/div>","protected":false},"excerpt":{"rendered":"<p>Fue en la ruta 5, cerca del partido bonaerense de 9 de Julio. Bajo la lluvia, impactaron de frente la camioneta que manejaba el exfutbolista<\/p>\n<div class=\"sharedaddy sd-sharing-enabled\"><div class=\"robots-nocontent sd-block sd-social sd-social-icon sd-sharing\"><h3 class=\"sd-title\">Comparte esto:<\/h3><div class=\"sd-content\"><ul><li class=\"share-twitter\"><a rel=\"nofollow noopener noreferrer\" data-shared=\"sharing-twitter-35911\" class=\"share-twitter sd-button share-icon no-text\" href=\"http:\/\/www.rtvnoticias.com.ar\/?p=35911&amp;share=twitter\" target=\"_blank\" title=\"Haz clic para compartir en Twitter\"><span><\/span><span class=\"sharing-screen-reader-text\">Haz clic para compartir en Twitter (Se abre en una ventana nueva)<\/span><\/a><\/li><li class=\"share-facebook\"><a rel=\"nofollow noopener noreferrer\" data-shared=\"sharing-facebook-35911\" class=\"share-facebook sd-button share-icon no-text\" href=\"http:\/\/www.rtvnoticias.com.ar\/?p=35911&amp;share=facebook\" target=\"_blank\" title=\"Haz clic para compartir en Facebook\"><span><\/span><span class=\"sharing-screen-reader-text\">Haz clic para compartir en Facebook (Se abre en una ventana nueva)<\/span><\/a><\/li><li class=\"share-jetpack-whatsapp\"><a rel=\"nofollow noopener noreferrer\" data-shared=\"\" class=\"share-jetpack-whatsapp sd-button share-icon no-text\" href=\"http:\/\/www.rtvnoticias.com.ar\/?p=35911&amp;share=jetpack-whatsapp\" target=\"_blank\" title=\"Haz clic para compartir en WhatsApp\"><span><\/span><span class=\"sharing-screen-reader-text\">Haz clic para compartir en WhatsApp (Se abre en una ventana nueva)<\/span><\/a><\/li><li class=\"share-telegram\"><a rel=\"nofollow noopener noreferrer\" data-shared=\"\" class=\"share-telegram sd-button share-icon no-text\" href=\"http:\/\/www.rtvnoticias.com.ar\/?p=35911&amp;share=telegram\" target=\"_blank\" title=\"Haz clic para compartir en Telegram\"><span><\/span><span class=\"sharing-screen-reader-text\">Haz clic para compartir en Telegram (Se abre en una ventana nueva)<\/span><\/a><\/li><li class=\"share-end\"><\/li><\/ul><\/div><\/div><\/div>","protected":false},"author":7,"featured_media":35912,"comment_status":"closed","ping_status":"closed","sticky":false,"template":"","format":"standard","meta":{"spay_email":"","jetpack_publicize_message":"","jetpack_is_tweetstorm":false,"jetpack_publicize_feature_enabled":true},"categories":[5],"tags":[],"jetpack_featured_media_url":"http:\/\/www.rtvnoticias.com.ar\/wp-content\/uploads\/2023\/03\/acc-diaz.jpg","jetpack_publicize_connections":[],"jetpack_sharing_enabled":true,"_links":{"self":[{"href":"http:\/\/www.rtvnoticias.com.ar\/index.php?rest_route=\/wp\/v2\/posts\/35911"}],"collection":[{"href":"http:\/\/www.rtvnoticias.com.ar\/index.php?rest_route=\/wp\/v2\/posts"}],"about":[{"href":"http:\/\/www.rtvnoticias.com.ar\/index.php?rest_route=\/wp\/v2\/types\/post"}],"author":[{"embeddable":true,"href":"http:\/\/www.rtvnoticias.com.ar\/index.php?rest_route=\/wp\/v2\/users\/7"}],"replies":[{"embeddable":true,"href":"http:\/\/www.rtvnoticias.com.ar\/index.php?rest_route=%2Fwp%2Fv2%2Fcomments&post=35911"}],"version-history":[{"count":1,"href":"http:\/\/www.rtvnoticias.com.ar\/index.php?rest_route=\/wp\/v2\/posts\/35911\/revisions"}],"predecessor-version":[{"id":35913,"href":"http:\/\/www.rtvnoticias.com.ar\/index.php?rest_route=\/wp\/v2\/posts\/35911\/revisions\/35913"}],"wp:featuredmedia":[{"embeddable":true,"href":"http:\/\/www.rtvnoticias.com.ar\/index.php?rest_route=\/wp\/v2\/media\/35912"}],"wp:attachment":[{"href":"http:\/\/www.rtvnoticias.com.ar\/index.php?rest_route=%2Fwp%2Fv2%2Fmedia&parent=35911"}],"wp:term":[{"taxonomy":"category","embeddable":true,"href":"http:\/\/www.rtvnoticias.com.ar\/index.php?rest_route=%2Fwp%2Fv2%2Fcategories&post=35911"},{"taxonomy":"post_tag","embeddable":true,"href":"http:\/\/www.rtvnoticias.com.ar\/index.php?rest_route=%2Fwp%2Fv2%2Ftags&post=35911"}],"curies":[{"name":"wp","href":"https:\/\/api.w.org\/{rel}","templated":true}]}}