{"id":35916,"date":"2023-03-15T10:56:14","date_gmt":"2023-03-15T13:56:14","guid":{"rendered":"http:\/\/www.rtvnoticias.com.ar\/?p=35916"},"modified":"2023-03-15T10:56:17","modified_gmt":"2023-03-15T13:56:17","slug":"jorge-ferraresi-sergio-massa-asumio-un-dia-antes-de-que-nos-vayamos-en-helicoptero","status":"publish","type":"post","link":"http:\/\/www.rtvnoticias.com.ar\/?p=35916","title":{"rendered":"Jorge Ferraresi: \u00abSergio Massa asumi\u00f3 un d\u00eda antes de que nos vayamos en helic\u00f3ptero\u00bb"},"content":{"rendered":"\n<p class=\"has-text-align-center\"><strong>El intendente de Avellaneda defini\u00f3 la situaci\u00f3n en agosto del a\u00f1o pasado como \u00abun c\u00f3ctel explosivo\u00bb. Dej\u00f3 en claro que si Cristina Kirchner es candidata, \u00abno tiene sentido ir a una primaria\u00bb.<\/strong><\/p>\n\n\n\n<p>El intendente de Avellaneda, Jorge Ferraresi, habl\u00f3 sobre la crisis econ\u00f3mica que se desat\u00f3 con la salida del ex ministro de Econom\u00eda, Mart\u00edn Guzm\u00e1n, y admiti\u00f3 la gravedad de la situaci\u00f3n que se dio en agosto del a\u00f1o pasado, en el contexto en que Sergio Massa asumi\u00f3 sus funciones: dijo que fue \u00abun d\u00eda antes de que nos vayamos en helic\u00f3ptero\u201d.<\/p>\n\n\n\n<p>En ese sentido, el ex ministro de Desarrollo Territorial y H\u00e1bitat destac\u00f3 lla gesti\u00f3n de Massa al frente de esa cartera, al afirmar que \u201cpuso las cosas en orden\u201d. Tambi\u00e9n se refiri\u00f3 a las tensiones entre el presidente Alberto Fern\u00e1ndez y la vicepresidenta Cristina Fern\u00e1ndez de Kirchner por la definici\u00f3n de un candidato para las elecciones. No obstante, dej\u00f3 en claro lo que piensa parte del kirchnerismo sobre las internas para definir candidatos: \u201cSi Cristina es candidata no tiene sentido ir a una primaria\u201d.<\/p>\n\n\n\n<p><strong>Ferraresi sobre el rol de Massa en Econom\u00eda: \u00abEra un c\u00f3ctel explosivo que hab\u00eda que resolverlo, y Sergio tuvo pericia en eso\u00bb<br><\/strong>\u201cSergio asumi\u00f3 un d\u00eda antes de que nos vayamos en helic\u00f3ptero. Y s\u00ed, es as\u00ed. El Gobierno estaba sin reservas en el Banco Central, con una corrida cambiaria fuerte, con un aumento de precios importantes\u201d, dijo Ferraresi en di\u00e1logo con AM 530.<\/p>\n\n\n\n<p>\u201cY Sergio vino a poner un freno a eso, a generar una s\u00edntesis tambi\u00e9n, porque nuestro gobierno ten\u00eda separados distintos ministerios, ten\u00eda que tener una acci\u00f3n en com\u00fan. Sergio vino a poner un orden con respecto al tema de d\u00f3lares, de compra de insumos; y fue una tarea tit\u00e1nica que la sigue haciendo todos los d\u00edas\u201d, sostuvo el ex ministro, que renunci\u00f3 para volver como jefe comunal a Avellaneda.<\/p>\n\n\n\n<p>En esa l\u00ednea, sigui\u00f3: \u201cHab\u00edamos llegado a 1200 millones de reservas. A veces los famosos mercados de la Argentina son maravillosos. Maneja m\u00e1s plata la Quiniela que los mercados. Se juega en la Quiniela m\u00e1s plata que en esa que es otra timba, pero se genera una psicosis sobre algo, los precios aumentan. Empez\u00f3 a haber desabastecimiento, hab\u00eda cosas que no se consegu\u00edan. Era un c\u00f3ctel explosivo que hab\u00eda que resolverlo y Sergio tuvo pericia en eso, en c\u00f3mo recuperar r\u00e1pidamente reservas, hubo que ceder porque vino el posicionamiento del d\u00f3lar soja\u201d.<\/p>\n\n\n\n<p>Al igual que lo manifest\u00f3 la ex presidenta durante su discurso en Universidad de R\u00edo Negro d\u00edas atr\u00e1s, Ferraresi consider\u00f3 que la deuda con el Fondo Monetario Internacional (FMI) \u201ccomo est\u00e1 reestructurada es impagable\u201d y expres\u00f3: \u201cLa gesti\u00f3n tiene que ver c\u00f3mo se resuelve la matriz econ\u00f3mica casi sin recursos, ya que con recursos es m\u00e1s f\u00e1cil\u201d.<\/p>\n\n\n\n<p>En palabras del jefe comunal, \u201cla verdadera grieta es como se resuelve la distribuci\u00f3n de la riqueza\u201d.<\/p>\n\n\n\n<p>Ahora el kirchnerismo pide \u00ababsolver\u00bb a Cristina Kirchner \u00abantes del cierre de listas\u00bb<\/p>\n\n\n\n<p>\u00abLa \u00fanica que puede conquistar a la juventud y al resto es Cristina\u00bb: la interna oficialista para definir un candidato<br>El intendente, que fue el anfitri\u00f3n del plenario \u2018Luche y Vuelve. Cristina 2023\u2019 que se realiz\u00f3 el s\u00e1bado pasado en Avellaneda, se refiri\u00f3 al escenario electoral del Frente de Todos, en tensi\u00f3n desde hace tiempo por la intenci\u00f3n de ir a una primaria de parte del oficialismo y, del otro lado, de apuntalar a la vicepresidenta como la candidata elegida.<\/p>\n\n\n\n<p>\u201cLa \u00fanica que puede conquistar a la juventud y al resto es Cristina\u201d, sostuvo, al tiempo que consider\u00f3 que \u201csi Cristina es candidata no tiene sentido ir a una primaria\u201d.<\/p>\n\n\n\n<p>Ferraresi desestim\u00f3 adem\u00e1s una de las premisas que rigi\u00f3 en el peronismo en los \u00faltimos a\u00f1os: \u201cLa frase \u2018con Cristina no alcanza y sin Cristina no se puede\u2019 es una mentira que nosotros tambi\u00e9n nos cre\u00edmos\u201d, asegur\u00f3.<\/p>\n\n\n\n<p>Luego del plenario de la militancia kirchnerista, el ex integrante del Gabinete nacional manifest\u00f3 que \u201cla gente tiene que ir a votar con ilusi\u00f3n, y la \u00fanica que genera eso es Cristina\u201d.<\/p>\n<div class=\"sharedaddy sd-sharing-enabled\"><div class=\"robots-nocontent sd-block sd-social sd-social-icon sd-sharing\"><h3 class=\"sd-title\">Comparte esto:<\/h3><div class=\"sd-content\"><ul><li class=\"share-twitter\"><a rel=\"nofollow noopener noreferrer\" data-shared=\"sharing-twitter-35916\" class=\"share-twitter sd-button share-icon no-text\" href=\"http:\/\/www.rtvnoticias.com.ar\/?p=35916&amp;share=twitter\" target=\"_blank\" title=\"Haz clic para compartir en Twitter\"><span><\/span><span class=\"sharing-screen-reader-text\">Haz clic para compartir en Twitter (Se abre en una ventana nueva)<\/span><\/a><\/li><li class=\"share-facebook\"><a rel=\"nofollow noopener noreferrer\" data-shared=\"sharing-facebook-35916\" class=\"share-facebook sd-button share-icon no-text\" href=\"http:\/\/www.rtvnoticias.com.ar\/?p=35916&amp;share=facebook\" target=\"_blank\" title=\"Haz clic para compartir en Facebook\"><span><\/span><span class=\"sharing-screen-reader-text\">Haz clic para compartir en Facebook (Se abre en una ventana nueva)<\/span><\/a><\/li><li class=\"share-jetpack-whatsapp\"><a rel=\"nofollow noopener noreferrer\" data-shared=\"\" class=\"share-jetpack-whatsapp sd-button share-icon no-text\" href=\"http:\/\/www.rtvnoticias.com.ar\/?p=35916&amp;share=jetpack-whatsapp\" target=\"_blank\" title=\"Haz clic para compartir en WhatsApp\"><span><\/span><span class=\"sharing-screen-reader-text\">Haz clic para compartir en WhatsApp (Se abre en una ventana nueva)<\/span><\/a><\/li><li class=\"share-telegram\"><a rel=\"nofollow noopener noreferrer\" data-shared=\"\" class=\"share-telegram sd-button share-icon no-text\" href=\"http:\/\/www.rtvnoticias.com.ar\/?p=35916&amp;share=telegram\" target=\"_blank\" title=\"Haz clic para compartir en Telegram\"><span><\/span><span class=\"sharing-screen-reader-text\">Haz clic para compartir en Telegram (Se abre en una ventana nueva)<\/span><\/a><\/li><li class=\"share-end\"><\/li><\/ul><\/div><\/div><\/div>","protected":false},"excerpt":{"rendered":"<p>El intendente de Avellaneda defini\u00f3 la situaci\u00f3n en agosto del a\u00f1o pasado como \u00abun c\u00f3ctel explosivo\u00bb. Dej\u00f3 en claro que si Cristina Kirchner es candidata,<\/p>\n<div class=\"sharedaddy sd-sharing-enabled\"><div class=\"robots-nocontent sd-block sd-social sd-social-icon sd-sharing\"><h3 class=\"sd-title\">Comparte esto:<\/h3><div class=\"sd-content\"><ul><li class=\"share-twitter\"><a rel=\"nofollow noopener noreferrer\" data-shared=\"sharing-twitter-35916\" class=\"share-twitter sd-button share-icon no-text\" href=\"http:\/\/www.rtvnoticias.com.ar\/?p=35916&amp;share=twitter\" target=\"_blank\" title=\"Haz clic para compartir en Twitter\"><span><\/span><span class=\"sharing-screen-reader-text\">Haz clic para compartir en Twitter (Se abre en una ventana nueva)<\/span><\/a><\/li><li class=\"share-facebook\"><a rel=\"nofollow noopener noreferrer\" data-shared=\"sharing-facebook-35916\" class=\"share-facebook sd-button share-icon no-text\" href=\"http:\/\/www.rtvnoticias.com.ar\/?p=35916&amp;share=facebook\" target=\"_blank\" title=\"Haz clic para compartir en Facebook\"><span><\/span><span class=\"sharing-screen-reader-text\">Haz clic para compartir en Facebook (Se abre en una ventana nueva)<\/span><\/a><\/li><li class=\"share-jetpack-whatsapp\"><a rel=\"nofollow noopener noreferrer\" data-shared=\"\" class=\"share-jetpack-whatsapp sd-button share-icon no-text\" href=\"http:\/\/www.rtvnoticias.com.ar\/?p=35916&amp;share=jetpack-whatsapp\" target=\"_blank\" title=\"Haz clic para compartir en WhatsApp\"><span><\/span><span class=\"sharing-screen-reader-text\">Haz clic para compartir en WhatsApp (Se abre en una ventana nueva)<\/span><\/a><\/li><li class=\"share-telegram\"><a rel=\"nofollow noopener noreferrer\" data-shared=\"\" class=\"share-telegram sd-button share-icon no-text\" href=\"http:\/\/www.rtvnoticias.com.ar\/?p=35916&amp;share=telegram\" target=\"_blank\" title=\"Haz clic para compartir en Telegram\"><span><\/span><span class=\"sharing-screen-reader-text\">Haz clic para compartir en Telegram (Se abre en una ventana nueva)<\/span><\/a><\/li><li class=\"share-end\"><\/li><\/ul><\/div><\/div><\/div>","protected":false},"author":7,"featured_media":35917,"comment_status":"closed","ping_status":"closed","sticky":false,"template":"","format":"standard","meta":{"spay_email":"","jetpack_publicize_message":"","jetpack_is_tweetstorm":false,"jetpack_publicize_feature_enabled":true},"categories":[5],"tags":[],"jetpack_featured_media_url":"http:\/\/www.rtvnoticias.com.ar\/wp-content\/uploads\/2023\/03\/massa-ferraresi.jpg","jetpack_publicize_connections":[],"jetpack_sharing_enabled":true,"_links":{"self":[{"href":"http:\/\/www.rtvnoticias.com.ar\/index.php?rest_route=\/wp\/v2\/posts\/35916"}],"collection":[{"href":"http:\/\/www.rtvnoticias.com.ar\/index.php?rest_route=\/wp\/v2\/posts"}],"about":[{"href":"http:\/\/www.rtvnoticias.com.ar\/index.php?rest_route=\/wp\/v2\/types\/post"}],"author":[{"embeddable":true,"href":"http:\/\/www.rtvnoticias.com.ar\/index.php?rest_route=\/wp\/v2\/users\/7"}],"replies":[{"embeddable":true,"href":"http:\/\/www.rtvnoticias.com.ar\/index.php?rest_route=%2Fwp%2Fv2%2Fcomments&post=35916"}],"version-history":[{"count":1,"href":"http:\/\/www.rtvnoticias.com.ar\/index.php?rest_route=\/wp\/v2\/posts\/35916\/revisions"}],"predecessor-version":[{"id":35918,"href":"http:\/\/www.rtvnoticias.com.ar\/index.php?rest_route=\/wp\/v2\/posts\/35916\/revisions\/35918"}],"wp:featuredmedia":[{"embeddable":true,"href":"http:\/\/www.rtvnoticias.com.ar\/index.php?rest_route=\/wp\/v2\/media\/35917"}],"wp:attachment":[{"href":"http:\/\/www.rtvnoticias.com.ar\/index.php?rest_route=%2Fwp%2Fv2%2Fmedia&parent=35916"}],"wp:term":[{"taxonomy":"category","embeddable":true,"href":"http:\/\/www.rtvnoticias.com.ar\/index.php?rest_route=%2Fwp%2Fv2%2Fcategories&post=35916"},{"taxonomy":"post_tag","embeddable":true,"href":"http:\/\/www.rtvnoticias.com.ar\/index.php?rest_route=%2Fwp%2Fv2%2Ftags&post=35916"}],"curies":[{"name":"wp","href":"https:\/\/api.w.org\/{rel}","templated":true}]}}