{"id":35920,"date":"2023-03-16T10:25:34","date_gmt":"2023-03-16T13:25:34","guid":{"rendered":"http:\/\/www.rtvnoticias.com.ar\/?p=35920"},"modified":"2023-03-16T10:25:36","modified_gmt":"2023-03-16T13:25:36","slug":"gabriela-cerruti-el-dato-de-la-inflacion-es-malisimo-y-no-era-el-esperado","status":"publish","type":"post","link":"http:\/\/www.rtvnoticias.com.ar\/?p=35920","title":{"rendered":"Gabriela Cerruti: \u00abEl dato de la inflaci\u00f3n es mal\u00edsimo y no era el esperado\u00bb"},"content":{"rendered":"\n<p>La portavoz presidencial, Gabriela Cerruti, reconoci\u00f3 que el \u00edndice de inflaci\u00f3n que dio a conocer el INDEC \u00abes malo, mal\u00edsimo y no era el esperado\u00bb.<\/p>\n\n\n\n<p>\u00abEl dato de inflaci\u00f3n es malo, mal\u00edsimo y adem\u00e1s no era el esperado, as\u00ed que el Gobierno sigue con su compromiso firme de terminar de avanzar en controlar los precios, la inflaci\u00f3n, que vayan bajando\u00bb, sostuvo la funcionaria nacional.<\/p>\n\n\n\n<p>En la conferencia de prensa que brinda los jueves en Casa Rosada, la vocera se\u00f1al\u00f3 que se pueden \u00abdar explicaciones\u00bb respecto al incremento de los precios, \u00abpero no son excusas frente a los que tienen que ir todos los d\u00edas al almac\u00e9n\u00bb.<\/p>\n\n\n\n<p>En ese sentido, indic\u00f3 que a causa de la sequ\u00eda aumentaron los precios de la carne y los l\u00e1cteos, as\u00ed como tambi\u00e9n apunt\u00f3 contra las empresas de telecomunicaciones.<\/p>\n\n\n\n<p>\u00abLas empresas de telefon\u00eda, de cable, de servicios web siguen aumentando de forma indiscriminada el precio para los usuarios\u00bb, lanz\u00f3 Cerruti.<\/p>\n\n\n\n<p>Adem\u00e1s, destac\u00f3 que el presidente Alberto Fern\u00e1ndez y el ministro de Econom\u00eda, Sergio Massa, \u00abest\u00e1n trabajando juntos, codo a codo y tienen el mismo compromiso para que esta situaci\u00f3n (la elevada inflaci\u00f3n) se solucione lo m\u00e1s pronto posible\u00bb.<\/p>\n\n\n\n<p>\u00abConfiamos en que las medidas que se est\u00e1n tomando a nivel macroecon\u00f3mico y para estabilizar los precios van a funcionar, pero necesitamos que funcionen lo m\u00e1s r\u00e1pido posible\u00bb, a\u00f1adi\u00f3.<\/p>\n<div class=\"sharedaddy sd-sharing-enabled\"><div class=\"robots-nocontent sd-block sd-social sd-social-icon sd-sharing\"><h3 class=\"sd-title\">Comparte esto:<\/h3><div class=\"sd-content\"><ul><li class=\"share-twitter\"><a rel=\"nofollow noopener noreferrer\" data-shared=\"sharing-twitter-35920\" class=\"share-twitter sd-button share-icon no-text\" href=\"http:\/\/www.rtvnoticias.com.ar\/?p=35920&amp;share=twitter\" target=\"_blank\" title=\"Haz clic para compartir en Twitter\"><span><\/span><span class=\"sharing-screen-reader-text\">Haz clic para compartir en Twitter (Se abre en una ventana nueva)<\/span><\/a><\/li><li class=\"share-facebook\"><a rel=\"nofollow noopener noreferrer\" data-shared=\"sharing-facebook-35920\" class=\"share-facebook sd-button share-icon no-text\" href=\"http:\/\/www.rtvnoticias.com.ar\/?p=35920&amp;share=facebook\" target=\"_blank\" title=\"Haz clic para compartir en Facebook\"><span><\/span><span class=\"sharing-screen-reader-text\">Haz clic para compartir en Facebook (Se abre en una ventana nueva)<\/span><\/a><\/li><li class=\"share-jetpack-whatsapp\"><a rel=\"nofollow noopener noreferrer\" data-shared=\"\" class=\"share-jetpack-whatsapp sd-button share-icon no-text\" href=\"http:\/\/www.rtvnoticias.com.ar\/?p=35920&amp;share=jetpack-whatsapp\" target=\"_blank\" title=\"Haz clic para compartir en WhatsApp\"><span><\/span><span class=\"sharing-screen-reader-text\">Haz clic para compartir en WhatsApp (Se abre en una ventana nueva)<\/span><\/a><\/li><li class=\"share-telegram\"><a rel=\"nofollow noopener noreferrer\" data-shared=\"\" class=\"share-telegram sd-button share-icon no-text\" href=\"http:\/\/www.rtvnoticias.com.ar\/?p=35920&amp;share=telegram\" target=\"_blank\" title=\"Haz clic para compartir en Telegram\"><span><\/span><span class=\"sharing-screen-reader-text\">Haz clic para compartir en Telegram (Se abre en una ventana nueva)<\/span><\/a><\/li><li class=\"share-end\"><\/li><\/ul><\/div><\/div><\/div>","protected":false},"excerpt":{"rendered":"<p>La portavoz presidencial, Gabriela Cerruti, reconoci\u00f3 que el \u00edndice de inflaci\u00f3n que dio a conocer el INDEC \u00abes malo, mal\u00edsimo y no era el esperado\u00bb.<\/p>\n<div class=\"sharedaddy sd-sharing-enabled\"><div class=\"robots-nocontent sd-block sd-social sd-social-icon sd-sharing\"><h3 class=\"sd-title\">Comparte esto:<\/h3><div class=\"sd-content\"><ul><li class=\"share-twitter\"><a rel=\"nofollow noopener noreferrer\" data-shared=\"sharing-twitter-35920\" class=\"share-twitter sd-button share-icon no-text\" href=\"http:\/\/www.rtvnoticias.com.ar\/?p=35920&amp;share=twitter\" target=\"_blank\" title=\"Haz clic para compartir en Twitter\"><span><\/span><span class=\"sharing-screen-reader-text\">Haz clic para compartir en Twitter (Se abre en una ventana nueva)<\/span><\/a><\/li><li class=\"share-facebook\"><a rel=\"nofollow noopener noreferrer\" data-shared=\"sharing-facebook-35920\" class=\"share-facebook sd-button share-icon no-text\" href=\"http:\/\/www.rtvnoticias.com.ar\/?p=35920&amp;share=facebook\" target=\"_blank\" title=\"Haz clic para compartir en Facebook\"><span><\/span><span class=\"sharing-screen-reader-text\">Haz clic para compartir en Facebook (Se abre en una ventana nueva)<\/span><\/a><\/li><li class=\"share-jetpack-whatsapp\"><a rel=\"nofollow noopener noreferrer\" data-shared=\"\" class=\"share-jetpack-whatsapp sd-button share-icon no-text\" href=\"http:\/\/www.rtvnoticias.com.ar\/?p=35920&amp;share=jetpack-whatsapp\" target=\"_blank\" title=\"Haz clic para compartir en WhatsApp\"><span><\/span><span class=\"sharing-screen-reader-text\">Haz clic para compartir en WhatsApp (Se abre en una ventana nueva)<\/span><\/a><\/li><li class=\"share-telegram\"><a rel=\"nofollow noopener noreferrer\" data-shared=\"\" class=\"share-telegram sd-button share-icon no-text\" href=\"http:\/\/www.rtvnoticias.com.ar\/?p=35920&amp;share=telegram\" target=\"_blank\" title=\"Haz clic para compartir en Telegram\"><span><\/span><span class=\"sharing-screen-reader-text\">Haz clic para compartir en Telegram (Se abre en una ventana nueva)<\/span><\/a><\/li><li class=\"share-end\"><\/li><\/ul><\/div><\/div><\/div>","protected":false},"author":7,"featured_media":35921,"comment_status":"closed","ping_status":"closed","sticky":false,"template":"","format":"standard","meta":{"spay_email":"","jetpack_publicize_message":"","jetpack_is_tweetstorm":false,"jetpack_publicize_feature_enabled":true},"categories":[5],"tags":[],"jetpack_featured_media_url":"http:\/\/www.rtvnoticias.com.ar\/wp-content\/uploads\/2023\/03\/cerruti.jpg","jetpack_publicize_connections":[],"jetpack_sharing_enabled":true,"_links":{"self":[{"href":"http:\/\/www.rtvnoticias.com.ar\/index.php?rest_route=\/wp\/v2\/posts\/35920"}],"collection":[{"href":"http:\/\/www.rtvnoticias.com.ar\/index.php?rest_route=\/wp\/v2\/posts"}],"about":[{"href":"http:\/\/www.rtvnoticias.com.ar\/index.php?rest_route=\/wp\/v2\/types\/post"}],"author":[{"embeddable":true,"href":"http:\/\/www.rtvnoticias.com.ar\/index.php?rest_route=\/wp\/v2\/users\/7"}],"replies":[{"embeddable":true,"href":"http:\/\/www.rtvnoticias.com.ar\/index.php?rest_route=%2Fwp%2Fv2%2Fcomments&post=35920"}],"version-history":[{"count":1,"href":"http:\/\/www.rtvnoticias.com.ar\/index.php?rest_route=\/wp\/v2\/posts\/35920\/revisions"}],"predecessor-version":[{"id":35922,"href":"http:\/\/www.rtvnoticias.com.ar\/index.php?rest_route=\/wp\/v2\/posts\/35920\/revisions\/35922"}],"wp:featuredmedia":[{"embeddable":true,"href":"http:\/\/www.rtvnoticias.com.ar\/index.php?rest_route=\/wp\/v2\/media\/35921"}],"wp:attachment":[{"href":"http:\/\/www.rtvnoticias.com.ar\/index.php?rest_route=%2Fwp%2Fv2%2Fmedia&parent=35920"}],"wp:term":[{"taxonomy":"category","embeddable":true,"href":"http:\/\/www.rtvnoticias.com.ar\/index.php?rest_route=%2Fwp%2Fv2%2Fcategories&post=35920"},{"taxonomy":"post_tag","embeddable":true,"href":"http:\/\/www.rtvnoticias.com.ar\/index.php?rest_route=%2Fwp%2Fv2%2Ftags&post=35920"}],"curies":[{"name":"wp","href":"https:\/\/api.w.org\/{rel}","templated":true}]}}