{"id":35932,"date":"2023-03-16T12:36:04","date_gmt":"2023-03-16T15:36:04","guid":{"rendered":"http:\/\/www.rtvnoticias.com.ar\/?p=35932"},"modified":"2023-03-16T13:11:16","modified_gmt":"2023-03-16T16:11:16","slug":"la-junta-municipal-de-defensa-civil-se-reunio-para-dialogar-sobre-cambio-climatico-y-nocturnidad","status":"publish","type":"post","link":"http:\/\/www.rtvnoticias.com.ar\/?p=35932","title":{"rendered":"La Junta Municipal de Defensa Civil se reuni\u00b4\u00f3 para dialogar sobre cambio clim\u00e1tico y nocturnidad"},"content":{"rendered":"\n<p>En la tarde del martes se llev\u00f3 a cabo en la Asociaci\u00f3n de Bomberos Voluntarios un encuentro entre las instituciones intermedias que integran la Junta municipal de Defensa Civil, en conjunto con funcionarias y funcionarios municipales, con el objetivo de socializar un plan de contingencia frente a posibles amenazas clim\u00e1ticas y tratar la problem\u00e1tica de la nocturnidad en la ciudad.<\/p>\n\n\n\n<p>En este sentido, y con el fin de continuar diagramando acciones conjuntas, se reunieron representantes del organismo creado por ordenanza municipal e integrado por el Concejo Deliberante, Bomberos, Radio Club Pampeano, Corpico, Hospital Gobernador Centeno, Polic\u00eda Federal y de la provincia de La Pampa, el Regimiento de Caballer\u00eda Tanques 13 y Defensa Civil. La mesa fue presidida por el secretario de Gobierno, Seguridad, Educaci\u00f3n y Cultura, Nicol\u00e1s Mendoza.<\/p>\n\n\n\n<p>De esta manera, la junta nuclea a instituciones que velan por la seguridad de las y los piquenses y que deben trabajar de manera mancomunada para lograr un accionar veloz y eficiente ante situaciones l\u00edmites.<\/p>\n\n\n\n<p>Del encuentro tambi\u00e9n particip\u00f3 la directora general de Ambiente y Desarrollo Sustentable, Melina Medus quien expuso el trabajo que se viene desarrollando desde el Plan local de Acci\u00f3n Clim\u00e1tica: \u201cTodos los actores que integran la junta son instituciones y organismos fundamentales al momento de enfrentar las amenazas clim\u00e1ticas que ya hemos identificados para nuestra zona\u201d.<\/p>\n\n\n\n<p>En este sentido la funcionaria agreg\u00f3: \u201cBrindamos datos sobre lo que se prev\u00e9 que ocurra con el clima en los pr\u00f3ximos a\u00f1os, cu\u00e1les son las poblaciones m\u00e1s vulnerables frente a las amenazas clim\u00e1ticas que tenemos y vamos a tener, y qu\u00e9 deber\u00edamos hacer en conjunto ante eventos extremos que generen un impacto en la poblaci\u00f3n\u201d.<\/p>\n\n\n\n<p>De la misma forma, otra de las tem\u00e1ticas analizadas fue la nocturnidad y las diferentes y potenciales situaciones conflictivas que suceden a su alrededor. Luego de poner en com\u00fan el trabajo articulado que se realiza al respecto, se conversaron posibles l\u00edneas de acci\u00f3n para poner en pr\u00e1ctica.<\/p>\n\n\n\n<p>En sinton\u00eda se destac\u00f3 que ya se realiza, con car\u00e1cter preventivo, el control del ingreso de menores de edad en locales bailables, medida que la Polic\u00eda de La Pampa se encuentra llevando adelante a trav\u00e9s de la Unidad Funcional de G\u00e9nero, Ni\u00f1ez y Adolescencia en conjunto con personal de seguridad privada de los boliches.<\/p>\n<div class=\"sharedaddy sd-sharing-enabled\"><div class=\"robots-nocontent sd-block sd-social sd-social-icon sd-sharing\"><h3 class=\"sd-title\">Comparte esto:<\/h3><div class=\"sd-content\"><ul><li class=\"share-twitter\"><a rel=\"nofollow noopener noreferrer\" data-shared=\"sharing-twitter-35932\" class=\"share-twitter sd-button share-icon no-text\" href=\"http:\/\/www.rtvnoticias.com.ar\/?p=35932&amp;share=twitter\" target=\"_blank\" title=\"Haz clic para compartir en Twitter\"><span><\/span><span class=\"sharing-screen-reader-text\">Haz clic para compartir en Twitter (Se abre en una ventana nueva)<\/span><\/a><\/li><li class=\"share-facebook\"><a rel=\"nofollow noopener noreferrer\" data-shared=\"sharing-facebook-35932\" class=\"share-facebook sd-button share-icon no-text\" href=\"http:\/\/www.rtvnoticias.com.ar\/?p=35932&amp;share=facebook\" target=\"_blank\" title=\"Haz clic para compartir en Facebook\"><span><\/span><span class=\"sharing-screen-reader-text\">Haz clic para compartir en Facebook (Se abre en una ventana nueva)<\/span><\/a><\/li><li class=\"share-jetpack-whatsapp\"><a rel=\"nofollow noopener noreferrer\" data-shared=\"\" class=\"share-jetpack-whatsapp sd-button share-icon no-text\" href=\"http:\/\/www.rtvnoticias.com.ar\/?p=35932&amp;share=jetpack-whatsapp\" target=\"_blank\" title=\"Haz clic para compartir en WhatsApp\"><span><\/span><span class=\"sharing-screen-reader-text\">Haz clic para compartir en WhatsApp (Se abre en una ventana nueva)<\/span><\/a><\/li><li class=\"share-telegram\"><a rel=\"nofollow noopener noreferrer\" data-shared=\"\" class=\"share-telegram sd-button share-icon no-text\" href=\"http:\/\/www.rtvnoticias.com.ar\/?p=35932&amp;share=telegram\" target=\"_blank\" title=\"Haz clic para compartir en Telegram\"><span><\/span><span class=\"sharing-screen-reader-text\">Haz clic para compartir en Telegram (Se abre en una ventana nueva)<\/span><\/a><\/li><li class=\"share-end\"><\/li><\/ul><\/div><\/div><\/div>","protected":false},"excerpt":{"rendered":"<p>En la tarde del martes se llev\u00f3 a cabo en la Asociaci\u00f3n de Bomberos Voluntarios un encuentro entre las instituciones intermedias que integran la Junta<\/p>\n<div class=\"sharedaddy sd-sharing-enabled\"><div class=\"robots-nocontent sd-block sd-social sd-social-icon sd-sharing\"><h3 class=\"sd-title\">Comparte esto:<\/h3><div class=\"sd-content\"><ul><li class=\"share-twitter\"><a rel=\"nofollow noopener noreferrer\" data-shared=\"sharing-twitter-35932\" class=\"share-twitter sd-button share-icon no-text\" href=\"http:\/\/www.rtvnoticias.com.ar\/?p=35932&amp;share=twitter\" target=\"_blank\" title=\"Haz clic para compartir en Twitter\"><span><\/span><span class=\"sharing-screen-reader-text\">Haz clic para compartir en Twitter (Se abre en una ventana nueva)<\/span><\/a><\/li><li class=\"share-facebook\"><a rel=\"nofollow noopener noreferrer\" data-shared=\"sharing-facebook-35932\" class=\"share-facebook sd-button share-icon no-text\" href=\"http:\/\/www.rtvnoticias.com.ar\/?p=35932&amp;share=facebook\" target=\"_blank\" title=\"Haz clic para compartir en Facebook\"><span><\/span><span class=\"sharing-screen-reader-text\">Haz clic para compartir en Facebook (Se abre en una ventana nueva)<\/span><\/a><\/li><li class=\"share-jetpack-whatsapp\"><a rel=\"nofollow noopener noreferrer\" data-shared=\"\" class=\"share-jetpack-whatsapp sd-button share-icon no-text\" href=\"http:\/\/www.rtvnoticias.com.ar\/?p=35932&amp;share=jetpack-whatsapp\" target=\"_blank\" title=\"Haz clic para compartir en WhatsApp\"><span><\/span><span class=\"sharing-screen-reader-text\">Haz clic para compartir en WhatsApp (Se abre en una ventana nueva)<\/span><\/a><\/li><li class=\"share-telegram\"><a rel=\"nofollow noopener noreferrer\" data-shared=\"\" class=\"share-telegram sd-button share-icon no-text\" href=\"http:\/\/www.rtvnoticias.com.ar\/?p=35932&amp;share=telegram\" target=\"_blank\" title=\"Haz clic para compartir en Telegram\"><span><\/span><span class=\"sharing-screen-reader-text\">Haz clic para compartir en Telegram (Se abre en una ventana nueva)<\/span><\/a><\/li><li class=\"share-end\"><\/li><\/ul><\/div><\/div><\/div>","protected":false},"author":7,"featured_media":35933,"comment_status":"closed","ping_status":"closed","sticky":false,"template":"","format":"standard","meta":{"spay_email":"","jetpack_publicize_message":"","jetpack_is_tweetstorm":false,"jetpack_publicize_feature_enabled":true},"categories":[3],"tags":[],"jetpack_featured_media_url":"http:\/\/www.rtvnoticias.com.ar\/wp-content\/uploads\/2023\/03\/Junta-municipal-de-defensa-civil-2.jpeg","jetpack_publicize_connections":[],"jetpack_sharing_enabled":true,"_links":{"self":[{"href":"http:\/\/www.rtvnoticias.com.ar\/index.php?rest_route=\/wp\/v2\/posts\/35932"}],"collection":[{"href":"http:\/\/www.rtvnoticias.com.ar\/index.php?rest_route=\/wp\/v2\/posts"}],"about":[{"href":"http:\/\/www.rtvnoticias.com.ar\/index.php?rest_route=\/wp\/v2\/types\/post"}],"author":[{"embeddable":true,"href":"http:\/\/www.rtvnoticias.com.ar\/index.php?rest_route=\/wp\/v2\/users\/7"}],"replies":[{"embeddable":true,"href":"http:\/\/www.rtvnoticias.com.ar\/index.php?rest_route=%2Fwp%2Fv2%2Fcomments&post=35932"}],"version-history":[{"count":2,"href":"http:\/\/www.rtvnoticias.com.ar\/index.php?rest_route=\/wp\/v2\/posts\/35932\/revisions"}],"predecessor-version":[{"id":35935,"href":"http:\/\/www.rtvnoticias.com.ar\/index.php?rest_route=\/wp\/v2\/posts\/35932\/revisions\/35935"}],"wp:featuredmedia":[{"embeddable":true,"href":"http:\/\/www.rtvnoticias.com.ar\/index.php?rest_route=\/wp\/v2\/media\/35933"}],"wp:attachment":[{"href":"http:\/\/www.rtvnoticias.com.ar\/index.php?rest_route=%2Fwp%2Fv2%2Fmedia&parent=35932"}],"wp:term":[{"taxonomy":"category","embeddable":true,"href":"http:\/\/www.rtvnoticias.com.ar\/index.php?rest_route=%2Fwp%2Fv2%2Fcategories&post=35932"},{"taxonomy":"post_tag","embeddable":true,"href":"http:\/\/www.rtvnoticias.com.ar\/index.php?rest_route=%2Fwp%2Fv2%2Ftags&post=35932"}],"curies":[{"name":"wp","href":"https:\/\/api.w.org\/{rel}","templated":true}]}}