{"id":35938,"date":"2023-03-17T12:00:09","date_gmt":"2023-03-17T15:00:09","guid":{"rendered":"http:\/\/www.rtvnoticias.com.ar\/?p=35938"},"modified":"2023-03-17T12:00:12","modified_gmt":"2023-03-17T15:00:12","slug":"la-isla-de-los-ninos-se-llamara-ahora-lucio-dupuy","status":"publish","type":"post","link":"http:\/\/www.rtvnoticias.com.ar\/?p=35938","title":{"rendered":"La \u00abIsla de los Ni\u00f1os\u00bb se llamar\u00e1 ahora \u00abLucio Dupuy\u00bb"},"content":{"rendered":"\n<p class=\"has-text-align-center\"><strong>La iniciativa la present\u00f3 en la sesi\u00f3n de este viernes el concejal del PRO, Marcelo Guerrero. Se aprob\u00f3 en el transcurso de la ma\u00f1ana.<\/strong><\/p>\n\n\n\n<p>La denominada \u00abIsla de los Ni\u00f1os\u00bb, ubicada dentro del Parque Recreativo Don Tom\u00e1s de la capital pampeana, cambia de nombre.<\/p>\n\n\n\n<p>El concejal santarrose\u00f1o del Pro, Marcelo Guerrero, propuso en la sesi\u00f3n de este viernes a la ma\u00f1ana -y se aprob\u00f3 en el debate- que el lugar destinado al espacio recreativos de nenas y nenes reciba el nombre de \u00abIsla de las Infancias Lucio Abel Dupuy\u00bb.<\/p>\n\n\n\n<p>\u00abSimplemente, quiero agradecer al resto de los bloques el acompa\u00f1amiento para que la Isla de los Ni\u00f1os a partir de ahora lleve el nombre de Lucio Abel Dupuy, para visibilizar algo tan tr\u00e1gico que nos pas\u00f3, para honrar y mantener viva la memoria de Lucio, reconocer los derechos de nuestras infancias y para que de alg\u00fan modo sirva para que nunca m\u00e1s nos vuelva a pasar como sociedad un hecho tan terrible\u00bb, argument\u00f3 el edil.<\/p>\n\n\n\n<p>La iniciativa de Guerrero consider\u00f3 que \u00abel asesinato de Lucio Abel Dupuy, ocurrido en noviembre del a\u00f1o 2021 en la ciudad de Santa Rosa, y la reciente condena a las autoras de este aberrante hecho, nos llaman a reflexionar sobre el cuidado y los derechos de las infancias\u00bb.<\/p>\n\n\n\n<p>El concejal record\u00f3 que \u00abya ha sido presentado en este cuerpo deliberativo el pedido para colocar una placa recordatoria en memoria del ni\u00f1o, en la plaza central de nuestra ciudad\u00bb y que \u00abhonrar y mantener viva la memoria de Lucio, es un compromiso de la poblaci\u00f3n pampeana, para que no exista en el territorio pampeano ni nacional otro caso como el de Lucio\u00bb.<\/p>\n\n\n\n<p>Y destac\u00f3 que esto \u00abes una manera de visibilizar los hechos, de reivindicar los derechos de nuestras infancias, como as\u00ed tambi\u00e9n un llamado a la poblaci\u00f3n toda, a denunciar en caso de sospechas de maltrato o abuso a un menor\u00bb.<\/p>\n<div class=\"sharedaddy sd-sharing-enabled\"><div class=\"robots-nocontent sd-block sd-social sd-social-icon sd-sharing\"><h3 class=\"sd-title\">Comparte esto:<\/h3><div class=\"sd-content\"><ul><li class=\"share-twitter\"><a rel=\"nofollow noopener noreferrer\" data-shared=\"sharing-twitter-35938\" class=\"share-twitter sd-button share-icon no-text\" href=\"http:\/\/www.rtvnoticias.com.ar\/?p=35938&amp;share=twitter\" target=\"_blank\" title=\"Haz clic para compartir en Twitter\"><span><\/span><span class=\"sharing-screen-reader-text\">Haz clic para compartir en Twitter (Se abre en una ventana nueva)<\/span><\/a><\/li><li class=\"share-facebook\"><a rel=\"nofollow noopener noreferrer\" data-shared=\"sharing-facebook-35938\" class=\"share-facebook sd-button share-icon no-text\" href=\"http:\/\/www.rtvnoticias.com.ar\/?p=35938&amp;share=facebook\" target=\"_blank\" title=\"Haz clic para compartir en Facebook\"><span><\/span><span class=\"sharing-screen-reader-text\">Haz clic para compartir en Facebook (Se abre en una ventana nueva)<\/span><\/a><\/li><li class=\"share-jetpack-whatsapp\"><a rel=\"nofollow noopener noreferrer\" data-shared=\"\" class=\"share-jetpack-whatsapp sd-button share-icon no-text\" href=\"http:\/\/www.rtvnoticias.com.ar\/?p=35938&amp;share=jetpack-whatsapp\" target=\"_blank\" title=\"Haz clic para compartir en WhatsApp\"><span><\/span><span class=\"sharing-screen-reader-text\">Haz clic para compartir en WhatsApp (Se abre en una ventana nueva)<\/span><\/a><\/li><li class=\"share-telegram\"><a rel=\"nofollow noopener noreferrer\" data-shared=\"\" class=\"share-telegram sd-button share-icon no-text\" href=\"http:\/\/www.rtvnoticias.com.ar\/?p=35938&amp;share=telegram\" target=\"_blank\" title=\"Haz clic para compartir en Telegram\"><span><\/span><span class=\"sharing-screen-reader-text\">Haz clic para compartir en Telegram (Se abre en una ventana nueva)<\/span><\/a><\/li><li class=\"share-end\"><\/li><\/ul><\/div><\/div><\/div>","protected":false},"excerpt":{"rendered":"<p>La iniciativa la present\u00f3 en la sesi\u00f3n de este viernes el concejal del PRO, Marcelo Guerrero. Se aprob\u00f3 en el transcurso de la ma\u00f1ana. La<\/p>\n<div class=\"sharedaddy sd-sharing-enabled\"><div class=\"robots-nocontent sd-block sd-social sd-social-icon sd-sharing\"><h3 class=\"sd-title\">Comparte esto:<\/h3><div class=\"sd-content\"><ul><li class=\"share-twitter\"><a rel=\"nofollow noopener noreferrer\" data-shared=\"sharing-twitter-35938\" class=\"share-twitter sd-button share-icon no-text\" href=\"http:\/\/www.rtvnoticias.com.ar\/?p=35938&amp;share=twitter\" target=\"_blank\" title=\"Haz clic para compartir en Twitter\"><span><\/span><span class=\"sharing-screen-reader-text\">Haz clic para compartir en Twitter (Se abre en una ventana nueva)<\/span><\/a><\/li><li class=\"share-facebook\"><a rel=\"nofollow noopener noreferrer\" data-shared=\"sharing-facebook-35938\" class=\"share-facebook sd-button share-icon no-text\" href=\"http:\/\/www.rtvnoticias.com.ar\/?p=35938&amp;share=facebook\" target=\"_blank\" title=\"Haz clic para compartir en Facebook\"><span><\/span><span class=\"sharing-screen-reader-text\">Haz clic para compartir en Facebook (Se abre en una ventana nueva)<\/span><\/a><\/li><li class=\"share-jetpack-whatsapp\"><a rel=\"nofollow noopener noreferrer\" data-shared=\"\" class=\"share-jetpack-whatsapp sd-button share-icon no-text\" href=\"http:\/\/www.rtvnoticias.com.ar\/?p=35938&amp;share=jetpack-whatsapp\" target=\"_blank\" title=\"Haz clic para compartir en WhatsApp\"><span><\/span><span class=\"sharing-screen-reader-text\">Haz clic para compartir en WhatsApp (Se abre en una ventana nueva)<\/span><\/a><\/li><li class=\"share-telegram\"><a rel=\"nofollow noopener noreferrer\" data-shared=\"\" class=\"share-telegram sd-button share-icon no-text\" href=\"http:\/\/www.rtvnoticias.com.ar\/?p=35938&amp;share=telegram\" target=\"_blank\" title=\"Haz clic para compartir en Telegram\"><span><\/span><span class=\"sharing-screen-reader-text\">Haz clic para compartir en Telegram (Se abre en una ventana nueva)<\/span><\/a><\/li><li class=\"share-end\"><\/li><\/ul><\/div><\/div><\/div>","protected":false},"author":7,"featured_media":35939,"comment_status":"closed","ping_status":"closed","sticky":false,"template":"","format":"standard","meta":{"spay_email":"","jetpack_publicize_message":"","jetpack_is_tweetstorm":false,"jetpack_publicize_feature_enabled":true},"categories":[4],"tags":[],"jetpack_featured_media_url":"http:\/\/www.rtvnoticias.com.ar\/wp-content\/uploads\/2023\/03\/isla-de-los-ninos-santa-rosa.jpg","jetpack_publicize_connections":[],"jetpack_sharing_enabled":true,"_links":{"self":[{"href":"http:\/\/www.rtvnoticias.com.ar\/index.php?rest_route=\/wp\/v2\/posts\/35938"}],"collection":[{"href":"http:\/\/www.rtvnoticias.com.ar\/index.php?rest_route=\/wp\/v2\/posts"}],"about":[{"href":"http:\/\/www.rtvnoticias.com.ar\/index.php?rest_route=\/wp\/v2\/types\/post"}],"author":[{"embeddable":true,"href":"http:\/\/www.rtvnoticias.com.ar\/index.php?rest_route=\/wp\/v2\/users\/7"}],"replies":[{"embeddable":true,"href":"http:\/\/www.rtvnoticias.com.ar\/index.php?rest_route=%2Fwp%2Fv2%2Fcomments&post=35938"}],"version-history":[{"count":1,"href":"http:\/\/www.rtvnoticias.com.ar\/index.php?rest_route=\/wp\/v2\/posts\/35938\/revisions"}],"predecessor-version":[{"id":35940,"href":"http:\/\/www.rtvnoticias.com.ar\/index.php?rest_route=\/wp\/v2\/posts\/35938\/revisions\/35940"}],"wp:featuredmedia":[{"embeddable":true,"href":"http:\/\/www.rtvnoticias.com.ar\/index.php?rest_route=\/wp\/v2\/media\/35939"}],"wp:attachment":[{"href":"http:\/\/www.rtvnoticias.com.ar\/index.php?rest_route=%2Fwp%2Fv2%2Fmedia&parent=35938"}],"wp:term":[{"taxonomy":"category","embeddable":true,"href":"http:\/\/www.rtvnoticias.com.ar\/index.php?rest_route=%2Fwp%2Fv2%2Fcategories&post=35938"},{"taxonomy":"post_tag","embeddable":true,"href":"http:\/\/www.rtvnoticias.com.ar\/index.php?rest_route=%2Fwp%2Fv2%2Ftags&post=35938"}],"curies":[{"name":"wp","href":"https:\/\/api.w.org\/{rel}","templated":true}]}}