{"id":35941,"date":"2023-03-17T12:18:54","date_gmt":"2023-03-17T15:18:54","guid":{"rendered":"http:\/\/www.rtvnoticias.com.ar\/?p=35941"},"modified":"2023-03-17T12:18:57","modified_gmt":"2023-03-17T15:18:57","slug":"alberto-fernandez-fue-operado-por-una-hernia-de-disco-lumbar-en-el-otamendi","status":"publish","type":"post","link":"http:\/\/www.rtvnoticias.com.ar\/?p=35941","title":{"rendered":"Alberto Fern\u00e1ndez fue operado por una hernia de disco lumbar en el Otamendi"},"content":{"rendered":"\n<p>El presidente Alberto Fern\u00e1ndez fue sometido hoy a un \u00abbloqueo lumbar\u00bb en el sanatorio Otamendi, luego de haber sido diagnosticado con \u00abuna hernia de disco lumbar\u00bb tras los estudios que le realizaron este martes en la cl\u00ednica porte\u00f1a.<\/p>\n\n\n\n<p>\u00abSe informa que, en el d\u00eda de la fecha, se realiz\u00f3 al se\u00f1or Presidente de la Naci\u00f3n, Doctor D. Alberto \u00c1ngel Fern\u00e1ndez un bloqueo radicular, debido a una hernia de disco lumbar\u00bb, indic\u00f3 la Unidad M\u00e9dica Presidencial en un escueto comunicado.<\/p>\n\n\n\n<p>Luego de la intervenci\u00f3n, detallaron que \u00abel Presidente ya se retir\u00f3 hacia la residencia de la Quinta de Olivos donde continuar\u00e1 con los controles correspondientes\u00bb.<\/p>\n\n\n\n<p>Fuentes de la Casa Rosada hab\u00edan indicado a NA que el jefe de Estado arrib\u00f3 a la instituci\u00f3n m\u00e9dica minutos despu\u00e9s de las 17 para realizarse la pr\u00e1ctica ambulatoria, tal como hab\u00eda aconsejado la Unidad M\u00e9dica Presidencial a partir de un dolor en la columna que empez\u00f3 a sufrir d\u00edas atr\u00e1s.<\/p>\n\n\n\n<p>Luego de haber recibido la indicaci\u00f3n de reducir su movilidad y \u00abadecuar sus actividades en la Residencia Presidencial\u00bb, Alberto Fern\u00e1ndez debi\u00f3 someterse al procedimiento que consiste en introducir una peque\u00f1a aguja fina, llegar hasta la ra\u00edz nerviosa donde se aloja el dolor y administrar la medicaci\u00f3n.<\/p>\n\n\n\n<p>Si bien en un principio el Presidente revel\u00f3 que la infiltraci\u00f3n tendr\u00eda lugar el pr\u00f3ximo viernes, fuentes oficiales hab\u00edan anticipado que la operaci\u00f3n se realizar\u00eda esta tarde luego de que el jefe de Estado cumpliera con sus tareas desde la Quinta de Olivos.<\/p>\n\n\n\n<p>El parte m\u00e9dico difundido por Presidencia este martes por la noche se\u00f1al\u00f3 que, tras asistir al sanatorio Otamendi, al jefe de Estado \u00abse le realizaron los estudios correspondientes, evidenci\u00e1ndose una hernia de disco lumbar\u00bb.<\/p>\n\n\n\n<p>\u00abPor tal motivo se realizar\u00e1 un bloqueo radicular programada en 48\/72 horas\u00bb, agreg\u00f3 aquel escueto comunicado que se conoci\u00f3 minutos antes de las 22.<\/p>\n\n\n\n<p>Las 48 horas necesarias para el bloqueo deben respetarse debido a que el mandatario toma anticoagulantes producto a la afecci\u00f3n pulmonar que sufri\u00f3 en 2019 y para realizar el procedimiento se necesita cortar el efecto de los mismos.<\/p>\n\n\n\n<p>Sin embargo, no se trata de la primera vez que la salud del jefe de Estado queda en el centro de las noticias, ya que mediados de noviembre de 2022, Fern\u00e1ndez debi\u00f3 ser trasladado hasta el Sanglah General Hospital de Bali, Indonesia, al sufrir descompensaci\u00f3n, con mareos y sangrado, producto de una gastritis erosiva.<\/p>\n\n\n\n<p>El inconveniente de salud hab\u00eda sucedido en el marco de una visita del Presidente a la ciudad de Bali, donde se encontraba para participar de la Cumbre de L\u00edderes del G20, la cual se realiz\u00f3 del 15 al 16 de noviembre de 2022.<\/p>\n\n\n\n<p>\u00abEn el d\u00eda de la fecha el Se\u00f1or Presidente de la Naci\u00f3n Argentina, Dr. Alberto \u00c1ngel Fern\u00e1ndez fue evaluado m\u00e9dicamente, se diagnostic\u00f3 una gastritis erosiva con signos de sangrado, recibi\u00f3 el tratamiento m\u00e9dico adecuado, encontr\u00e1ndose en buen estado de salud y reanudando sus actividades con control m\u00e9dico\u00bb, hab\u00eda indicado un comunicado oficial fechado el pasado 15 de noviembre.<\/p>\n\n\n\n<p>Luego de aquel episodio, el mandatario hab\u00eda explicado: \u00abTuve una descompensaci\u00f3n producto de una gastritis erosiva que me gener\u00f3 un sangrado y eso una baja de la presi\u00f3n muy importante, y para verificar el sangrado nos trasladamos al hospital de Bali y al solo efecto de hacer una endoscopia\u00bb.<\/p>\n<div class=\"sharedaddy sd-sharing-enabled\"><div class=\"robots-nocontent sd-block sd-social sd-social-icon sd-sharing\"><h3 class=\"sd-title\">Comparte esto:<\/h3><div class=\"sd-content\"><ul><li class=\"share-twitter\"><a rel=\"nofollow noopener noreferrer\" data-shared=\"sharing-twitter-35941\" class=\"share-twitter sd-button share-icon no-text\" href=\"http:\/\/www.rtvnoticias.com.ar\/?p=35941&amp;share=twitter\" target=\"_blank\" title=\"Haz clic para compartir en Twitter\"><span><\/span><span class=\"sharing-screen-reader-text\">Haz clic para compartir en Twitter (Se abre en una ventana nueva)<\/span><\/a><\/li><li class=\"share-facebook\"><a rel=\"nofollow noopener noreferrer\" data-shared=\"sharing-facebook-35941\" class=\"share-facebook sd-button share-icon no-text\" href=\"http:\/\/www.rtvnoticias.com.ar\/?p=35941&amp;share=facebook\" target=\"_blank\" title=\"Haz clic para compartir en Facebook\"><span><\/span><span class=\"sharing-screen-reader-text\">Haz clic para compartir en Facebook (Se abre en una ventana nueva)<\/span><\/a><\/li><li class=\"share-jetpack-whatsapp\"><a rel=\"nofollow noopener noreferrer\" data-shared=\"\" class=\"share-jetpack-whatsapp sd-button share-icon no-text\" href=\"http:\/\/www.rtvnoticias.com.ar\/?p=35941&amp;share=jetpack-whatsapp\" target=\"_blank\" title=\"Haz clic para compartir en WhatsApp\"><span><\/span><span class=\"sharing-screen-reader-text\">Haz clic para compartir en WhatsApp (Se abre en una ventana nueva)<\/span><\/a><\/li><li class=\"share-telegram\"><a rel=\"nofollow noopener noreferrer\" data-shared=\"\" class=\"share-telegram sd-button share-icon no-text\" href=\"http:\/\/www.rtvnoticias.com.ar\/?p=35941&amp;share=telegram\" target=\"_blank\" title=\"Haz clic para compartir en Telegram\"><span><\/span><span class=\"sharing-screen-reader-text\">Haz clic para compartir en Telegram (Se abre en una ventana nueva)<\/span><\/a><\/li><li class=\"share-end\"><\/li><\/ul><\/div><\/div><\/div>","protected":false},"excerpt":{"rendered":"<p>El presidente Alberto Fern\u00e1ndez fue sometido hoy a un \u00abbloqueo lumbar\u00bb en el sanatorio Otamendi, luego de haber sido diagnosticado con \u00abuna hernia de disco<\/p>\n<div class=\"sharedaddy sd-sharing-enabled\"><div class=\"robots-nocontent sd-block sd-social sd-social-icon sd-sharing\"><h3 class=\"sd-title\">Comparte esto:<\/h3><div class=\"sd-content\"><ul><li class=\"share-twitter\"><a rel=\"nofollow noopener noreferrer\" data-shared=\"sharing-twitter-35941\" class=\"share-twitter sd-button share-icon no-text\" href=\"http:\/\/www.rtvnoticias.com.ar\/?p=35941&amp;share=twitter\" target=\"_blank\" title=\"Haz clic para compartir en Twitter\"><span><\/span><span class=\"sharing-screen-reader-text\">Haz clic para compartir en Twitter (Se abre en una ventana nueva)<\/span><\/a><\/li><li class=\"share-facebook\"><a rel=\"nofollow noopener noreferrer\" data-shared=\"sharing-facebook-35941\" class=\"share-facebook sd-button share-icon no-text\" href=\"http:\/\/www.rtvnoticias.com.ar\/?p=35941&amp;share=facebook\" target=\"_blank\" title=\"Haz clic para compartir en Facebook\"><span><\/span><span class=\"sharing-screen-reader-text\">Haz clic para compartir en Facebook (Se abre en una ventana nueva)<\/span><\/a><\/li><li class=\"share-jetpack-whatsapp\"><a rel=\"nofollow noopener noreferrer\" data-shared=\"\" class=\"share-jetpack-whatsapp sd-button share-icon no-text\" href=\"http:\/\/www.rtvnoticias.com.ar\/?p=35941&amp;share=jetpack-whatsapp\" target=\"_blank\" title=\"Haz clic para compartir en WhatsApp\"><span><\/span><span class=\"sharing-screen-reader-text\">Haz clic para compartir en WhatsApp (Se abre en una ventana nueva)<\/span><\/a><\/li><li class=\"share-telegram\"><a rel=\"nofollow noopener noreferrer\" data-shared=\"\" class=\"share-telegram sd-button share-icon no-text\" href=\"http:\/\/www.rtvnoticias.com.ar\/?p=35941&amp;share=telegram\" target=\"_blank\" title=\"Haz clic para compartir en Telegram\"><span><\/span><span class=\"sharing-screen-reader-text\">Haz clic para compartir en Telegram (Se abre en una ventana nueva)<\/span><\/a><\/li><li class=\"share-end\"><\/li><\/ul><\/div><\/div><\/div>","protected":false},"author":7,"featured_media":35942,"comment_status":"closed","ping_status":"closed","sticky":false,"template":"","format":"standard","meta":{"spay_email":"","jetpack_publicize_message":"","jetpack_is_tweetstorm":false,"jetpack_publicize_feature_enabled":true},"categories":[5],"tags":[],"jetpack_featured_media_url":"http:\/\/www.rtvnoticias.com.ar\/wp-content\/uploads\/2023\/03\/d1377c9a-a8a8-4e34-931d-e15fa9a38cbf.jpg","jetpack_publicize_connections":[],"jetpack_sharing_enabled":true,"_links":{"self":[{"href":"http:\/\/www.rtvnoticias.com.ar\/index.php?rest_route=\/wp\/v2\/posts\/35941"}],"collection":[{"href":"http:\/\/www.rtvnoticias.com.ar\/index.php?rest_route=\/wp\/v2\/posts"}],"about":[{"href":"http:\/\/www.rtvnoticias.com.ar\/index.php?rest_route=\/wp\/v2\/types\/post"}],"author":[{"embeddable":true,"href":"http:\/\/www.rtvnoticias.com.ar\/index.php?rest_route=\/wp\/v2\/users\/7"}],"replies":[{"embeddable":true,"href":"http:\/\/www.rtvnoticias.com.ar\/index.php?rest_route=%2Fwp%2Fv2%2Fcomments&post=35941"}],"version-history":[{"count":1,"href":"http:\/\/www.rtvnoticias.com.ar\/index.php?rest_route=\/wp\/v2\/posts\/35941\/revisions"}],"predecessor-version":[{"id":35943,"href":"http:\/\/www.rtvnoticias.com.ar\/index.php?rest_route=\/wp\/v2\/posts\/35941\/revisions\/35943"}],"wp:featuredmedia":[{"embeddable":true,"href":"http:\/\/www.rtvnoticias.com.ar\/index.php?rest_route=\/wp\/v2\/media\/35942"}],"wp:attachment":[{"href":"http:\/\/www.rtvnoticias.com.ar\/index.php?rest_route=%2Fwp%2Fv2%2Fmedia&parent=35941"}],"wp:term":[{"taxonomy":"category","embeddable":true,"href":"http:\/\/www.rtvnoticias.com.ar\/index.php?rest_route=%2Fwp%2Fv2%2Fcategories&post=35941"},{"taxonomy":"post_tag","embeddable":true,"href":"http:\/\/www.rtvnoticias.com.ar\/index.php?rest_route=%2Fwp%2Fv2%2Ftags&post=35941"}],"curies":[{"name":"wp","href":"https:\/\/api.w.org\/{rel}","templated":true}]}}