{"id":35964,"date":"2023-03-20T20:00:41","date_gmt":"2023-03-20T23:00:41","guid":{"rendered":"http:\/\/www.rtvnoticias.com.ar\/?p=35964"},"modified":"2023-03-20T20:00:44","modified_gmt":"2023-03-20T23:00:44","slug":"anunciaron-actividades-en-el-marco-del-dia-de-la-memoria-por-la-verdad-y-justicia","status":"publish","type":"post","link":"http:\/\/www.rtvnoticias.com.ar\/?p=35964","title":{"rendered":"Anunciaron actividades en el marco del D\u00eda de la Memoria por la Verdad y Justicia"},"content":{"rendered":"\n<p>En la ma\u00f1ana de este lunes, y en el contexto del D\u00eda de la Memoria por la Verdad y Justicia, la Municipalidad de General Pico realiz\u00f3 en MEDANO el anuncio de las iniciativas de concientizaci\u00f3n y reflexi\u00f3n que se llevar\u00e1n a cabo tanto el d\u00eda 23 como el 24, junto con otras instituciones del medio.<\/p>\n\n\n\n<p>En este sentido, durante la primera jornada, desde las 19 horas, tendr\u00e1 lugar la vigilia en la Facultad de Ciencias Veterinarias y el acto central se concretar\u00e1 el viernes a las 10:00, con la presencia de autoridades del Ejecutivo municipal, en la Plaza Rinc\u00f3n de Los Amigos, situada en calles 6 y 111 bis.<\/p>\n\n\n\n<p>A las 17, en el mismo espacio, se dispondr\u00e1n stands aleg\u00f3ricos a la hist\u00f3rica fecha.<\/p>\n\n\n\n<p>Finalmente, a partir de las 18, el resto de las propuestas se concentrar\u00e1n en El Parador comenzando con m\u00fasica y freestyle. A las 19, se presentar\u00e1 la cantante Mayra Mallet, se proyectar\u00e1 el documental Fuerzas Vivas y a las 21.30, se desarrollar\u00e1 la obra de teatro \u201cL\u00e1pices, un musical con Memoria\u201d. Para concluir, a las 23, cerrar\u00e1 la banda local Viajeros.<\/p>\n\n\n\n<p>De la misma manera, toda la jornada contar\u00e1 con el acompa\u00f1amiento de diversas instituciones representativas como HIJOS, la Subsecretar\u00eda de DDHH, el Concejo Deliberante, UPCN, ATE, UTELPA, UNLPam y Corpico.<\/p>\n\n\n\n<p>De la conferencia de prensa participaron el secretario de Gobierno, Seguridad, Educaci\u00f3n y Justicia, Nicol\u00e1s Mendoza; el presidente del Concejo Deliberante, Daniel L\u00f3pez; el director de Cultura, Mat\u00edas Rach; el director de Participaci\u00f3n Ciudadana y Relaciones Institucionales, Cristian Viola; la subsecretaria acad\u00e9mica de la UNLPam, Patricia Far\u00edas y Carina Cairola, representante de UTELPa.<\/p>\n\n\n\n<p>En torno a ello, Mendoza manifest\u00f3: \u201cComo todos los a\u00f1os, y particularmente con la impronta que tiene la intendenta Fernanda Alonso de trabajar de manera coordinada entre las diferentes instituciones, la idea fue implementando estas iniciativas. En primer lugar, tendremos la vigilia, que se va a llevar a cabo en la Facultad de Veterinarias\u201d.<\/p>\n\n\n\n<p>Explic\u00f3 que continuar\u00e1 el viernes \u201ccon las actividades oficiales durante la ma\u00f1ana, con el acto oficial y la plantaci\u00f3n del \u00e1rbol, estipulado seg\u00fan ordenanza. Por la tarde, se trasladar\u00e1n al Predio Ferroviario. \u201cVamos a tener la posibilidad que las y los j\u00f3venes se involucren en esta fecha hist\u00f3rica, por lo que convocamos un grupo de traperos que van a hacer una presentaci\u00f3n de freestyle con esta tem\u00e1tica\u201d.<\/p>\n\n\n\n<p>Far\u00edas, por su parte, indic\u00f3: \u201cReeditamos la vigilia por este d\u00eda. Nuestra intenci\u00f3n es poder institucionalizarla, invitando a organismos, colegios, organizaciones sociales y centros de estudiantes con el objetivo que la Universidad se constituya en un espacio p\u00fablico para que podamos construir memoria\u201d.<\/p>\n\n\n\n<p>Adem\u00e1s, agradeci\u00f3 el acompa\u00f1amiento de la Direcci\u00f3n de la Juventud que \u201cconvoc\u00f3 a un nuevo p\u00fablico, con nuevas formas de comunicarnos con las nuevas generaciones\u201d.<\/p>\n<div class=\"sharedaddy sd-sharing-enabled\"><div class=\"robots-nocontent sd-block sd-social sd-social-icon sd-sharing\"><h3 class=\"sd-title\">Comparte esto:<\/h3><div class=\"sd-content\"><ul><li class=\"share-twitter\"><a rel=\"nofollow noopener noreferrer\" data-shared=\"sharing-twitter-35964\" class=\"share-twitter sd-button share-icon no-text\" href=\"http:\/\/www.rtvnoticias.com.ar\/?p=35964&amp;share=twitter\" target=\"_blank\" title=\"Haz clic para compartir en Twitter\"><span><\/span><span class=\"sharing-screen-reader-text\">Haz clic para compartir en Twitter (Se abre en una ventana nueva)<\/span><\/a><\/li><li class=\"share-facebook\"><a rel=\"nofollow noopener noreferrer\" data-shared=\"sharing-facebook-35964\" class=\"share-facebook sd-button share-icon no-text\" href=\"http:\/\/www.rtvnoticias.com.ar\/?p=35964&amp;share=facebook\" target=\"_blank\" title=\"Haz clic para compartir en Facebook\"><span><\/span><span class=\"sharing-screen-reader-text\">Haz clic para compartir en Facebook (Se abre en una ventana nueva)<\/span><\/a><\/li><li class=\"share-jetpack-whatsapp\"><a rel=\"nofollow noopener noreferrer\" data-shared=\"\" class=\"share-jetpack-whatsapp sd-button share-icon no-text\" href=\"http:\/\/www.rtvnoticias.com.ar\/?p=35964&amp;share=jetpack-whatsapp\" target=\"_blank\" title=\"Haz clic para compartir en WhatsApp\"><span><\/span><span class=\"sharing-screen-reader-text\">Haz clic para compartir en WhatsApp (Se abre en una ventana nueva)<\/span><\/a><\/li><li class=\"share-telegram\"><a rel=\"nofollow noopener noreferrer\" data-shared=\"\" class=\"share-telegram sd-button share-icon no-text\" href=\"http:\/\/www.rtvnoticias.com.ar\/?p=35964&amp;share=telegram\" target=\"_blank\" title=\"Haz clic para compartir en Telegram\"><span><\/span><span class=\"sharing-screen-reader-text\">Haz clic para compartir en Telegram (Se abre en una ventana nueva)<\/span><\/a><\/li><li class=\"share-end\"><\/li><\/ul><\/div><\/div><\/div>","protected":false},"excerpt":{"rendered":"<p>En la ma\u00f1ana de este lunes, y en el contexto del D\u00eda de la Memoria por la Verdad y Justicia, la Municipalidad de General Pico<\/p>\n<div class=\"sharedaddy sd-sharing-enabled\"><div class=\"robots-nocontent sd-block sd-social sd-social-icon sd-sharing\"><h3 class=\"sd-title\">Comparte esto:<\/h3><div class=\"sd-content\"><ul><li class=\"share-twitter\"><a rel=\"nofollow noopener noreferrer\" data-shared=\"sharing-twitter-35964\" class=\"share-twitter sd-button share-icon no-text\" href=\"http:\/\/www.rtvnoticias.com.ar\/?p=35964&amp;share=twitter\" target=\"_blank\" title=\"Haz clic para compartir en Twitter\"><span><\/span><span class=\"sharing-screen-reader-text\">Haz clic para compartir en Twitter (Se abre en una ventana nueva)<\/span><\/a><\/li><li class=\"share-facebook\"><a rel=\"nofollow noopener noreferrer\" data-shared=\"sharing-facebook-35964\" class=\"share-facebook sd-button share-icon no-text\" href=\"http:\/\/www.rtvnoticias.com.ar\/?p=35964&amp;share=facebook\" target=\"_blank\" title=\"Haz clic para compartir en Facebook\"><span><\/span><span class=\"sharing-screen-reader-text\">Haz clic para compartir en Facebook (Se abre en una ventana nueva)<\/span><\/a><\/li><li class=\"share-jetpack-whatsapp\"><a rel=\"nofollow noopener noreferrer\" data-shared=\"\" class=\"share-jetpack-whatsapp sd-button share-icon no-text\" href=\"http:\/\/www.rtvnoticias.com.ar\/?p=35964&amp;share=jetpack-whatsapp\" target=\"_blank\" title=\"Haz clic para compartir en WhatsApp\"><span><\/span><span class=\"sharing-screen-reader-text\">Haz clic para compartir en WhatsApp (Se abre en una ventana nueva)<\/span><\/a><\/li><li class=\"share-telegram\"><a rel=\"nofollow noopener noreferrer\" data-shared=\"\" class=\"share-telegram sd-button share-icon no-text\" href=\"http:\/\/www.rtvnoticias.com.ar\/?p=35964&amp;share=telegram\" target=\"_blank\" title=\"Haz clic para compartir en Telegram\"><span><\/span><span class=\"sharing-screen-reader-text\">Haz clic para compartir en Telegram (Se abre en una ventana nueva)<\/span><\/a><\/li><li class=\"share-end\"><\/li><\/ul><\/div><\/div><\/div>","protected":false},"author":7,"featured_media":35965,"comment_status":"closed","ping_status":"closed","sticky":false,"template":"","format":"standard","meta":{"spay_email":"","jetpack_publicize_message":"","jetpack_is_tweetstorm":false,"jetpack_publicize_feature_enabled":true},"categories":[3],"tags":[],"jetpack_featured_media_url":"http:\/\/www.rtvnoticias.com.ar\/wp-content\/uploads\/2023\/03\/conferencia-24-3.jpg","jetpack_publicize_connections":[],"jetpack_sharing_enabled":true,"_links":{"self":[{"href":"http:\/\/www.rtvnoticias.com.ar\/index.php?rest_route=\/wp\/v2\/posts\/35964"}],"collection":[{"href":"http:\/\/www.rtvnoticias.com.ar\/index.php?rest_route=\/wp\/v2\/posts"}],"about":[{"href":"http:\/\/www.rtvnoticias.com.ar\/index.php?rest_route=\/wp\/v2\/types\/post"}],"author":[{"embeddable":true,"href":"http:\/\/www.rtvnoticias.com.ar\/index.php?rest_route=\/wp\/v2\/users\/7"}],"replies":[{"embeddable":true,"href":"http:\/\/www.rtvnoticias.com.ar\/index.php?rest_route=%2Fwp%2Fv2%2Fcomments&post=35964"}],"version-history":[{"count":1,"href":"http:\/\/www.rtvnoticias.com.ar\/index.php?rest_route=\/wp\/v2\/posts\/35964\/revisions"}],"predecessor-version":[{"id":35966,"href":"http:\/\/www.rtvnoticias.com.ar\/index.php?rest_route=\/wp\/v2\/posts\/35964\/revisions\/35966"}],"wp:featuredmedia":[{"embeddable":true,"href":"http:\/\/www.rtvnoticias.com.ar\/index.php?rest_route=\/wp\/v2\/media\/35965"}],"wp:attachment":[{"href":"http:\/\/www.rtvnoticias.com.ar\/index.php?rest_route=%2Fwp%2Fv2%2Fmedia&parent=35964"}],"wp:term":[{"taxonomy":"category","embeddable":true,"href":"http:\/\/www.rtvnoticias.com.ar\/index.php?rest_route=%2Fwp%2Fv2%2Fcategories&post=35964"},{"taxonomy":"post_tag","embeddable":true,"href":"http:\/\/www.rtvnoticias.com.ar\/index.php?rest_route=%2Fwp%2Fv2%2Ftags&post=35964"}],"curies":[{"name":"wp","href":"https:\/\/api.w.org\/{rel}","templated":true}]}}