{"id":35970,"date":"2023-03-21T10:04:18","date_gmt":"2023-03-21T13:04:18","guid":{"rendered":"http:\/\/www.rtvnoticias.com.ar\/?p=35970"},"modified":"2023-03-21T10:04:21","modified_gmt":"2023-03-21T13:04:21","slug":"el-gobierno-intervino-edesur-por-180-dias-jorge-ferraresi-se-hace-cargo","status":"publish","type":"post","link":"http:\/\/www.rtvnoticias.com.ar\/?p=35970","title":{"rendered":"El Gobierno intervino Edesur por 180 d\u00edas: Jorge Ferraresi se hace cargo"},"content":{"rendered":"\n<p class=\"has-text-align-center\"><strong>Lo anunci\u00f3 el ministro de Econom\u00eda, Sergio Massa, por disposici\u00f3n de la Secretar\u00eda de Energ\u00eda. Es para fiscalizar el cumplimiento de las obras y la mejora del servicio ante la ola de interrupciones.<\/strong><\/p>\n\n\n\n<p>El ministro de Econom\u00eda, Sergio Massa, anunci\u00f3 este lunes la intervenci\u00f3n por 180 d\u00edas de la distribuidora de energ\u00eda el\u00e9ctrica Edesur para controlar la realizaci\u00f3n de obras que mejoren su prestaci\u00f3n, luego de la ola de cortes en el suministro de la zona sur del \u00c1rea Metropolitana Buenos Aires (AMBA) en la que esa empresa presta servicios.<\/p>\n\n\n\n<p>\u201cHemos instruido al Ente Nacional Regulador de la Electricidad (ENRE) para la intervenci\u00f3n por 180 d\u00edas\u201d de Edesur \u201cpara la fiscalizaci\u00f3n de las obras y de las mejoras en el servicio \u201c que debe prestar la empresa, anunci\u00f3 esta tarde Massa durante un mensaje, en el que estuvo acompa\u00f1ado por la secretaria de Energ\u00eda, Flavia Royon; el secretario Legal y Administrativo, Ricardo Casal; y el interventor en el ENRE, Walter Martello.<\/p>\n\n\n\n<p>En ese marco, el ministro anunci\u00f3 tambi\u00e9n que a cargo de la intervenci\u00f3n estar\u00e1 Jorge Ferraresi, quien \u00abser\u00e1 el encargado de fiscalizar y controlar\u201d las obras que se llevar\u00e1n adelante para mejorar la prestaci\u00f3n del servicio.<\/p>\n\n\n\n<p>\u201cSituaciones como las que le han tocado vivir a miles de argentinos no se pueden volver a repetir\u201d, dijo Massa en referencia a los prolongados cortes de energ\u00eda que sufrieron miles de usuarios en la zona de concesi\u00f3n de Edesur, en el sur de la Capital Federal y el Gran Buenos Aires, en las dos \u00faltimas semanas.<\/p>\n\n\n\n<p>Massa adelant\u00f3 adem\u00e1s, que a los usuarios se les bonificar\u00e1 el pago de la factura, usando los $ 2.700 millones que el Estado le impuso de multa a la empresa por diversos incumplimientos de contrato.<\/p>\n\n\n\n<p>En su mensaje, Massa se encarg\u00f3 de dejar en claro que la decisi\u00f3n de intervenir \u201cno afecta el contrato de concesi\u00f3n\u201d que tiene la compa\u00f1\u00eda Enel.<\/p>\n<div class=\"sharedaddy sd-sharing-enabled\"><div class=\"robots-nocontent sd-block sd-social sd-social-icon sd-sharing\"><h3 class=\"sd-title\">Comparte esto:<\/h3><div class=\"sd-content\"><ul><li class=\"share-twitter\"><a rel=\"nofollow noopener noreferrer\" data-shared=\"sharing-twitter-35970\" class=\"share-twitter sd-button share-icon no-text\" href=\"http:\/\/www.rtvnoticias.com.ar\/?p=35970&amp;share=twitter\" target=\"_blank\" title=\"Haz clic para compartir en Twitter\"><span><\/span><span class=\"sharing-screen-reader-text\">Haz clic para compartir en Twitter (Se abre en una ventana nueva)<\/span><\/a><\/li><li class=\"share-facebook\"><a rel=\"nofollow noopener noreferrer\" data-shared=\"sharing-facebook-35970\" class=\"share-facebook sd-button share-icon no-text\" href=\"http:\/\/www.rtvnoticias.com.ar\/?p=35970&amp;share=facebook\" target=\"_blank\" title=\"Haz clic para compartir en Facebook\"><span><\/span><span class=\"sharing-screen-reader-text\">Haz clic para compartir en Facebook (Se abre en una ventana nueva)<\/span><\/a><\/li><li class=\"share-jetpack-whatsapp\"><a rel=\"nofollow noopener noreferrer\" data-shared=\"\" class=\"share-jetpack-whatsapp sd-button share-icon no-text\" href=\"http:\/\/www.rtvnoticias.com.ar\/?p=35970&amp;share=jetpack-whatsapp\" target=\"_blank\" title=\"Haz clic para compartir en WhatsApp\"><span><\/span><span class=\"sharing-screen-reader-text\">Haz clic para compartir en WhatsApp (Se abre en una ventana nueva)<\/span><\/a><\/li><li class=\"share-telegram\"><a rel=\"nofollow noopener noreferrer\" data-shared=\"\" class=\"share-telegram sd-button share-icon no-text\" href=\"http:\/\/www.rtvnoticias.com.ar\/?p=35970&amp;share=telegram\" target=\"_blank\" title=\"Haz clic para compartir en Telegram\"><span><\/span><span class=\"sharing-screen-reader-text\">Haz clic para compartir en Telegram (Se abre en una ventana nueva)<\/span><\/a><\/li><li class=\"share-end\"><\/li><\/ul><\/div><\/div><\/div>","protected":false},"excerpt":{"rendered":"<p>Lo anunci\u00f3 el ministro de Econom\u00eda, Sergio Massa, por disposici\u00f3n de la Secretar\u00eda de Energ\u00eda. Es para fiscalizar el cumplimiento de las obras y la<\/p>\n<div class=\"sharedaddy sd-sharing-enabled\"><div class=\"robots-nocontent sd-block sd-social sd-social-icon sd-sharing\"><h3 class=\"sd-title\">Comparte esto:<\/h3><div class=\"sd-content\"><ul><li class=\"share-twitter\"><a rel=\"nofollow noopener noreferrer\" data-shared=\"sharing-twitter-35970\" class=\"share-twitter sd-button share-icon no-text\" href=\"http:\/\/www.rtvnoticias.com.ar\/?p=35970&amp;share=twitter\" target=\"_blank\" title=\"Haz clic para compartir en Twitter\"><span><\/span><span class=\"sharing-screen-reader-text\">Haz clic para compartir en Twitter (Se abre en una ventana nueva)<\/span><\/a><\/li><li class=\"share-facebook\"><a rel=\"nofollow noopener noreferrer\" data-shared=\"sharing-facebook-35970\" class=\"share-facebook sd-button share-icon no-text\" href=\"http:\/\/www.rtvnoticias.com.ar\/?p=35970&amp;share=facebook\" target=\"_blank\" title=\"Haz clic para compartir en Facebook\"><span><\/span><span class=\"sharing-screen-reader-text\">Haz clic para compartir en Facebook (Se abre en una ventana nueva)<\/span><\/a><\/li><li class=\"share-jetpack-whatsapp\"><a rel=\"nofollow noopener noreferrer\" data-shared=\"\" class=\"share-jetpack-whatsapp sd-button share-icon no-text\" href=\"http:\/\/www.rtvnoticias.com.ar\/?p=35970&amp;share=jetpack-whatsapp\" target=\"_blank\" title=\"Haz clic para compartir en WhatsApp\"><span><\/span><span class=\"sharing-screen-reader-text\">Haz clic para compartir en WhatsApp (Se abre en una ventana nueva)<\/span><\/a><\/li><li class=\"share-telegram\"><a rel=\"nofollow noopener noreferrer\" data-shared=\"\" class=\"share-telegram sd-button share-icon no-text\" href=\"http:\/\/www.rtvnoticias.com.ar\/?p=35970&amp;share=telegram\" target=\"_blank\" title=\"Haz clic para compartir en Telegram\"><span><\/span><span class=\"sharing-screen-reader-text\">Haz clic para compartir en Telegram (Se abre en una ventana nueva)<\/span><\/a><\/li><li class=\"share-end\"><\/li><\/ul><\/div><\/div><\/div>","protected":false},"author":7,"featured_media":35971,"comment_status":"closed","ping_status":"closed","sticky":false,"template":"","format":"standard","meta":{"spay_email":"","jetpack_publicize_message":"","jetpack_is_tweetstorm":false,"jetpack_publicize_feature_enabled":true},"categories":[5],"tags":[],"jetpack_featured_media_url":"http:\/\/www.rtvnoticias.com.ar\/wp-content\/uploads\/2023\/03\/ferraresi.jpg","jetpack_publicize_connections":[],"jetpack_sharing_enabled":true,"_links":{"self":[{"href":"http:\/\/www.rtvnoticias.com.ar\/index.php?rest_route=\/wp\/v2\/posts\/35970"}],"collection":[{"href":"http:\/\/www.rtvnoticias.com.ar\/index.php?rest_route=\/wp\/v2\/posts"}],"about":[{"href":"http:\/\/www.rtvnoticias.com.ar\/index.php?rest_route=\/wp\/v2\/types\/post"}],"author":[{"embeddable":true,"href":"http:\/\/www.rtvnoticias.com.ar\/index.php?rest_route=\/wp\/v2\/users\/7"}],"replies":[{"embeddable":true,"href":"http:\/\/www.rtvnoticias.com.ar\/index.php?rest_route=%2Fwp%2Fv2%2Fcomments&post=35970"}],"version-history":[{"count":1,"href":"http:\/\/www.rtvnoticias.com.ar\/index.php?rest_route=\/wp\/v2\/posts\/35970\/revisions"}],"predecessor-version":[{"id":35972,"href":"http:\/\/www.rtvnoticias.com.ar\/index.php?rest_route=\/wp\/v2\/posts\/35970\/revisions\/35972"}],"wp:featuredmedia":[{"embeddable":true,"href":"http:\/\/www.rtvnoticias.com.ar\/index.php?rest_route=\/wp\/v2\/media\/35971"}],"wp:attachment":[{"href":"http:\/\/www.rtvnoticias.com.ar\/index.php?rest_route=%2Fwp%2Fv2%2Fmedia&parent=35970"}],"wp:term":[{"taxonomy":"category","embeddable":true,"href":"http:\/\/www.rtvnoticias.com.ar\/index.php?rest_route=%2Fwp%2Fv2%2Fcategories&post=35970"},{"taxonomy":"post_tag","embeddable":true,"href":"http:\/\/www.rtvnoticias.com.ar\/index.php?rest_route=%2Fwp%2Fv2%2Ftags&post=35970"}],"curies":[{"name":"wp","href":"https:\/\/api.w.org\/{rel}","templated":true}]}}