{"id":35973,"date":"2023-03-21T12:37:46","date_gmt":"2023-03-21T15:37:46","guid":{"rendered":"http:\/\/www.rtvnoticias.com.ar\/?p=35973"},"modified":"2023-03-21T12:37:50","modified_gmt":"2023-03-21T15:37:50","slug":"dos-abogadas-sortedas-para-el-jury-a-la-jueza-perez-ballester","status":"publish","type":"post","link":"http:\/\/www.rtvnoticias.com.ar\/?p=35973","title":{"rendered":"Dos abogadas sortedas para el jury a la jueza P\u00e9rez Ballester"},"content":{"rendered":"\n<p>Las abogadas Mar\u00eda Natalia Gaccio y Silvina Mar\u00eda Garro fueron designadas mediante un sorteo para integrar el jurado de enjuiciamiento que evaluar\u00e1 las denuncias realizadas contra la jueza de familia, ni\u00f1as, ni\u00f1os y adolescentes de General Pico, Ana Clara P\u00e9rez Ballester y la defensora oficial Elisa Alejandra Cat\u00e1n, por su actuaci\u00f3n cuando el ni\u00f1o Lucio Dupuy fue entregado a su madre.<\/p>\n\n\n\n<p>El nene de 5 a\u00f1os despu\u00e9s que fuera entragado a su progenitora y a su novia, recibi\u00f3 maltrato, fue abusado sexualmente y asesinado.<\/p>\n\n\n\n<p>El sorteo se hizo en la Sala de Acuerdos del Superior Tribunal de Justicia. Estuvo encabezado por la presidenta del organismo, y a su vez titular del jurado, la ministra Elena Victoria Fresco. Tambi\u00e9n asistieron las diputadas Mar\u00eda Silvia Larreta y Mar\u00eda Andrea Valderrama Calvo, que integran el jury en condici\u00f3n de titulares.<\/p>\n\n\n\n<p>Las abogadas sorteadas, Gaccio y Garro, ejercen en Santa Rosa. Eran parte la lista conformada por abogados y abogadas matriculadas en el Colegio de Abogados.<\/p>\n\n\n\n<p>Las abogadas deben aceptar o rechazar las designaciones, ya que la ley 313 de Jurado de Enjuiciamiento prev\u00e9 causales de excusaci\u00f3n y recusaci\u00f3n.<\/p>\n\n\n\n<p>El jurado de enjuiciamiento o jury es el tribunal a cargo del juzgamiento de los miembros del Poder Judicial por mal desempe\u00f1o de sus funciones, delitos en el ejercicio de sus funciones, o por delitos comunes. Eventualmente, si las encuentran responsables, la jueza y la asesora pueden ser echadas de sus cargos.<\/p>\n\n\n\n<p>La norma establece que el mal desempe\u00f1o debe ser reiterado, es decir que no alcanza con un solo caso para la destituci\u00f3n. Pero esto puede ser una interpretaci\u00f3n de la actuaci\u00f3n en el mismo caso de la tenencia de Lucio y su entrega a la madre Magdalena Esp\u00f3sito Valenti y su novia Abigail P\u00e1ez.<\/p>\n\n\n\n<p>En el jurado de encjuicimiento hay dos pedidos de jury.<\/p>\n\n\n\n<p>Uno lo realiz\u00f3 el bloque oficialista del PJ a la jueza P\u00e9rez Ballester y a la asesora de Menores de Pico, mientras que y otro del PRO contra la magistrada.<\/p>\n\n\n\n<p>En los dos casos se se\u00f1ala el mal desempe\u00f1o en el caso y a la decisi\u00f3n de la magistrada de otorgarle la tenencia del nene a su madre, Magdalena Esp\u00f3sito Valenti, sin haber pedido un estudio socioambiental ni realizar un seguimiento del caso.<\/p>\n\n\n\n<p>Las restantes integrantes del jury son la presidenta del Superior Tribunal de Justicia, Elena Victoria Fresco, las diputadas provinciales Silvia Larreta (Frejupa) y Andrea Valderrama (Frepam).<\/p>\n\n\n\n<p>Lucio fue asesinado el 26 de noviembre de 2021. Por ese asesinato y el abuso sexual del nene fueron declaradas culpables su madre, Esp\u00f3sito Valenti, y su pareja Abigail P\u00e1ez. Las mujeres recibieron la pena de prisi\u00f3n perpetua por el aberrante crimen.<\/p>\n<div class=\"sharedaddy sd-sharing-enabled\"><div class=\"robots-nocontent sd-block sd-social sd-social-icon sd-sharing\"><h3 class=\"sd-title\">Comparte esto:<\/h3><div class=\"sd-content\"><ul><li class=\"share-twitter\"><a rel=\"nofollow noopener noreferrer\" data-shared=\"sharing-twitter-35973\" class=\"share-twitter sd-button share-icon no-text\" href=\"http:\/\/www.rtvnoticias.com.ar\/?p=35973&amp;share=twitter\" target=\"_blank\" title=\"Haz clic para compartir en Twitter\"><span><\/span><span class=\"sharing-screen-reader-text\">Haz clic para compartir en Twitter (Se abre en una ventana nueva)<\/span><\/a><\/li><li class=\"share-facebook\"><a rel=\"nofollow noopener noreferrer\" data-shared=\"sharing-facebook-35973\" class=\"share-facebook sd-button share-icon no-text\" href=\"http:\/\/www.rtvnoticias.com.ar\/?p=35973&amp;share=facebook\" target=\"_blank\" title=\"Haz clic para compartir en Facebook\"><span><\/span><span class=\"sharing-screen-reader-text\">Haz clic para compartir en Facebook (Se abre en una ventana nueva)<\/span><\/a><\/li><li class=\"share-jetpack-whatsapp\"><a rel=\"nofollow noopener noreferrer\" data-shared=\"\" class=\"share-jetpack-whatsapp sd-button share-icon no-text\" href=\"http:\/\/www.rtvnoticias.com.ar\/?p=35973&amp;share=jetpack-whatsapp\" target=\"_blank\" title=\"Haz clic para compartir en WhatsApp\"><span><\/span><span class=\"sharing-screen-reader-text\">Haz clic para compartir en WhatsApp (Se abre en una ventana nueva)<\/span><\/a><\/li><li class=\"share-telegram\"><a rel=\"nofollow noopener noreferrer\" data-shared=\"\" class=\"share-telegram sd-button share-icon no-text\" href=\"http:\/\/www.rtvnoticias.com.ar\/?p=35973&amp;share=telegram\" target=\"_blank\" title=\"Haz clic para compartir en Telegram\"><span><\/span><span class=\"sharing-screen-reader-text\">Haz clic para compartir en Telegram (Se abre en una ventana nueva)<\/span><\/a><\/li><li class=\"share-end\"><\/li><\/ul><\/div><\/div><\/div>","protected":false},"excerpt":{"rendered":"<p>Las abogadas Mar\u00eda Natalia Gaccio y Silvina Mar\u00eda Garro fueron designadas mediante un sorteo para integrar el jurado de enjuiciamiento que evaluar\u00e1 las denuncias realizadas<\/p>\n<div class=\"sharedaddy sd-sharing-enabled\"><div class=\"robots-nocontent sd-block sd-social sd-social-icon sd-sharing\"><h3 class=\"sd-title\">Comparte esto:<\/h3><div class=\"sd-content\"><ul><li class=\"share-twitter\"><a rel=\"nofollow noopener noreferrer\" data-shared=\"sharing-twitter-35973\" class=\"share-twitter sd-button share-icon no-text\" href=\"http:\/\/www.rtvnoticias.com.ar\/?p=35973&amp;share=twitter\" target=\"_blank\" title=\"Haz clic para compartir en Twitter\"><span><\/span><span class=\"sharing-screen-reader-text\">Haz clic para compartir en Twitter (Se abre en una ventana nueva)<\/span><\/a><\/li><li class=\"share-facebook\"><a rel=\"nofollow noopener noreferrer\" data-shared=\"sharing-facebook-35973\" class=\"share-facebook sd-button share-icon no-text\" href=\"http:\/\/www.rtvnoticias.com.ar\/?p=35973&amp;share=facebook\" target=\"_blank\" title=\"Haz clic para compartir en Facebook\"><span><\/span><span class=\"sharing-screen-reader-text\">Haz clic para compartir en Facebook (Se abre en una ventana nueva)<\/span><\/a><\/li><li class=\"share-jetpack-whatsapp\"><a rel=\"nofollow noopener noreferrer\" data-shared=\"\" class=\"share-jetpack-whatsapp sd-button share-icon no-text\" href=\"http:\/\/www.rtvnoticias.com.ar\/?p=35973&amp;share=jetpack-whatsapp\" target=\"_blank\" title=\"Haz clic para compartir en WhatsApp\"><span><\/span><span class=\"sharing-screen-reader-text\">Haz clic para compartir en WhatsApp (Se abre en una ventana nueva)<\/span><\/a><\/li><li class=\"share-telegram\"><a rel=\"nofollow noopener noreferrer\" data-shared=\"\" class=\"share-telegram sd-button share-icon no-text\" href=\"http:\/\/www.rtvnoticias.com.ar\/?p=35973&amp;share=telegram\" target=\"_blank\" title=\"Haz clic para compartir en Telegram\"><span><\/span><span class=\"sharing-screen-reader-text\">Haz clic para compartir en Telegram (Se abre en una ventana nueva)<\/span><\/a><\/li><li class=\"share-end\"><\/li><\/ul><\/div><\/div><\/div>","protected":false},"author":7,"featured_media":34480,"comment_status":"closed","ping_status":"closed","sticky":false,"template":"","format":"standard","meta":{"spay_email":"","jetpack_publicize_message":"","jetpack_is_tweetstorm":false,"jetpack_publicize_feature_enabled":true},"categories":[4],"tags":[],"jetpack_featured_media_url":"http:\/\/www.rtvnoticias.com.ar\/wp-content\/uploads\/2022\/11\/perez-ballester.jpg","jetpack_publicize_connections":[],"jetpack_sharing_enabled":true,"_links":{"self":[{"href":"http:\/\/www.rtvnoticias.com.ar\/index.php?rest_route=\/wp\/v2\/posts\/35973"}],"collection":[{"href":"http:\/\/www.rtvnoticias.com.ar\/index.php?rest_route=\/wp\/v2\/posts"}],"about":[{"href":"http:\/\/www.rtvnoticias.com.ar\/index.php?rest_route=\/wp\/v2\/types\/post"}],"author":[{"embeddable":true,"href":"http:\/\/www.rtvnoticias.com.ar\/index.php?rest_route=\/wp\/v2\/users\/7"}],"replies":[{"embeddable":true,"href":"http:\/\/www.rtvnoticias.com.ar\/index.php?rest_route=%2Fwp%2Fv2%2Fcomments&post=35973"}],"version-history":[{"count":1,"href":"http:\/\/www.rtvnoticias.com.ar\/index.php?rest_route=\/wp\/v2\/posts\/35973\/revisions"}],"predecessor-version":[{"id":35974,"href":"http:\/\/www.rtvnoticias.com.ar\/index.php?rest_route=\/wp\/v2\/posts\/35973\/revisions\/35974"}],"wp:featuredmedia":[{"embeddable":true,"href":"http:\/\/www.rtvnoticias.com.ar\/index.php?rest_route=\/wp\/v2\/media\/34480"}],"wp:attachment":[{"href":"http:\/\/www.rtvnoticias.com.ar\/index.php?rest_route=%2Fwp%2Fv2%2Fmedia&parent=35973"}],"wp:term":[{"taxonomy":"category","embeddable":true,"href":"http:\/\/www.rtvnoticias.com.ar\/index.php?rest_route=%2Fwp%2Fv2%2Fcategories&post=35973"},{"taxonomy":"post_tag","embeddable":true,"href":"http:\/\/www.rtvnoticias.com.ar\/index.php?rest_route=%2Fwp%2Fv2%2Ftags&post=35973"}],"curies":[{"name":"wp","href":"https:\/\/api.w.org\/{rel}","templated":true}]}}