{"id":35975,"date":"2023-03-22T10:01:07","date_gmt":"2023-03-22T13:01:07","guid":{"rendered":"http:\/\/www.rtvnoticias.com.ar\/?p=35975"},"modified":"2023-03-22T10:01:10","modified_gmt":"2023-03-22T13:01:10","slug":"arrastro-50-metros-con-su-camioneta-y-mato-a-la-hija-de-su-pareja-en-neuquen","status":"publish","type":"post","link":"http:\/\/www.rtvnoticias.com.ar\/?p=35975","title":{"rendered":"Arrastr\u00f3 50 metros con su camioneta y mat\u00f3 a la hija de su pareja en Neuqu\u00e9n"},"content":{"rendered":"\n<p class=\"has-text-align-center\"><strong>El hombre fue acusado de \u201chomicidio culposo agravado\u201d. Sin embargo, qued\u00f3 en libertad.<\/strong><\/p>\n\n\n\n<p>Un hombre arrastr\u00f3 con su camioneta durante 50 metros a la hija de 10 a\u00f1os de su pareja, que muri\u00f3 por el hecho, en Neuqu\u00e9n. Por tal motivo, el Ministerio P\u00fablico Fiscal (MPF) lo imput\u00f3 por \u201chomicidio culposo agravado\u201d, aunque qued\u00f3 en libertad.<\/p>\n\n\n\n<p>El dram\u00e1tico hecho se produjo el domingo pasado a la medianoche en el barrio Villa Ceferino. Luis Hern\u00e1n Cort\u00e9s Castro fue acusado este martes por el asesinato de Valentina.<\/p>\n\n\n\n<p>La acusaci\u00f3n fue formulada el martes al mediod\u00eda en la Ciudad Judicial por las asistentes letradas Guadalupe Inaudi y Lucrecia Sola.<\/p>\n\n\n\n<p>Cort\u00e9s Castro estaba a bordo de una camioneta Toyota Hilux cuando fue a buscar a su pareja. Cuando esta se subi\u00f3 al veh\u00edculo, la menor sali\u00f3 de la casa, se ubic\u00f3 al costado del mismo para que no se marcharan y se sujet\u00f3.<\/p>\n\n\n\n<p>\u00abAnte esta situaci\u00f3n, el conductor arranc\u00f3 y manej\u00f3 por alrededor de 50 metros. Luego, la nena cay\u00f3 del rodado y golpe\u00f3 la cabeza contra el ripio de la calle\u00bb, detall\u00f3 el MPF mediante un comunicado.<\/p>\n\n\n\n<p>\u00abDespu\u00e9s de que la ni\u00f1a cayera, el acusado y la mujer no advirtieron lo ocurrido y continuaron la marcha\u00bb, se\u00f1alaron las abogadas.<\/p>\n\n\n\n<p>\u00abLos vecinos y vecinas vieron a la ni\u00f1a tendida en el ripio y avisaron a familiares de ella, quienes llamaron a la madre por tel\u00e9fono\u00bb, agregaron.<\/p>\n\n\n\n<p>Y finalizaron: \u00abLa madre y su pareja regresaron minutos despu\u00e9s en la camioneta y trasladaron a la ni\u00f1a hacia un hospital\u00bb.<\/p>\n\n\n\n<p>La nena de 10 a\u00f1os sufri\u00f3 una fractura de cr\u00e1neo, motivo por el cual perdi\u00f3 la vida, seg\u00fan arroj\u00f3 el resultado de la autopsia.<\/p>\n\n\n\n<p>Tras imputarlo por homicidio culposo agravado por la conducci\u00f3n imprudente de un rodado, en car\u00e1cter de autor, el hombre deber\u00e1 realizar presentaciones semanales en la sede del ministerio como medida de coerci\u00f3n.<\/p>\n\n\n\n<p>Adem\u00e1s, tiene prohibido acercarse a los testigos del caso, a los familiares de la v\u00edctima y al lugar de los hechos.<\/p>\n<div class=\"sharedaddy sd-sharing-enabled\"><div class=\"robots-nocontent sd-block sd-social sd-social-icon sd-sharing\"><h3 class=\"sd-title\">Comparte esto:<\/h3><div class=\"sd-content\"><ul><li class=\"share-twitter\"><a rel=\"nofollow noopener noreferrer\" data-shared=\"sharing-twitter-35975\" class=\"share-twitter sd-button share-icon no-text\" href=\"http:\/\/www.rtvnoticias.com.ar\/?p=35975&amp;share=twitter\" target=\"_blank\" title=\"Haz clic para compartir en Twitter\"><span><\/span><span class=\"sharing-screen-reader-text\">Haz clic para compartir en Twitter (Se abre en una ventana nueva)<\/span><\/a><\/li><li class=\"share-facebook\"><a rel=\"nofollow noopener noreferrer\" data-shared=\"sharing-facebook-35975\" class=\"share-facebook sd-button share-icon no-text\" href=\"http:\/\/www.rtvnoticias.com.ar\/?p=35975&amp;share=facebook\" target=\"_blank\" title=\"Haz clic para compartir en Facebook\"><span><\/span><span class=\"sharing-screen-reader-text\">Haz clic para compartir en Facebook (Se abre en una ventana nueva)<\/span><\/a><\/li><li class=\"share-jetpack-whatsapp\"><a rel=\"nofollow noopener noreferrer\" data-shared=\"\" class=\"share-jetpack-whatsapp sd-button share-icon no-text\" href=\"http:\/\/www.rtvnoticias.com.ar\/?p=35975&amp;share=jetpack-whatsapp\" target=\"_blank\" title=\"Haz clic para compartir en WhatsApp\"><span><\/span><span class=\"sharing-screen-reader-text\">Haz clic para compartir en WhatsApp (Se abre en una ventana nueva)<\/span><\/a><\/li><li class=\"share-telegram\"><a rel=\"nofollow noopener noreferrer\" data-shared=\"\" class=\"share-telegram sd-button share-icon no-text\" href=\"http:\/\/www.rtvnoticias.com.ar\/?p=35975&amp;share=telegram\" target=\"_blank\" title=\"Haz clic para compartir en Telegram\"><span><\/span><span class=\"sharing-screen-reader-text\">Haz clic para compartir en Telegram (Se abre en una ventana nueva)<\/span><\/a><\/li><li class=\"share-end\"><\/li><\/ul><\/div><\/div><\/div>","protected":false},"excerpt":{"rendered":"<p>El hombre fue acusado de \u201chomicidio culposo agravado\u201d. Sin embargo, qued\u00f3 en libertad. Un hombre arrastr\u00f3 con su camioneta durante 50 metros a la hija<\/p>\n<div class=\"sharedaddy sd-sharing-enabled\"><div class=\"robots-nocontent sd-block sd-social sd-social-icon sd-sharing\"><h3 class=\"sd-title\">Comparte esto:<\/h3><div class=\"sd-content\"><ul><li class=\"share-twitter\"><a rel=\"nofollow noopener noreferrer\" data-shared=\"sharing-twitter-35975\" class=\"share-twitter sd-button share-icon no-text\" href=\"http:\/\/www.rtvnoticias.com.ar\/?p=35975&amp;share=twitter\" target=\"_blank\" title=\"Haz clic para compartir en Twitter\"><span><\/span><span class=\"sharing-screen-reader-text\">Haz clic para compartir en Twitter (Se abre en una ventana nueva)<\/span><\/a><\/li><li class=\"share-facebook\"><a rel=\"nofollow noopener noreferrer\" data-shared=\"sharing-facebook-35975\" class=\"share-facebook sd-button share-icon no-text\" href=\"http:\/\/www.rtvnoticias.com.ar\/?p=35975&amp;share=facebook\" target=\"_blank\" title=\"Haz clic para compartir en Facebook\"><span><\/span><span class=\"sharing-screen-reader-text\">Haz clic para compartir en Facebook (Se abre en una ventana nueva)<\/span><\/a><\/li><li class=\"share-jetpack-whatsapp\"><a rel=\"nofollow noopener noreferrer\" data-shared=\"\" class=\"share-jetpack-whatsapp sd-button share-icon no-text\" href=\"http:\/\/www.rtvnoticias.com.ar\/?p=35975&amp;share=jetpack-whatsapp\" target=\"_blank\" title=\"Haz clic para compartir en WhatsApp\"><span><\/span><span class=\"sharing-screen-reader-text\">Haz clic para compartir en WhatsApp (Se abre en una ventana nueva)<\/span><\/a><\/li><li class=\"share-telegram\"><a rel=\"nofollow noopener noreferrer\" data-shared=\"\" class=\"share-telegram sd-button share-icon no-text\" href=\"http:\/\/www.rtvnoticias.com.ar\/?p=35975&amp;share=telegram\" target=\"_blank\" title=\"Haz clic para compartir en Telegram\"><span><\/span><span class=\"sharing-screen-reader-text\">Haz clic para compartir en Telegram (Se abre en una ventana nueva)<\/span><\/a><\/li><li class=\"share-end\"><\/li><\/ul><\/div><\/div><\/div>","protected":false},"author":7,"featured_media":35976,"comment_status":"closed","ping_status":"closed","sticky":false,"template":"","format":"standard","meta":{"spay_email":"","jetpack_publicize_message":"","jetpack_is_tweetstorm":false,"jetpack_publicize_feature_enabled":true},"categories":[5],"tags":[],"jetpack_featured_media_url":"http:\/\/www.rtvnoticias.com.ar\/wp-content\/uploads\/2023\/03\/neuquen-acc.jpg","jetpack_publicize_connections":[],"jetpack_sharing_enabled":true,"_links":{"self":[{"href":"http:\/\/www.rtvnoticias.com.ar\/index.php?rest_route=\/wp\/v2\/posts\/35975"}],"collection":[{"href":"http:\/\/www.rtvnoticias.com.ar\/index.php?rest_route=\/wp\/v2\/posts"}],"about":[{"href":"http:\/\/www.rtvnoticias.com.ar\/index.php?rest_route=\/wp\/v2\/types\/post"}],"author":[{"embeddable":true,"href":"http:\/\/www.rtvnoticias.com.ar\/index.php?rest_route=\/wp\/v2\/users\/7"}],"replies":[{"embeddable":true,"href":"http:\/\/www.rtvnoticias.com.ar\/index.php?rest_route=%2Fwp%2Fv2%2Fcomments&post=35975"}],"version-history":[{"count":1,"href":"http:\/\/www.rtvnoticias.com.ar\/index.php?rest_route=\/wp\/v2\/posts\/35975\/revisions"}],"predecessor-version":[{"id":35977,"href":"http:\/\/www.rtvnoticias.com.ar\/index.php?rest_route=\/wp\/v2\/posts\/35975\/revisions\/35977"}],"wp:featuredmedia":[{"embeddable":true,"href":"http:\/\/www.rtvnoticias.com.ar\/index.php?rest_route=\/wp\/v2\/media\/35976"}],"wp:attachment":[{"href":"http:\/\/www.rtvnoticias.com.ar\/index.php?rest_route=%2Fwp%2Fv2%2Fmedia&parent=35975"}],"wp:term":[{"taxonomy":"category","embeddable":true,"href":"http:\/\/www.rtvnoticias.com.ar\/index.php?rest_route=%2Fwp%2Fv2%2Fcategories&post=35975"},{"taxonomy":"post_tag","embeddable":true,"href":"http:\/\/www.rtvnoticias.com.ar\/index.php?rest_route=%2Fwp%2Fv2%2Ftags&post=35975"}],"curies":[{"name":"wp","href":"https:\/\/api.w.org\/{rel}","templated":true}]}}