{"id":35978,"date":"2023-03-22T10:10:09","date_gmt":"2023-03-22T13:10:09","guid":{"rendered":"http:\/\/www.rtvnoticias.com.ar\/?p=35978"},"modified":"2023-03-22T10:10:11","modified_gmt":"2023-03-22T13:10:11","slug":"cristina-kirchner-no-me-importa-si-me-meten-presa-hay-que-reconstruir-un-estado-democratico","status":"publish","type":"post","link":"http:\/\/www.rtvnoticias.com.ar\/?p=35978","title":{"rendered":"Cristina Kirchner: \u201cNo me importa si me meten presa, hay que reconstruir un estado democr\u00e1tico\u201d"},"content":{"rendered":"\n<p>La vicepresidenta Cristina Kirchner asegur\u00f3 que \u00abeste lawfare que hoy inunda\u00bb la regi\u00f3n tiene que ver con \u00ablo hecho en la econom\u00eda\u00bb, al encabezar el cierre del Foro Voluntad Popular y Democracia del Grupo de Puebla en el Centro Cultural Kirchner (CCK), junto a referentes del progresismo latinoamericano.<\/p>\n\n\n\n<p>\u00abPerd\u00f3nenme que hable tanto de econom\u00eda, pero todo lo que pasa, todo lo que se sufre tiene que ver con la econom\u00eda\u00bb, resalt\u00f3 la ex mandataria nacional, condenada a seis a\u00f1os de prisi\u00f3n e inhabilitaci\u00f3n de por vida para ejercer cargos p\u00fablicos por irregularidades en el reparto de la obra p\u00fablica.<\/p>\n\n\n\n<p>\u00abSi vas con los otros y con los medios no ten\u00e9s problema, el problema es cuando uno decide jugar del lado de los intereses del pueblo\u00bb, afirm\u00f3 Cristina Kirchner.<\/p>\n\n\n\n<p>En el sal\u00f3n Ballena Azul del CCK completamente repleto, la titular del Senado expres\u00f3: \u00abTal vez yo porque lo represento es que se encarnizan conmigo, no solo econom\u00eda sino tambi\u00e9n lo que hicimos en derechos humanos, no nos van a perdonar nunca\u00bb.<\/p>\n\n\n\n<p>La ex presidenta fue la encargada del discurso de cierre del encuentro, del que participaron entre otros Jos\u00e9 \u00abPepe\u00bb Mujica, Rafael Correa, Ernesto Sampler y Jos\u00e9 Luis Rodr\u00edguez Zapatero.<\/p>\n\n\n\n<p>El encuentro tuvo como objetivo respaldar a Cristina Kirchner en medio de lo que consideran una \u00abpersecuci\u00f3n judicial\u00bb en su contra.<\/p>\n\n\n\n<p>\u00abSi me van a condenar, si me van a inhabilitar, si me van a meter presa no me importa, lo que me importa es volver a construir un pa\u00eds como el que alguna vez tuvimos\u00bb, subray\u00f3 la vicepresidenta.<\/p>\n\n\n\n<p>De la reuni\u00f3n de referentes internacionales no particip\u00f3 el presidente Alberto Fern\u00e1ndez, enfrascado en una interna con su vice y otros sectores del Frente de Todos.<\/p>\n\n\n\n<p>La ex mandataria fue varias veces interrumpida en su discurso por la militancia que le cant\u00f3 \u00abCristina presidenta\u00bb, en medio del operativo clamor que impulsa su entorno para \u00abromper la proscripci\u00f3n\u00bb que se implement\u00f3 con la condena de primera instancia.<\/p>\n\n\n\n<p>En un discurso de poco m\u00e1s de media hora, Cristina Kirchner lanz\u00f3 duras cr\u00edticas a la oposici\u00f3n y cuestion\u00f3 que \u201cparece que hubieran salido de los cr\u00e1teres de Marte\u201d.<\/p>\n\n\n\n<p>En ese sentido, record\u00f3 el gobierno radical de la Alianza con Fernando de la R\u00faa a la cabeza y la crisis desatada tras la renuncia de Carlos \u201cChacho\u201d \u00c1lvarez. \u201cSe qued\u00f3 sin gobierno cuando su vicepresidente denunci\u00f3 que hab\u00edan sobornado a los senadores peronistas para sancionar la flexibilizaci\u00f3n laboral\u201d, indic\u00f3.<\/p>\n\n\n\n<p>\u00ab(Si durante mi gobierno) no hab\u00eda deuda, hab\u00eda reservas \u00bfme quieren decir qu\u00e9 hicieron en cuatro a\u00f1os que entregaron el pa\u00eds hecho percha?\u00bb, se quej\u00f3 Cristina Kirchner, al destacar las palabras economistas opositores.<\/p>\n\n\n\n<p>Adem\u00e1s, advirti\u00f3 que tras la llegada de Mauricio Macri al poder se intent\u00f3 \u00abinstalar un relato de que se hab\u00edan robado un PBI, cuando el PBI se lo llevaron ellos y todav\u00eda no se sabe d\u00f3nde est\u00e1\u00bb.<\/p>\n\n\n\n<p>En tanto, la ex jefa de Estado sugiri\u00f3 que en la Justicia hay complicidades con la situaci\u00f3n del narcotr\u00e1fico y reclam\u00f3 poner el ojo all\u00ed.<\/p>\n\n\n\n<p>\u201cA ver si nos vamos a creer que bandas con nombres de analfabetos son los que arman la ingenier\u00eda para lavar los miles de millones del narco\u201d, enfatiz\u00f3<\/p>\n\n\n\n<p>Y agreg\u00f3: \u201cEs necesario recuperar el sistema judicial no solamente por lo que pasa con los dirigentes comprometidos con las causas populares sino tambi\u00e9n con los dramas de la sociedad\u201d.<\/p>\n<div class=\"sharedaddy sd-sharing-enabled\"><div class=\"robots-nocontent sd-block sd-social sd-social-icon sd-sharing\"><h3 class=\"sd-title\">Comparte esto:<\/h3><div class=\"sd-content\"><ul><li class=\"share-twitter\"><a rel=\"nofollow noopener noreferrer\" data-shared=\"sharing-twitter-35978\" class=\"share-twitter sd-button share-icon no-text\" href=\"http:\/\/www.rtvnoticias.com.ar\/?p=35978&amp;share=twitter\" target=\"_blank\" title=\"Haz clic para compartir en Twitter\"><span><\/span><span class=\"sharing-screen-reader-text\">Haz clic para compartir en Twitter (Se abre en una ventana nueva)<\/span><\/a><\/li><li class=\"share-facebook\"><a rel=\"nofollow noopener noreferrer\" data-shared=\"sharing-facebook-35978\" class=\"share-facebook sd-button share-icon no-text\" href=\"http:\/\/www.rtvnoticias.com.ar\/?p=35978&amp;share=facebook\" target=\"_blank\" title=\"Haz clic para compartir en Facebook\"><span><\/span><span class=\"sharing-screen-reader-text\">Haz clic para compartir en Facebook (Se abre en una ventana nueva)<\/span><\/a><\/li><li class=\"share-jetpack-whatsapp\"><a rel=\"nofollow noopener noreferrer\" data-shared=\"\" class=\"share-jetpack-whatsapp sd-button share-icon no-text\" href=\"http:\/\/www.rtvnoticias.com.ar\/?p=35978&amp;share=jetpack-whatsapp\" target=\"_blank\" title=\"Haz clic para compartir en WhatsApp\"><span><\/span><span class=\"sharing-screen-reader-text\">Haz clic para compartir en WhatsApp (Se abre en una ventana nueva)<\/span><\/a><\/li><li class=\"share-telegram\"><a rel=\"nofollow noopener noreferrer\" data-shared=\"\" class=\"share-telegram sd-button share-icon no-text\" href=\"http:\/\/www.rtvnoticias.com.ar\/?p=35978&amp;share=telegram\" target=\"_blank\" title=\"Haz clic para compartir en Telegram\"><span><\/span><span class=\"sharing-screen-reader-text\">Haz clic para compartir en Telegram (Se abre en una ventana nueva)<\/span><\/a><\/li><li class=\"share-end\"><\/li><\/ul><\/div><\/div><\/div>","protected":false},"excerpt":{"rendered":"<p>La vicepresidenta Cristina Kirchner asegur\u00f3 que \u00abeste lawfare que hoy inunda\u00bb la regi\u00f3n tiene que ver con \u00ablo hecho en la econom\u00eda\u00bb, al encabezar el<\/p>\n<div class=\"sharedaddy sd-sharing-enabled\"><div class=\"robots-nocontent sd-block sd-social sd-social-icon sd-sharing\"><h3 class=\"sd-title\">Comparte esto:<\/h3><div class=\"sd-content\"><ul><li class=\"share-twitter\"><a rel=\"nofollow noopener noreferrer\" data-shared=\"sharing-twitter-35978\" class=\"share-twitter sd-button share-icon no-text\" href=\"http:\/\/www.rtvnoticias.com.ar\/?p=35978&amp;share=twitter\" target=\"_blank\" title=\"Haz clic para compartir en Twitter\"><span><\/span><span class=\"sharing-screen-reader-text\">Haz clic para compartir en Twitter (Se abre en una ventana nueva)<\/span><\/a><\/li><li class=\"share-facebook\"><a rel=\"nofollow noopener noreferrer\" data-shared=\"sharing-facebook-35978\" class=\"share-facebook sd-button share-icon no-text\" href=\"http:\/\/www.rtvnoticias.com.ar\/?p=35978&amp;share=facebook\" target=\"_blank\" title=\"Haz clic para compartir en Facebook\"><span><\/span><span class=\"sharing-screen-reader-text\">Haz clic para compartir en Facebook (Se abre en una ventana nueva)<\/span><\/a><\/li><li class=\"share-jetpack-whatsapp\"><a rel=\"nofollow noopener noreferrer\" data-shared=\"\" class=\"share-jetpack-whatsapp sd-button share-icon no-text\" href=\"http:\/\/www.rtvnoticias.com.ar\/?p=35978&amp;share=jetpack-whatsapp\" target=\"_blank\" title=\"Haz clic para compartir en WhatsApp\"><span><\/span><span class=\"sharing-screen-reader-text\">Haz clic para compartir en WhatsApp (Se abre en una ventana nueva)<\/span><\/a><\/li><li class=\"share-telegram\"><a rel=\"nofollow noopener noreferrer\" data-shared=\"\" class=\"share-telegram sd-button share-icon no-text\" href=\"http:\/\/www.rtvnoticias.com.ar\/?p=35978&amp;share=telegram\" target=\"_blank\" title=\"Haz clic para compartir en Telegram\"><span><\/span><span class=\"sharing-screen-reader-text\">Haz clic para compartir en Telegram (Se abre en una ventana nueva)<\/span><\/a><\/li><li class=\"share-end\"><\/li><\/ul><\/div><\/div><\/div>","protected":false},"author":7,"featured_media":35979,"comment_status":"closed","ping_status":"closed","sticky":false,"template":"","format":"standard","meta":{"spay_email":"","jetpack_publicize_message":"","jetpack_is_tweetstorm":false,"jetpack_publicize_feature_enabled":true},"categories":[5],"tags":[],"jetpack_featured_media_url":"http:\/\/www.rtvnoticias.com.ar\/wp-content\/uploads\/2023\/03\/b1ce0d0a-9e5f-4f18-b2c4-3782ce121e5e.jpg","jetpack_publicize_connections":[],"jetpack_sharing_enabled":true,"_links":{"self":[{"href":"http:\/\/www.rtvnoticias.com.ar\/index.php?rest_route=\/wp\/v2\/posts\/35978"}],"collection":[{"href":"http:\/\/www.rtvnoticias.com.ar\/index.php?rest_route=\/wp\/v2\/posts"}],"about":[{"href":"http:\/\/www.rtvnoticias.com.ar\/index.php?rest_route=\/wp\/v2\/types\/post"}],"author":[{"embeddable":true,"href":"http:\/\/www.rtvnoticias.com.ar\/index.php?rest_route=\/wp\/v2\/users\/7"}],"replies":[{"embeddable":true,"href":"http:\/\/www.rtvnoticias.com.ar\/index.php?rest_route=%2Fwp%2Fv2%2Fcomments&post=35978"}],"version-history":[{"count":1,"href":"http:\/\/www.rtvnoticias.com.ar\/index.php?rest_route=\/wp\/v2\/posts\/35978\/revisions"}],"predecessor-version":[{"id":35980,"href":"http:\/\/www.rtvnoticias.com.ar\/index.php?rest_route=\/wp\/v2\/posts\/35978\/revisions\/35980"}],"wp:featuredmedia":[{"embeddable":true,"href":"http:\/\/www.rtvnoticias.com.ar\/index.php?rest_route=\/wp\/v2\/media\/35979"}],"wp:attachment":[{"href":"http:\/\/www.rtvnoticias.com.ar\/index.php?rest_route=%2Fwp%2Fv2%2Fmedia&parent=35978"}],"wp:term":[{"taxonomy":"category","embeddable":true,"href":"http:\/\/www.rtvnoticias.com.ar\/index.php?rest_route=%2Fwp%2Fv2%2Fcategories&post=35978"},{"taxonomy":"post_tag","embeddable":true,"href":"http:\/\/www.rtvnoticias.com.ar\/index.php?rest_route=%2Fwp%2Fv2%2Ftags&post=35978"}],"curies":[{"name":"wp","href":"https:\/\/api.w.org\/{rel}","templated":true}]}}