{"id":35981,"date":"2023-03-22T10:21:06","date_gmt":"2023-03-22T13:21:06","guid":{"rendered":"http:\/\/www.rtvnoticias.com.ar\/?p=35981"},"modified":"2023-03-22T10:21:08","modified_gmt":"2023-03-22T13:21:08","slug":"fuerte-temblor-en-chile-se-sintio-en-mendoza-y-san-juan","status":"publish","type":"post","link":"http:\/\/www.rtvnoticias.com.ar\/?p=35981","title":{"rendered":"Fuerte temblor en Chile se sinti\u00f3 en Mendoza y San Juan"},"content":{"rendered":"\n<p>Un sismo de 5,6 en la escala de Mercalli modificada se registr\u00f3 este martes en la regi\u00f3n metropolitana de Chile y en la zona central, al sur de Melipilla, y que tambi\u00e9n se sinti\u00f3 al oeste de las provincias de Mendoza y San Juan.<\/p>\n\n\n\n<p>Seg\u00fan inform\u00f3 el Centro Sismol\u00f3gico Nacional (CSN) de la Universidad de Chile, el temblor se produjo esta tarde, a una profundidad de 63 kil\u00f3metros, aunque no hubo v\u00edctimas fatales, ya que solo se produjeron da\u00f1os materiales, como la ca\u00edda de mamposter\u00eda de algunos edificios y tambi\u00e9n deslizamientos en el cerro San Crist\u00f3bal, ubicado en Santiago.<\/p>\n\n\n\n<p>Por su parte, el Servicio Hidrogr\u00e1fico y Oceanogr\u00e1fico de la Armada (SHOA) descart\u00f3 por el momento la posibilidad de que se produzca un tsunami; sin embargo, las autoridades sugirieron a la poblaci\u00f3n que tenga a mano un bolso, en caso que deban abandonar sus hogares ante una emergencia.<\/p>\n\n\n\n<p>Los movimientos tel\u00faricos se percibieron a otro lado de la cordillera, a 250 kil\u00f3metros al oeste de Mendoza y tambi\u00e9n a 350 al suroeste de San Juan, por lo que el Instituto Nacional de Prevenci\u00f3n S\u00edsimica (Inpres) recomend\u00f3 mantener la calma y seguir las instrucciones de seguridad en caso de registrarse r\u00e9plicas. Adem\u00e1s, el organismo est\u00e1 monitoreando la situaci\u00f3n de lo que sucede en Chile y proporcionar\u00e1 actualizaciones.<\/p>\n\n\n\n<p>La capital trasandina se encuentra permanentemente amenazada ya que est\u00e1 ubica sobre la falla de San Ram\u00f3n, un accidente geol\u00f3gico a unos 10 kil\u00f3metros de profundidad de la denominada Regi\u00f3n Metropolitana.<\/p>\n\n\n\n<p>La falla abarca hasta 50 kil\u00f3metros de la capital y se encuentra entre los r\u00edos Mapocho y Maipo, cruza las comunas de Vitacura, Las Condes, La Reina, Pe\u00f1alol\u00e9n, La Florida y Puente Alto. Se trata de una falla inversa, por lo que tiene movimientos verticales, y hay registros de sismos que se produjeron all\u00ed en los siglos XVI y XVII, seg\u00fan los investigadores.<\/p>\n<div class=\"sharedaddy sd-sharing-enabled\"><div class=\"robots-nocontent sd-block sd-social sd-social-icon sd-sharing\"><h3 class=\"sd-title\">Comparte esto:<\/h3><div class=\"sd-content\"><ul><li class=\"share-twitter\"><a rel=\"nofollow noopener noreferrer\" data-shared=\"sharing-twitter-35981\" class=\"share-twitter sd-button share-icon no-text\" href=\"http:\/\/www.rtvnoticias.com.ar\/?p=35981&amp;share=twitter\" target=\"_blank\" title=\"Haz clic para compartir en Twitter\"><span><\/span><span class=\"sharing-screen-reader-text\">Haz clic para compartir en Twitter (Se abre en una ventana nueva)<\/span><\/a><\/li><li class=\"share-facebook\"><a rel=\"nofollow noopener noreferrer\" data-shared=\"sharing-facebook-35981\" class=\"share-facebook sd-button share-icon no-text\" href=\"http:\/\/www.rtvnoticias.com.ar\/?p=35981&amp;share=facebook\" target=\"_blank\" title=\"Haz clic para compartir en Facebook\"><span><\/span><span class=\"sharing-screen-reader-text\">Haz clic para compartir en Facebook (Se abre en una ventana nueva)<\/span><\/a><\/li><li class=\"share-jetpack-whatsapp\"><a rel=\"nofollow noopener noreferrer\" data-shared=\"\" class=\"share-jetpack-whatsapp sd-button share-icon no-text\" href=\"http:\/\/www.rtvnoticias.com.ar\/?p=35981&amp;share=jetpack-whatsapp\" target=\"_blank\" title=\"Haz clic para compartir en WhatsApp\"><span><\/span><span class=\"sharing-screen-reader-text\">Haz clic para compartir en WhatsApp (Se abre en una ventana nueva)<\/span><\/a><\/li><li class=\"share-telegram\"><a rel=\"nofollow noopener noreferrer\" data-shared=\"\" class=\"share-telegram sd-button share-icon no-text\" href=\"http:\/\/www.rtvnoticias.com.ar\/?p=35981&amp;share=telegram\" target=\"_blank\" title=\"Haz clic para compartir en Telegram\"><span><\/span><span class=\"sharing-screen-reader-text\">Haz clic para compartir en Telegram (Se abre en una ventana nueva)<\/span><\/a><\/li><li class=\"share-end\"><\/li><\/ul><\/div><\/div><\/div>","protected":false},"excerpt":{"rendered":"<p>Un sismo de 5,6 en la escala de Mercalli modificada se registr\u00f3 este martes en la regi\u00f3n metropolitana de Chile y en la zona central,<\/p>\n<div class=\"sharedaddy sd-sharing-enabled\"><div class=\"robots-nocontent sd-block sd-social sd-social-icon sd-sharing\"><h3 class=\"sd-title\">Comparte esto:<\/h3><div class=\"sd-content\"><ul><li class=\"share-twitter\"><a rel=\"nofollow noopener noreferrer\" data-shared=\"sharing-twitter-35981\" class=\"share-twitter sd-button share-icon no-text\" href=\"http:\/\/www.rtvnoticias.com.ar\/?p=35981&amp;share=twitter\" target=\"_blank\" title=\"Haz clic para compartir en Twitter\"><span><\/span><span class=\"sharing-screen-reader-text\">Haz clic para compartir en Twitter (Se abre en una ventana nueva)<\/span><\/a><\/li><li class=\"share-facebook\"><a rel=\"nofollow noopener noreferrer\" data-shared=\"sharing-facebook-35981\" class=\"share-facebook sd-button share-icon no-text\" href=\"http:\/\/www.rtvnoticias.com.ar\/?p=35981&amp;share=facebook\" target=\"_blank\" title=\"Haz clic para compartir en Facebook\"><span><\/span><span class=\"sharing-screen-reader-text\">Haz clic para compartir en Facebook (Se abre en una ventana nueva)<\/span><\/a><\/li><li class=\"share-jetpack-whatsapp\"><a rel=\"nofollow noopener noreferrer\" data-shared=\"\" class=\"share-jetpack-whatsapp sd-button share-icon no-text\" href=\"http:\/\/www.rtvnoticias.com.ar\/?p=35981&amp;share=jetpack-whatsapp\" target=\"_blank\" title=\"Haz clic para compartir en WhatsApp\"><span><\/span><span class=\"sharing-screen-reader-text\">Haz clic para compartir en WhatsApp (Se abre en una ventana nueva)<\/span><\/a><\/li><li class=\"share-telegram\"><a rel=\"nofollow noopener noreferrer\" data-shared=\"\" class=\"share-telegram sd-button share-icon no-text\" href=\"http:\/\/www.rtvnoticias.com.ar\/?p=35981&amp;share=telegram\" target=\"_blank\" title=\"Haz clic para compartir en Telegram\"><span><\/span><span class=\"sharing-screen-reader-text\">Haz clic para compartir en Telegram (Se abre en una ventana nueva)<\/span><\/a><\/li><li class=\"share-end\"><\/li><\/ul><\/div><\/div><\/div>","protected":false},"author":7,"featured_media":35982,"comment_status":"closed","ping_status":"closed","sticky":false,"template":"","format":"standard","meta":{"spay_email":"","jetpack_publicize_message":"","jetpack_is_tweetstorm":false,"jetpack_publicize_feature_enabled":true},"categories":[7,5],"tags":[],"jetpack_featured_media_url":"http:\/\/www.rtvnoticias.com.ar\/wp-content\/uploads\/2023\/03\/temblor.jpg","jetpack_publicize_connections":[],"jetpack_sharing_enabled":true,"_links":{"self":[{"href":"http:\/\/www.rtvnoticias.com.ar\/index.php?rest_route=\/wp\/v2\/posts\/35981"}],"collection":[{"href":"http:\/\/www.rtvnoticias.com.ar\/index.php?rest_route=\/wp\/v2\/posts"}],"about":[{"href":"http:\/\/www.rtvnoticias.com.ar\/index.php?rest_route=\/wp\/v2\/types\/post"}],"author":[{"embeddable":true,"href":"http:\/\/www.rtvnoticias.com.ar\/index.php?rest_route=\/wp\/v2\/users\/7"}],"replies":[{"embeddable":true,"href":"http:\/\/www.rtvnoticias.com.ar\/index.php?rest_route=%2Fwp%2Fv2%2Fcomments&post=35981"}],"version-history":[{"count":1,"href":"http:\/\/www.rtvnoticias.com.ar\/index.php?rest_route=\/wp\/v2\/posts\/35981\/revisions"}],"predecessor-version":[{"id":35983,"href":"http:\/\/www.rtvnoticias.com.ar\/index.php?rest_route=\/wp\/v2\/posts\/35981\/revisions\/35983"}],"wp:featuredmedia":[{"embeddable":true,"href":"http:\/\/www.rtvnoticias.com.ar\/index.php?rest_route=\/wp\/v2\/media\/35982"}],"wp:attachment":[{"href":"http:\/\/www.rtvnoticias.com.ar\/index.php?rest_route=%2Fwp%2Fv2%2Fmedia&parent=35981"}],"wp:term":[{"taxonomy":"category","embeddable":true,"href":"http:\/\/www.rtvnoticias.com.ar\/index.php?rest_route=%2Fwp%2Fv2%2Fcategories&post=35981"},{"taxonomy":"post_tag","embeddable":true,"href":"http:\/\/www.rtvnoticias.com.ar\/index.php?rest_route=%2Fwp%2Fv2%2Ftags&post=35981"}],"curies":[{"name":"wp","href":"https:\/\/api.w.org\/{rel}","templated":true}]}}