{"id":36001,"date":"2023-03-24T10:47:36","date_gmt":"2023-03-24T13:47:36","guid":{"rendered":"http:\/\/www.rtvnoticias.com.ar\/?p=36001"},"modified":"2023-03-24T10:47:39","modified_gmt":"2023-03-24T13:47:39","slug":"jey-mammon-hablo-tras-las-acusaciones-de-abuso-en-su-contra","status":"publish","type":"post","link":"http:\/\/www.rtvnoticias.com.ar\/?p=36001","title":{"rendered":"Jey Mammon habl\u00f3 tras las acusaciones de abuso en su contra"},"content":{"rendered":"\n<p>El conductor Jey Mammon rompi\u00f3 el silencio este jueves tras las acusaciones de abuso de menores de Lucas Benvenuto, un joven que asegura que tuvo relaciones con \u00e9l cuando ten\u00eda 14 a\u00f1os.<\/p>\n\n\n\n<p>Tras ser desvinculado de Telefe de La Pe\u00f1a del Morfi, el artista se expres\u00f3 en su cuenta de Instagram, donde habl\u00f3 de una campa\u00f1a de acoso y difamaci\u00f3n en su contra y remarc\u00f3 que la denuncia en su contra -presentada en 2020- prescribi\u00f3 y fue sobrese\u00eddo.<\/p>\n\n\n\n<p>\u00abMe veo en la necesidad de informar que a ese accionar, que busca inconfesables r\u00e9ditos en perjuicio de mi persona, se le suma una persistente campa\u00f1a de acoso y difamaci\u00f3n\u00bb, expres\u00f3.<\/p>\n\n\n\n<p>El conductor afirm\u00f3 que fue v\u00edctima de \u00abconductas extorsivas\u00bb de parte de quien promovi\u00f3 una denuncia (Lucas Benvenutto) que \u00abla Justicia sobresey\u00f3 y cerr\u00f3\u00bb.<\/p>\n\n\n\n<p>Mammon adelant\u00f3 que llevar\u00e1 adelante acciones legales contra el denunciante. \u00abLa situaci\u00f3n planteada es producto de la conducta de una persona que, en este caso, y frente a la Justicia ha actuado faltando a la verdad\u00bb, a\u00f1adi\u00f3.<\/p>\n\n\n\n<p>Y cerr\u00f3: \u00abLa instalaci\u00f3n medi\u00e1tica del tema ha puesto en juego el prestigio y el honor de quien les habla en un hecho delicado y sensible para toda la sociedad. Riego a Dios fluya, se exponga y se conozco la verdad\u00bb.<\/p>\n\n\n\n<p><strong>La acusaci\u00f3n<\/strong><\/p>\n\n\n\n<p>Benvenuto plante\u00f3 en entrevistas televisivas que present\u00f3 una denuncia en 2020 en la que mencionaba a Mammon. Seg\u00fan afirm\u00f3, mantuvo \u00abuna relaci\u00f3n\u00bb con el conductor cuando \u00e9l ten\u00eda 14 a\u00f1os y el presentador 32.<\/p>\n\n\n\n<p>\u00abLa audiencia fue por Zoom y la fiscal, con una mano en el coraz\u00f3n, me dijo &#8216;no podemos hacer nada porque el caso prescribi\u00f3\u00bb, relat\u00f3.<\/p>\n<div class=\"sharedaddy sd-sharing-enabled\"><div class=\"robots-nocontent sd-block sd-social sd-social-icon sd-sharing\"><h3 class=\"sd-title\">Comparte esto:<\/h3><div class=\"sd-content\"><ul><li class=\"share-twitter\"><a rel=\"nofollow noopener noreferrer\" data-shared=\"sharing-twitter-36001\" class=\"share-twitter sd-button share-icon no-text\" href=\"http:\/\/www.rtvnoticias.com.ar\/?p=36001&amp;share=twitter\" target=\"_blank\" title=\"Haz clic para compartir en Twitter\"><span><\/span><span class=\"sharing-screen-reader-text\">Haz clic para compartir en Twitter (Se abre en una ventana nueva)<\/span><\/a><\/li><li class=\"share-facebook\"><a rel=\"nofollow noopener noreferrer\" data-shared=\"sharing-facebook-36001\" class=\"share-facebook sd-button share-icon no-text\" href=\"http:\/\/www.rtvnoticias.com.ar\/?p=36001&amp;share=facebook\" target=\"_blank\" title=\"Haz clic para compartir en Facebook\"><span><\/span><span class=\"sharing-screen-reader-text\">Haz clic para compartir en Facebook (Se abre en una ventana nueva)<\/span><\/a><\/li><li class=\"share-jetpack-whatsapp\"><a rel=\"nofollow noopener noreferrer\" data-shared=\"\" class=\"share-jetpack-whatsapp sd-button share-icon no-text\" href=\"http:\/\/www.rtvnoticias.com.ar\/?p=36001&amp;share=jetpack-whatsapp\" target=\"_blank\" title=\"Haz clic para compartir en WhatsApp\"><span><\/span><span class=\"sharing-screen-reader-text\">Haz clic para compartir en WhatsApp (Se abre en una ventana nueva)<\/span><\/a><\/li><li class=\"share-telegram\"><a rel=\"nofollow noopener noreferrer\" data-shared=\"\" class=\"share-telegram sd-button share-icon no-text\" href=\"http:\/\/www.rtvnoticias.com.ar\/?p=36001&amp;share=telegram\" target=\"_blank\" title=\"Haz clic para compartir en Telegram\"><span><\/span><span class=\"sharing-screen-reader-text\">Haz clic para compartir en Telegram (Se abre en una ventana nueva)<\/span><\/a><\/li><li class=\"share-end\"><\/li><\/ul><\/div><\/div><\/div>","protected":false},"excerpt":{"rendered":"<p>El conductor Jey Mammon rompi\u00f3 el silencio este jueves tras las acusaciones de abuso de menores de Lucas Benvenuto, un joven que asegura que tuvo<\/p>\n<div class=\"sharedaddy sd-sharing-enabled\"><div class=\"robots-nocontent sd-block sd-social sd-social-icon sd-sharing\"><h3 class=\"sd-title\">Comparte esto:<\/h3><div class=\"sd-content\"><ul><li class=\"share-twitter\"><a rel=\"nofollow noopener noreferrer\" data-shared=\"sharing-twitter-36001\" class=\"share-twitter sd-button share-icon no-text\" href=\"http:\/\/www.rtvnoticias.com.ar\/?p=36001&amp;share=twitter\" target=\"_blank\" title=\"Haz clic para compartir en Twitter\"><span><\/span><span class=\"sharing-screen-reader-text\">Haz clic para compartir en Twitter (Se abre en una ventana nueva)<\/span><\/a><\/li><li class=\"share-facebook\"><a rel=\"nofollow noopener noreferrer\" data-shared=\"sharing-facebook-36001\" class=\"share-facebook sd-button share-icon no-text\" href=\"http:\/\/www.rtvnoticias.com.ar\/?p=36001&amp;share=facebook\" target=\"_blank\" title=\"Haz clic para compartir en Facebook\"><span><\/span><span class=\"sharing-screen-reader-text\">Haz clic para compartir en Facebook (Se abre en una ventana nueva)<\/span><\/a><\/li><li class=\"share-jetpack-whatsapp\"><a rel=\"nofollow noopener noreferrer\" data-shared=\"\" class=\"share-jetpack-whatsapp sd-button share-icon no-text\" href=\"http:\/\/www.rtvnoticias.com.ar\/?p=36001&amp;share=jetpack-whatsapp\" target=\"_blank\" title=\"Haz clic para compartir en WhatsApp\"><span><\/span><span class=\"sharing-screen-reader-text\">Haz clic para compartir en WhatsApp (Se abre en una ventana nueva)<\/span><\/a><\/li><li class=\"share-telegram\"><a rel=\"nofollow noopener noreferrer\" data-shared=\"\" class=\"share-telegram sd-button share-icon no-text\" href=\"http:\/\/www.rtvnoticias.com.ar\/?p=36001&amp;share=telegram\" target=\"_blank\" title=\"Haz clic para compartir en Telegram\"><span><\/span><span class=\"sharing-screen-reader-text\">Haz clic para compartir en Telegram (Se abre en una ventana nueva)<\/span><\/a><\/li><li class=\"share-end\"><\/li><\/ul><\/div><\/div><\/div>","protected":false},"author":7,"featured_media":36002,"comment_status":"closed","ping_status":"closed","sticky":false,"template":"","format":"standard","meta":{"spay_email":"","jetpack_publicize_message":"","jetpack_is_tweetstorm":false,"jetpack_publicize_feature_enabled":true},"categories":[5],"tags":[],"jetpack_featured_media_url":"http:\/\/www.rtvnoticias.com.ar\/wp-content\/uploads\/2023\/03\/jey-mammon.jpeg","jetpack_publicize_connections":[],"jetpack_sharing_enabled":true,"_links":{"self":[{"href":"http:\/\/www.rtvnoticias.com.ar\/index.php?rest_route=\/wp\/v2\/posts\/36001"}],"collection":[{"href":"http:\/\/www.rtvnoticias.com.ar\/index.php?rest_route=\/wp\/v2\/posts"}],"about":[{"href":"http:\/\/www.rtvnoticias.com.ar\/index.php?rest_route=\/wp\/v2\/types\/post"}],"author":[{"embeddable":true,"href":"http:\/\/www.rtvnoticias.com.ar\/index.php?rest_route=\/wp\/v2\/users\/7"}],"replies":[{"embeddable":true,"href":"http:\/\/www.rtvnoticias.com.ar\/index.php?rest_route=%2Fwp%2Fv2%2Fcomments&post=36001"}],"version-history":[{"count":1,"href":"http:\/\/www.rtvnoticias.com.ar\/index.php?rest_route=\/wp\/v2\/posts\/36001\/revisions"}],"predecessor-version":[{"id":36003,"href":"http:\/\/www.rtvnoticias.com.ar\/index.php?rest_route=\/wp\/v2\/posts\/36001\/revisions\/36003"}],"wp:featuredmedia":[{"embeddable":true,"href":"http:\/\/www.rtvnoticias.com.ar\/index.php?rest_route=\/wp\/v2\/media\/36002"}],"wp:attachment":[{"href":"http:\/\/www.rtvnoticias.com.ar\/index.php?rest_route=%2Fwp%2Fv2%2Fmedia&parent=36001"}],"wp:term":[{"taxonomy":"category","embeddable":true,"href":"http:\/\/www.rtvnoticias.com.ar\/index.php?rest_route=%2Fwp%2Fv2%2Fcategories&post=36001"},{"taxonomy":"post_tag","embeddable":true,"href":"http:\/\/www.rtvnoticias.com.ar\/index.php?rest_route=%2Fwp%2Fv2%2Ftags&post=36001"}],"curies":[{"name":"wp","href":"https:\/\/api.w.org\/{rel}","templated":true}]}}