{"id":36030,"date":"2023-03-28T19:05:46","date_gmt":"2023-03-28T22:05:46","guid":{"rendered":"http:\/\/www.rtvnoticias.com.ar\/?p=36030"},"modified":"2023-03-28T19:05:49","modified_gmt":"2023-03-28T22:05:49","slug":"se-realizara-la-capacitacion-comunicar-es-cuidar-comunicacion-creativa-periodistica-institucional-y-politica","status":"publish","type":"post","link":"http:\/\/www.rtvnoticias.com.ar\/?p=36030","title":{"rendered":"Se realizar\u00e1 la capacitaci\u00f3n \u201cComunicar es cuidar &#8211; Comunicaci\u00f3n creativa: period\u00edstica, institucional y pol\u00edtica\u201d"},"content":{"rendered":"\n<p>La Municipalidad de General Pico llevar\u00e1 a cabo el pr\u00f3ximo mi\u00e9rcoles 31 de marzo, a las 14 horas, la capacitaci\u00f3n \u201cComunicar es cuidar &#8211; Comunicaci\u00f3n creativa: period\u00edstica, institucional y pol\u00edtica\u201d. La misma tendr\u00e1 lugar en MEDANO y est\u00e1 dirigida a trabajadores de prensa que se desempe\u00f1an en el \u00e1mbito p\u00fablico y privado.<\/p>\n\n\n\n<p>La actividad estar\u00e1 a cargo de la directora de Diario Digital Femenino, especialista en la tem\u00e1tica de g\u00e9nero, Lenny C\u00e1ceres.&nbsp;&nbsp;<\/p>\n\n\n\n<p>Teniendo en cuenta a la comunicaci\u00f3n como la primera forma de socializaci\u00f3n, como el proceso para establecer contactos entre personas, generado por las necesidades de actividades conjuntas, es que debemos adaptarnos a los nuevos paradigmas de generaci\u00f3n de v\u00ednculos personales y sociales igualitarios.<\/p>\n\n\n\n<p>Por ello, debemos abordarla como el intercambio de informaci\u00f3n, el desarrollo de una estrategia de interacci\u00f3n \u00fanica, la percepci\u00f3n y la comprensi\u00f3n de manera corresponsable.<\/p>\n\n\n\n<p>Durante la jornada, se tratar\u00e1n aspectos de la comunicaci\u00f3n pol\u00edtica, period\u00edstica e institucional con herramientas concretas y simples de incorporar en las redacciones y \u00e1reas de prensa, con la mirada puesta en la comunicaci\u00f3n profesional, institucional e interpersonal, en las \u00e1reas mencionadas y contextos pol\u00edticos.&nbsp;<\/p>\n\n\n\n<p>As\u00ed, se buscar\u00e1 observar las caracter\u00edsticas en la producci\u00f3n y difusi\u00f3n de la informaci\u00f3n tanto en los proyectos de gesti\u00f3n, como la editorial de medios e incluso como carta de presentaci\u00f3n de profesionales que la producen.&nbsp;<\/p>\n\n\n\n<p>Ante estos escenarios, es necesaria una actualizaci\u00f3n permanente, no s\u00f3lo por el respeto a los derechos de las personas a recibir esta informaci\u00f3n, sino tambi\u00e9n por la responsabilidad en la generaci\u00f3n de cultura, desarmar estructuras que generan desigualdades y con ellas, todas las formas de violencia.<\/p>\n\n\n\n<p>Las personas interesadas en participar podr\u00e1n inscribirse a trav\u00e9s del siguiente formulario: <a href=\"https:\/\/forms.gle\/TBTxB9xSBbPb6Ji9A\" target=\"_blank\" rel=\"noreferrer noopener\">https:\/\/forms.gle\/TBTxB9xSBbPb6Ji9A<\/a><\/p>\n<div class=\"sharedaddy sd-sharing-enabled\"><div class=\"robots-nocontent sd-block sd-social sd-social-icon sd-sharing\"><h3 class=\"sd-title\">Comparte esto:<\/h3><div class=\"sd-content\"><ul><li class=\"share-twitter\"><a rel=\"nofollow noopener noreferrer\" data-shared=\"sharing-twitter-36030\" class=\"share-twitter sd-button share-icon no-text\" href=\"http:\/\/www.rtvnoticias.com.ar\/?p=36030&amp;share=twitter\" target=\"_blank\" title=\"Haz clic para compartir en Twitter\"><span><\/span><span class=\"sharing-screen-reader-text\">Haz clic para compartir en Twitter (Se abre en una ventana nueva)<\/span><\/a><\/li><li class=\"share-facebook\"><a rel=\"nofollow noopener noreferrer\" data-shared=\"sharing-facebook-36030\" class=\"share-facebook sd-button share-icon no-text\" href=\"http:\/\/www.rtvnoticias.com.ar\/?p=36030&amp;share=facebook\" target=\"_blank\" title=\"Haz clic para compartir en Facebook\"><span><\/span><span class=\"sharing-screen-reader-text\">Haz clic para compartir en Facebook (Se abre en una ventana nueva)<\/span><\/a><\/li><li class=\"share-jetpack-whatsapp\"><a rel=\"nofollow noopener noreferrer\" data-shared=\"\" class=\"share-jetpack-whatsapp sd-button share-icon no-text\" href=\"http:\/\/www.rtvnoticias.com.ar\/?p=36030&amp;share=jetpack-whatsapp\" target=\"_blank\" title=\"Haz clic para compartir en WhatsApp\"><span><\/span><span class=\"sharing-screen-reader-text\">Haz clic para compartir en WhatsApp (Se abre en una ventana nueva)<\/span><\/a><\/li><li class=\"share-telegram\"><a rel=\"nofollow noopener noreferrer\" data-shared=\"\" class=\"share-telegram sd-button share-icon no-text\" href=\"http:\/\/www.rtvnoticias.com.ar\/?p=36030&amp;share=telegram\" target=\"_blank\" title=\"Haz clic para compartir en Telegram\"><span><\/span><span class=\"sharing-screen-reader-text\">Haz clic para compartir en Telegram (Se abre en una ventana nueva)<\/span><\/a><\/li><li class=\"share-end\"><\/li><\/ul><\/div><\/div><\/div>","protected":false},"excerpt":{"rendered":"<p>La Municipalidad de General Pico llevar\u00e1 a cabo el pr\u00f3ximo mi\u00e9rcoles 31 de marzo, a las 14 horas, la capacitaci\u00f3n \u201cComunicar es cuidar &#8211; Comunicaci\u00f3n<\/p>\n<div class=\"sharedaddy sd-sharing-enabled\"><div class=\"robots-nocontent sd-block sd-social sd-social-icon sd-sharing\"><h3 class=\"sd-title\">Comparte esto:<\/h3><div class=\"sd-content\"><ul><li class=\"share-twitter\"><a rel=\"nofollow noopener noreferrer\" data-shared=\"sharing-twitter-36030\" class=\"share-twitter sd-button share-icon no-text\" href=\"http:\/\/www.rtvnoticias.com.ar\/?p=36030&amp;share=twitter\" target=\"_blank\" title=\"Haz clic para compartir en Twitter\"><span><\/span><span class=\"sharing-screen-reader-text\">Haz clic para compartir en Twitter (Se abre en una ventana nueva)<\/span><\/a><\/li><li class=\"share-facebook\"><a rel=\"nofollow noopener noreferrer\" data-shared=\"sharing-facebook-36030\" class=\"share-facebook sd-button share-icon no-text\" href=\"http:\/\/www.rtvnoticias.com.ar\/?p=36030&amp;share=facebook\" target=\"_blank\" title=\"Haz clic para compartir en Facebook\"><span><\/span><span class=\"sharing-screen-reader-text\">Haz clic para compartir en Facebook (Se abre en una ventana nueva)<\/span><\/a><\/li><li class=\"share-jetpack-whatsapp\"><a rel=\"nofollow noopener noreferrer\" data-shared=\"\" class=\"share-jetpack-whatsapp sd-button share-icon no-text\" href=\"http:\/\/www.rtvnoticias.com.ar\/?p=36030&amp;share=jetpack-whatsapp\" target=\"_blank\" title=\"Haz clic para compartir en WhatsApp\"><span><\/span><span class=\"sharing-screen-reader-text\">Haz clic para compartir en WhatsApp (Se abre en una ventana nueva)<\/span><\/a><\/li><li class=\"share-telegram\"><a rel=\"nofollow noopener noreferrer\" data-shared=\"\" class=\"share-telegram sd-button share-icon no-text\" href=\"http:\/\/www.rtvnoticias.com.ar\/?p=36030&amp;share=telegram\" target=\"_blank\" title=\"Haz clic para compartir en Telegram\"><span><\/span><span class=\"sharing-screen-reader-text\">Haz clic para compartir en Telegram (Se abre en una ventana nueva)<\/span><\/a><\/li><li class=\"share-end\"><\/li><\/ul><\/div><\/div><\/div>","protected":false},"author":7,"featured_media":0,"comment_status":"closed","ping_status":"closed","sticky":false,"template":"","format":"standard","meta":{"spay_email":"","jetpack_publicize_message":"","jetpack_is_tweetstorm":false,"jetpack_publicize_feature_enabled":true},"categories":[1],"tags":[],"jetpack_featured_media_url":"","jetpack_publicize_connections":[],"jetpack_sharing_enabled":true,"_links":{"self":[{"href":"http:\/\/www.rtvnoticias.com.ar\/index.php?rest_route=\/wp\/v2\/posts\/36030"}],"collection":[{"href":"http:\/\/www.rtvnoticias.com.ar\/index.php?rest_route=\/wp\/v2\/posts"}],"about":[{"href":"http:\/\/www.rtvnoticias.com.ar\/index.php?rest_route=\/wp\/v2\/types\/post"}],"author":[{"embeddable":true,"href":"http:\/\/www.rtvnoticias.com.ar\/index.php?rest_route=\/wp\/v2\/users\/7"}],"replies":[{"embeddable":true,"href":"http:\/\/www.rtvnoticias.com.ar\/index.php?rest_route=%2Fwp%2Fv2%2Fcomments&post=36030"}],"version-history":[{"count":1,"href":"http:\/\/www.rtvnoticias.com.ar\/index.php?rest_route=\/wp\/v2\/posts\/36030\/revisions"}],"predecessor-version":[{"id":36031,"href":"http:\/\/www.rtvnoticias.com.ar\/index.php?rest_route=\/wp\/v2\/posts\/36030\/revisions\/36031"}],"wp:attachment":[{"href":"http:\/\/www.rtvnoticias.com.ar\/index.php?rest_route=%2Fwp%2Fv2%2Fmedia&parent=36030"}],"wp:term":[{"taxonomy":"category","embeddable":true,"href":"http:\/\/www.rtvnoticias.com.ar\/index.php?rest_route=%2Fwp%2Fv2%2Fcategories&post=36030"},{"taxonomy":"post_tag","embeddable":true,"href":"http:\/\/www.rtvnoticias.com.ar\/index.php?rest_route=%2Fwp%2Fv2%2Ftags&post=36030"}],"curies":[{"name":"wp","href":"https:\/\/api.w.org\/{rel}","templated":true}]}}