{"id":36033,"date":"2023-03-28T20:59:23","date_gmt":"2023-03-28T23:59:23","guid":{"rendered":"http:\/\/www.rtvnoticias.com.ar\/?p=36033"},"modified":"2023-03-28T20:59:27","modified_gmt":"2023-03-28T23:59:27","slug":"se-presento-el-programa-genero-digital","status":"publish","type":"post","link":"http:\/\/www.rtvnoticias.com.ar\/?p=36033","title":{"rendered":"Se present\u00f3 el Programa G\u00e9nero Digital"},"content":{"rendered":"\n<p>La primera actividad estuvo referida al lenguaje inclusivo en los sitios web de Gobierno provincial. El Ministerio de Conectividad y Modernizaci\u00f3n y la Secretar\u00eda de la Mujer, G\u00e9neros y Diversidad presentaron el programa G\u00e9nero Digital, una pol\u00edtica p\u00fablica que pretende avanzar en acciones que permitan disminuir la brecha digital.<\/p>\n\n\n\n<p>El acto se desarroll\u00f3 en la Sala del Pensamiento de la C\u00e1mara de Diputados y cont\u00f3 con la presencia de representantes de los tres poderes del Gobierno provincial.<\/p>\n\n\n\n<p>Asistieron el vicegobernador, Mariano Fern\u00e1ndez, el ministro del Superior Tribunal de Justicia, Jos\u00e9 Sappa, el ministro de Conectividad y Modernizaci\u00f3n, Antonio Curciarello, y la secretaria de la Mujer, G\u00e9neros y Diversidad, Liliana Robledo. La primera actividad estuvo dirigida a las personas responsables de los sitios web de Gobierno y a las y los integrantes de la Mesa Ejecutiva del Plan de Modernizaci\u00f3n de la Administraci\u00f3n P\u00fablica Provincial (PemiAP).<\/p>\n\n\n\n<p>El objetivo fue abordar la redacci\u00f3n dentro de estos espacios a partir de la utilizaci\u00f3n de la gu\u00eda de lenguaje inclusivo que se encuentra en funcionamiento dentro del Estado. La secretaria agradeci\u00f3 la amplia convocatoria y la predisposici\u00f3n al cambio de quienes participaron.&nbsp;<\/p>\n\n\n\n<p>Dentro de este programa se prev\u00e9n m\u00faltiples acciones para acompa\u00f1ar a mujeres y diversidades en el desarrollo de sus habilidades digitales y en la realizaci\u00f3n de tr\u00e1mites y el uso de los servicios que presta la Provincia.&nbsp;<\/p>\n\n\n\n<p>Adem\u00e1s, se elaborar\u00e1n campa\u00f1as de sensibilizaci\u00f3n y t\u00e9cnicas de prevenci\u00f3n de la violencia de g\u00e9nero digital, y se fomentar\u00e1n espacios de discusi\u00f3n y reflexi\u00f3n sobre esta tem\u00e1tica y sobre el rol de las mujeres en el \u00e1mbito de las tecnolog\u00edas y en los organismos del Gobierno provincial.<\/p>\n\n\n\n<p>El ministro Curciarello destac\u00f3 la importancia de trabajar la relaci\u00f3n entre tecnolog\u00eda y g\u00e9nero, y se\u00f1al\u00f3 que&nbsp;\u201cse dise\u00f1an pol\u00edticas p\u00fablicas para incluir, para eliminar la discriminaci\u00f3n, pero no alcanza con eso; es necesario militarlas y apropiarse positivamente de los conceptos para reducir la brecha digital de g\u00e9nero\u201d.<\/p>\n<div class=\"sharedaddy sd-sharing-enabled\"><div class=\"robots-nocontent sd-block sd-social sd-social-icon sd-sharing\"><h3 class=\"sd-title\">Comparte esto:<\/h3><div class=\"sd-content\"><ul><li class=\"share-twitter\"><a rel=\"nofollow noopener noreferrer\" data-shared=\"sharing-twitter-36033\" class=\"share-twitter sd-button share-icon no-text\" href=\"http:\/\/www.rtvnoticias.com.ar\/?p=36033&amp;share=twitter\" target=\"_blank\" title=\"Haz clic para compartir en Twitter\"><span><\/span><span class=\"sharing-screen-reader-text\">Haz clic para compartir en Twitter (Se abre en una ventana nueva)<\/span><\/a><\/li><li class=\"share-facebook\"><a rel=\"nofollow noopener noreferrer\" data-shared=\"sharing-facebook-36033\" class=\"share-facebook sd-button share-icon no-text\" href=\"http:\/\/www.rtvnoticias.com.ar\/?p=36033&amp;share=facebook\" target=\"_blank\" title=\"Haz clic para compartir en Facebook\"><span><\/span><span class=\"sharing-screen-reader-text\">Haz clic para compartir en Facebook (Se abre en una ventana nueva)<\/span><\/a><\/li><li class=\"share-jetpack-whatsapp\"><a rel=\"nofollow noopener noreferrer\" data-shared=\"\" class=\"share-jetpack-whatsapp sd-button share-icon no-text\" href=\"http:\/\/www.rtvnoticias.com.ar\/?p=36033&amp;share=jetpack-whatsapp\" target=\"_blank\" title=\"Haz clic para compartir en WhatsApp\"><span><\/span><span class=\"sharing-screen-reader-text\">Haz clic para compartir en WhatsApp (Se abre en una ventana nueva)<\/span><\/a><\/li><li class=\"share-telegram\"><a rel=\"nofollow noopener noreferrer\" data-shared=\"\" class=\"share-telegram sd-button share-icon no-text\" href=\"http:\/\/www.rtvnoticias.com.ar\/?p=36033&amp;share=telegram\" target=\"_blank\" title=\"Haz clic para compartir en Telegram\"><span><\/span><span class=\"sharing-screen-reader-text\">Haz clic para compartir en Telegram (Se abre en una ventana nueva)<\/span><\/a><\/li><li class=\"share-end\"><\/li><\/ul><\/div><\/div><\/div>","protected":false},"excerpt":{"rendered":"<p>La primera actividad estuvo referida al lenguaje inclusivo en los sitios web de Gobierno provincial. El Ministerio de Conectividad y Modernizaci\u00f3n y la Secretar\u00eda de<\/p>\n<div class=\"sharedaddy sd-sharing-enabled\"><div class=\"robots-nocontent sd-block sd-social sd-social-icon sd-sharing\"><h3 class=\"sd-title\">Comparte esto:<\/h3><div class=\"sd-content\"><ul><li class=\"share-twitter\"><a rel=\"nofollow noopener noreferrer\" data-shared=\"sharing-twitter-36033\" class=\"share-twitter sd-button share-icon no-text\" href=\"http:\/\/www.rtvnoticias.com.ar\/?p=36033&amp;share=twitter\" target=\"_blank\" title=\"Haz clic para compartir en Twitter\"><span><\/span><span class=\"sharing-screen-reader-text\">Haz clic para compartir en Twitter (Se abre en una ventana nueva)<\/span><\/a><\/li><li class=\"share-facebook\"><a rel=\"nofollow noopener noreferrer\" data-shared=\"sharing-facebook-36033\" class=\"share-facebook sd-button share-icon no-text\" href=\"http:\/\/www.rtvnoticias.com.ar\/?p=36033&amp;share=facebook\" target=\"_blank\" title=\"Haz clic para compartir en Facebook\"><span><\/span><span class=\"sharing-screen-reader-text\">Haz clic para compartir en Facebook (Se abre en una ventana nueva)<\/span><\/a><\/li><li class=\"share-jetpack-whatsapp\"><a rel=\"nofollow noopener noreferrer\" data-shared=\"\" class=\"share-jetpack-whatsapp sd-button share-icon no-text\" href=\"http:\/\/www.rtvnoticias.com.ar\/?p=36033&amp;share=jetpack-whatsapp\" target=\"_blank\" title=\"Haz clic para compartir en WhatsApp\"><span><\/span><span class=\"sharing-screen-reader-text\">Haz clic para compartir en WhatsApp (Se abre en una ventana nueva)<\/span><\/a><\/li><li class=\"share-telegram\"><a rel=\"nofollow noopener noreferrer\" data-shared=\"\" class=\"share-telegram sd-button share-icon no-text\" href=\"http:\/\/www.rtvnoticias.com.ar\/?p=36033&amp;share=telegram\" target=\"_blank\" title=\"Haz clic para compartir en Telegram\"><span><\/span><span class=\"sharing-screen-reader-text\">Haz clic para compartir en Telegram (Se abre en una ventana nueva)<\/span><\/a><\/li><li class=\"share-end\"><\/li><\/ul><\/div><\/div><\/div>","protected":false},"author":5,"featured_media":36035,"comment_status":"closed","ping_status":"closed","sticky":false,"template":"","format":"standard","meta":{"spay_email":"","jetpack_publicize_message":"","jetpack_is_tweetstorm":false,"jetpack_publicize_feature_enabled":true},"categories":[4],"tags":[],"jetpack_featured_media_url":"http:\/\/www.rtvnoticias.com.ar\/wp-content\/uploads\/2023\/03\/conectividad-programa-2.jpg","jetpack_publicize_connections":[],"jetpack_sharing_enabled":true,"_links":{"self":[{"href":"http:\/\/www.rtvnoticias.com.ar\/index.php?rest_route=\/wp\/v2\/posts\/36033"}],"collection":[{"href":"http:\/\/www.rtvnoticias.com.ar\/index.php?rest_route=\/wp\/v2\/posts"}],"about":[{"href":"http:\/\/www.rtvnoticias.com.ar\/index.php?rest_route=\/wp\/v2\/types\/post"}],"author":[{"embeddable":true,"href":"http:\/\/www.rtvnoticias.com.ar\/index.php?rest_route=\/wp\/v2\/users\/5"}],"replies":[{"embeddable":true,"href":"http:\/\/www.rtvnoticias.com.ar\/index.php?rest_route=%2Fwp%2Fv2%2Fcomments&post=36033"}],"version-history":[{"count":1,"href":"http:\/\/www.rtvnoticias.com.ar\/index.php?rest_route=\/wp\/v2\/posts\/36033\/revisions"}],"predecessor-version":[{"id":36036,"href":"http:\/\/www.rtvnoticias.com.ar\/index.php?rest_route=\/wp\/v2\/posts\/36033\/revisions\/36036"}],"wp:featuredmedia":[{"embeddable":true,"href":"http:\/\/www.rtvnoticias.com.ar\/index.php?rest_route=\/wp\/v2\/media\/36035"}],"wp:attachment":[{"href":"http:\/\/www.rtvnoticias.com.ar\/index.php?rest_route=%2Fwp%2Fv2%2Fmedia&parent=36033"}],"wp:term":[{"taxonomy":"category","embeddable":true,"href":"http:\/\/www.rtvnoticias.com.ar\/index.php?rest_route=%2Fwp%2Fv2%2Fcategories&post=36033"},{"taxonomy":"post_tag","embeddable":true,"href":"http:\/\/www.rtvnoticias.com.ar\/index.php?rest_route=%2Fwp%2Fv2%2Ftags&post=36033"}],"curies":[{"name":"wp","href":"https:\/\/api.w.org\/{rel}","templated":true}]}}