{"id":36049,"date":"2023-03-29T12:05:19","date_gmt":"2023-03-29T15:05:19","guid":{"rendered":"http:\/\/www.rtvnoticias.com.ar\/?p=36049"},"modified":"2023-03-29T12:05:22","modified_gmt":"2023-03-29T15:05:22","slug":"concejal-reivindico-la-dictadura-con-memes-en-redes-sociales-y-tuvo-que-renunciar","status":"publish","type":"post","link":"http:\/\/www.rtvnoticias.com.ar\/?p=36049","title":{"rendered":"Concejal reivindic\u00f3 la dictadura con memes en redes sociales y tuvo que renunciar"},"content":{"rendered":"\n<p><strong>Silvia Gorosito, de Juntos por el Cambio, comparti\u00f3 mensajes sobre los llamados \u201cvuelos de la muerte\u201d. Luego los elimin\u00f3 y pidi\u00f3 disculpas, pero al final debi\u00f3 dimitir.<\/strong><\/p>\n\n\n\n<p>La concejal de Juntos por el Cambio de la localidad de Chacabuco, provincia de Buenos Aires,&nbsp;Silvia Gorosito, se vio obligada a presentar su&nbsp;renuncia indeclinable&nbsp;el martes pasado. Fue luego de que la Subsecretar\u00eda de Derechos Humanos de PBA repudiara sus publicaciones donde&nbsp;reivindic\u00f3 la&nbsp;\u00faltima dictadura militar&nbsp;y los cr\u00edmenes perpetrados&nbsp;en aquel momento.<\/p>\n\n\n\n<p>Este 24 de marzo, cuando se conmemoraba a las v\u00edctimas del \u00faltimo golpe militar ocurrido hace 47 a\u00f1os, la funcionaria desat\u00f3 la pol\u00e9mica tras publicar en Facebook la imagen de un&nbsp;<strong>avi\u00f3n H\u00e9rcules<\/strong>&nbsp;<strong>del Ej\u00e9rcito Argentino arrojando dos personas al vac\u00edo<\/strong>, los llamados&nbsp;\u201cvuelos de la muerte\u201d.<\/p>\n\n\n\n<p>\u201cFeliz d\u00eda del montonero\u201d, era el pol\u00e9mico mensaje que acompa\u00f1aba la fotograf\u00eda.<\/p>\n\n\n\n<figure class=\"wp-block-image\"><img decoding=\"async\" src=\"https:\/\/i1.wp.com\/fotos.perfil.com\/\/2023\/03\/29\/900\/0\/silvia-gorosito-1536393.jpg?w=920&amp;ssl=1\" alt=\"Silvia Gorosito\"\/><\/figure>\n\n\n\n<p>Ante una oleada de cr\u00edticas, Gorosito se percat\u00f3 de su error y decidi\u00f3&nbsp;borrar la publicaci\u00f3n&nbsp;que hab\u00eda realizado tras pedir&nbsp;\u201csinceras disculpas\u201d. Sin embargo, reparar el da\u00f1o que hab\u00eda hecho no le result\u00f3 tan f\u00e1cil.<\/p>\n\n\n\n<p>Frente a su repudiable publicaci\u00f3n, los usuarios comenzaron a investigar sus redes sociales y fue as\u00ed como el&nbsp;<em>Diario Democracia<\/em>&nbsp;pudo recopil\u00f3 los testimonios de algunos residentes de Chacabuco, quienes aseguraron que&nbsp;no fue esta la primera vez&nbsp;que la concejala reivindic\u00f3 la&nbsp;dictadura&nbsp;en redes sociales.<\/p>\n\n\n\n<p>De esta manera, sali\u00f3 a la luz una publicaci\u00f3n del a\u00f1o pasado, en la cual se puede ver a Jorge Rafael Videla, Emilio Massera y Orlando Ram\u00f3n Agosti junto a la leyenda:&nbsp;\u201cGracias por todo\u201d.<\/p>\n\n\n\n<figure class=\"wp-block-image\"><img decoding=\"async\" src=\"https:\/\/i2.wp.com\/fotos.perfil.com\/\/2023\/03\/29\/900\/0\/silvia-gorosito-1536394.jpg?w=920&amp;ssl=1\" alt=\"Silvia Gorosito\"\/><\/figure>\n\n\n\n<p>El concejal y presidente del Bloque Juntos de Chacabuco,&nbsp;Alejo P\u00e9rez, fue el primero en pronunciarse al respecto luego de que la situaci\u00f3n cobrara notoriedad. \u201cRechazo totalmente esta publicaci\u00f3n y cualquier expresi\u00f3n similar.&nbsp;No hay lugar para discutir esto, ya est\u00e1 saldado para todos los que queremos vivir en democracia\u201d, manifest\u00f3.<\/p>\n\n\n\n<p>\u201cDesde el bloque y el Honorable Concejo Deliberante seguramente se analizar\u00e1n los pasos a seguir pero, desde lo personal,&nbsp;deseo que se tome la medida m\u00e1s dura que pueda existir desde lo institucional\u201c, enfatiz\u00f3 el funcionario en di\u00e1logo con&nbsp;Chacabuco en Red.<\/p>\n\n\n\n<p>Por su parte, desde la Subsecretar\u00eda de Derechos Humanos bonaerense repudiaron el accionar de Gorosito y sostuvieron que&nbsp;\u201cdesconoce absolutamente los est\u00e1ndares de Verdad, Memoria, Justicia, Reparaci\u00f3n y Garant\u00edas de no repetici\u00f3n\u201d.<\/p>\n\n\n\n<p>Asimismo, desde la entidad calificaron lo sucedido como una&nbsp;<strong>\u201c<\/strong>apolog\u00eda del&nbsp;<strong>terrorismo de Estado\u201d<\/strong>&nbsp;y concluyeron: \u201cDestacamos que todos los bloques del Concejo Deliberante hayan repudiado sus dichos y dejasen en claro no sentirse representado en ellos\u201d.<\/p>\n\n\n\n<h2 class=\"wp-block-heading\"><strong>La carta de renuncia<\/strong><\/h2>\n\n\n\n<p>Tras la pol\u00e9mica desatada por sus publicaciones, Gorosito decidi\u00f3 apartarse de su cargo y present\u00f3 su&nbsp;renuncia indeclinable&nbsp;al puesto con una carta dirigida al Presidente del Honorable Consejo Deliberante de Chacabuco, Lisandro Herrera.<\/p>\n\n\n\n<p>\u201cPor medio de la presente me dirijo a Ud., por su intermedio al resto del Cuerpo Deliberativo, para informarles mi decisi\u00f3n de&nbsp;renunciar a mi cargo como Concejal electo del Partido de Chacabuco\u201c, inici\u00f3 el documento.<\/p>\n\n\n\n<p>Asimismo, la funcionaria reiter\u00f3: \u201cQuiero volver a expresar mis m\u00e1s sinceras disculpas&nbsp;por las publicaciones en redes sociales el 24 de marzo, D\u00eda de la Memoria, Verdad y Justicia.&nbsp;De ninguna manera fue mi intenci\u00f3n desconocer o minimizar terribles cr\u00edmenes&nbsp;de la dictadura militar\u201d.<\/p>\n\n\n\n<p>\u201cSi creo, adem\u00e1s, que&nbsp;la historia debe ser contada en forma completa para poder conocer toda la verdad&nbsp;y entonces empezar a sanar las heridas de nuestra sociedad, para luego trabajar juntos por un pa\u00eds que incluya a todos los argentinos\u201d, concluy\u00f3.<\/p>\n\n\n\n<p><em>Fuente: Perfil\u00a0<\/em><\/p>\n<div class=\"sharedaddy sd-sharing-enabled\"><div class=\"robots-nocontent sd-block sd-social sd-social-icon sd-sharing\"><h3 class=\"sd-title\">Comparte esto:<\/h3><div class=\"sd-content\"><ul><li class=\"share-twitter\"><a rel=\"nofollow noopener noreferrer\" data-shared=\"sharing-twitter-36049\" class=\"share-twitter sd-button share-icon no-text\" href=\"http:\/\/www.rtvnoticias.com.ar\/?p=36049&amp;share=twitter\" target=\"_blank\" title=\"Haz clic para compartir en Twitter\"><span><\/span><span class=\"sharing-screen-reader-text\">Haz clic para compartir en Twitter (Se abre en una ventana nueva)<\/span><\/a><\/li><li class=\"share-facebook\"><a rel=\"nofollow noopener noreferrer\" data-shared=\"sharing-facebook-36049\" class=\"share-facebook sd-button share-icon no-text\" href=\"http:\/\/www.rtvnoticias.com.ar\/?p=36049&amp;share=facebook\" target=\"_blank\" title=\"Haz clic para compartir en Facebook\"><span><\/span><span class=\"sharing-screen-reader-text\">Haz clic para compartir en Facebook (Se abre en una ventana nueva)<\/span><\/a><\/li><li class=\"share-jetpack-whatsapp\"><a rel=\"nofollow noopener noreferrer\" data-shared=\"\" class=\"share-jetpack-whatsapp sd-button share-icon no-text\" href=\"http:\/\/www.rtvnoticias.com.ar\/?p=36049&amp;share=jetpack-whatsapp\" target=\"_blank\" title=\"Haz clic para compartir en WhatsApp\"><span><\/span><span class=\"sharing-screen-reader-text\">Haz clic para compartir en WhatsApp (Se abre en una ventana nueva)<\/span><\/a><\/li><li class=\"share-telegram\"><a rel=\"nofollow noopener noreferrer\" data-shared=\"\" class=\"share-telegram sd-button share-icon no-text\" href=\"http:\/\/www.rtvnoticias.com.ar\/?p=36049&amp;share=telegram\" target=\"_blank\" title=\"Haz clic para compartir en Telegram\"><span><\/span><span class=\"sharing-screen-reader-text\">Haz clic para compartir en Telegram (Se abre en una ventana nueva)<\/span><\/a><\/li><li class=\"share-end\"><\/li><\/ul><\/div><\/div><\/div>","protected":false},"excerpt":{"rendered":"<p>Silvia Gorosito, de Juntos por el Cambio, comparti\u00f3 mensajes sobre los llamados \u201cvuelos de la muerte\u201d. Luego los elimin\u00f3 y pidi\u00f3 disculpas, pero al final<\/p>\n<div class=\"sharedaddy sd-sharing-enabled\"><div class=\"robots-nocontent sd-block sd-social sd-social-icon sd-sharing\"><h3 class=\"sd-title\">Comparte esto:<\/h3><div class=\"sd-content\"><ul><li class=\"share-twitter\"><a rel=\"nofollow noopener noreferrer\" data-shared=\"sharing-twitter-36049\" class=\"share-twitter sd-button share-icon no-text\" href=\"http:\/\/www.rtvnoticias.com.ar\/?p=36049&amp;share=twitter\" target=\"_blank\" title=\"Haz clic para compartir en Twitter\"><span><\/span><span class=\"sharing-screen-reader-text\">Haz clic para compartir en Twitter (Se abre en una ventana nueva)<\/span><\/a><\/li><li class=\"share-facebook\"><a rel=\"nofollow noopener noreferrer\" data-shared=\"sharing-facebook-36049\" class=\"share-facebook sd-button share-icon no-text\" href=\"http:\/\/www.rtvnoticias.com.ar\/?p=36049&amp;share=facebook\" target=\"_blank\" title=\"Haz clic para compartir en Facebook\"><span><\/span><span class=\"sharing-screen-reader-text\">Haz clic para compartir en Facebook (Se abre en una ventana nueva)<\/span><\/a><\/li><li class=\"share-jetpack-whatsapp\"><a rel=\"nofollow noopener noreferrer\" data-shared=\"\" class=\"share-jetpack-whatsapp sd-button share-icon no-text\" href=\"http:\/\/www.rtvnoticias.com.ar\/?p=36049&amp;share=jetpack-whatsapp\" target=\"_blank\" title=\"Haz clic para compartir en WhatsApp\"><span><\/span><span class=\"sharing-screen-reader-text\">Haz clic para compartir en WhatsApp (Se abre en una ventana nueva)<\/span><\/a><\/li><li class=\"share-telegram\"><a rel=\"nofollow noopener noreferrer\" data-shared=\"\" class=\"share-telegram sd-button share-icon no-text\" href=\"http:\/\/www.rtvnoticias.com.ar\/?p=36049&amp;share=telegram\" target=\"_blank\" title=\"Haz clic para compartir en Telegram\"><span><\/span><span class=\"sharing-screen-reader-text\">Haz clic para compartir en Telegram (Se abre en una ventana nueva)<\/span><\/a><\/li><li class=\"share-end\"><\/li><\/ul><\/div><\/div><\/div>","protected":false},"author":7,"featured_media":36050,"comment_status":"closed","ping_status":"closed","sticky":false,"template":"","format":"standard","meta":{"spay_email":"","jetpack_publicize_message":"","jetpack_is_tweetstorm":false,"jetpack_publicize_feature_enabled":true},"categories":[5],"tags":[],"jetpack_featured_media_url":"http:\/\/www.rtvnoticias.com.ar\/wp-content\/uploads\/2023\/03\/silvia-gorosito-1.jpg","jetpack_publicize_connections":[],"jetpack_sharing_enabled":true,"_links":{"self":[{"href":"http:\/\/www.rtvnoticias.com.ar\/index.php?rest_route=\/wp\/v2\/posts\/36049"}],"collection":[{"href":"http:\/\/www.rtvnoticias.com.ar\/index.php?rest_route=\/wp\/v2\/posts"}],"about":[{"href":"http:\/\/www.rtvnoticias.com.ar\/index.php?rest_route=\/wp\/v2\/types\/post"}],"author":[{"embeddable":true,"href":"http:\/\/www.rtvnoticias.com.ar\/index.php?rest_route=\/wp\/v2\/users\/7"}],"replies":[{"embeddable":true,"href":"http:\/\/www.rtvnoticias.com.ar\/index.php?rest_route=%2Fwp%2Fv2%2Fcomments&post=36049"}],"version-history":[{"count":1,"href":"http:\/\/www.rtvnoticias.com.ar\/index.php?rest_route=\/wp\/v2\/posts\/36049\/revisions"}],"predecessor-version":[{"id":36051,"href":"http:\/\/www.rtvnoticias.com.ar\/index.php?rest_route=\/wp\/v2\/posts\/36049\/revisions\/36051"}],"wp:featuredmedia":[{"embeddable":true,"href":"http:\/\/www.rtvnoticias.com.ar\/index.php?rest_route=\/wp\/v2\/media\/36050"}],"wp:attachment":[{"href":"http:\/\/www.rtvnoticias.com.ar\/index.php?rest_route=%2Fwp%2Fv2%2Fmedia&parent=36049"}],"wp:term":[{"taxonomy":"category","embeddable":true,"href":"http:\/\/www.rtvnoticias.com.ar\/index.php?rest_route=%2Fwp%2Fv2%2Fcategories&post=36049"},{"taxonomy":"post_tag","embeddable":true,"href":"http:\/\/www.rtvnoticias.com.ar\/index.php?rest_route=%2Fwp%2Fv2%2Ftags&post=36049"}],"curies":[{"name":"wp","href":"https:\/\/api.w.org\/{rel}","templated":true}]}}