{"id":36055,"date":"2023-03-29T21:23:38","date_gmt":"2023-03-30T00:23:38","guid":{"rendered":"http:\/\/www.rtvnoticias.com.ar\/?p=36055"},"modified":"2023-03-29T21:23:42","modified_gmt":"2023-03-30T00:23:42","slug":"presentaron-oferta-formativa-de-juventud-y-fundacion-blp","status":"publish","type":"post","link":"http:\/\/www.rtvnoticias.com.ar\/?p=36055","title":{"rendered":"Presentaron oferta formativa de Juventud y Fundaci\u00f3n BLP"},"content":{"rendered":"\n<p>Se present\u00f3 la oferta de cursos formativos del \u00e1rea de Juventud del Gobierno Provincial, en conjunto con la Fundaci\u00f3n del Banco de La Pampa para el a\u00f1o 2023. Referentes de ambas instituciones invitaron a las juventudes pampeanas a inscribirse en la Oferta Formativa, que estar\u00e1 enfocada en cursos que las y los j\u00f3venes sugirieron incorporar. La cursada se dictar\u00e1 a trav\u00e9s del campus virtual de la Fundaci\u00f3n y su convocatoria permanecer\u00e1 abierta hasta mitad de a\u00f1o.<\/p>\n\n\n\n<p>La mesa de presentaci\u00f3n estuvo encabezada por el subsecretario de Juventud, Gabriel Orellano; el presidente de la Fundaci\u00f3n Banco de La Pampa, Alberto Giorgis; y el director de Juventud, Rodrigo Draeger.<br>Es el cuarto a\u00f1o consecutivo en la que la Fundaci\u00f3n y el \u00e1rea de Juventud trabajan de manera mancomunada y ofrecen propuestas formativas, habiendo iniciado de manera sincr\u00f3nica, y luego se continuaron -con tutores de ambas partes- de forma asincr\u00f3nica.<\/p>\n\n\n\n<p>Los cursos tendr\u00e1n un l\u00edmite de 60 j\u00f3venes por aula, por lo que quienes se inscriban los cursar\u00e1n a medida que se vayan generando vacantes y vayan finalizando las aulas y la disponibilidad de la plataforma y los docentes. Se inician desde el mes de abril.<\/p>\n\n\n\n<p>La Oferta Formativa 2023 consiste en los siguientes cursos:<\/p>\n\n\n\n<ul><li>Conociendo Mi PC<\/li><li>Primeros pasos en el mundo laboral \/ Soy Empleado y Soy Empleador<\/li><li>Finanzas Simples<\/li><li>RCP y Primeros Auxilios (con clase final presencial)<\/li><li>El maravilloso mundo del VOLUNTARIADO<\/li><\/ul>\n\n\n\n<p>La inscripci\u00f3n a los cursos debe realizarse en la web linktr.ee\/jovenesenlinealp, disponible tambi\u00e9n en la BIO de la cuenta de Instagram @jovenesenlinealp , Programa de la Direcci\u00f3n General de Juventud desde junio de 2020. La gu\u00eda de contenidos de cada curso puede consultarse en: acortar.link\/ofertaformativa2023 . Ante cualquier consulta, comunicarse al email programadesdetucasa@gmail.com .<\/p>\n\n\n\n<p>Capacitaciones realizadas por Juventud desde 2020<br>S\u00f3lo 2022 con la Fundaci\u00f3n del Banco de La Pampa se certificaron 415 horas. En lo que va del corriente 2023, se registraron 700 juventudes a los 4 cursos online lanzados de la Direcci\u00f3n, y WeniTec en conjunto a la Subsecretar\u00eda de Econom\u00eda Social. Finalmente, desde 2020 a 2023, se registraron un total 4432 inscripciones de cursos y capacitaciones, tanto sincr\u00f3nicas como asincr\u00f3nicas.<\/p>\n<div class=\"sharedaddy sd-sharing-enabled\"><div class=\"robots-nocontent sd-block sd-social sd-social-icon sd-sharing\"><h3 class=\"sd-title\">Comparte esto:<\/h3><div class=\"sd-content\"><ul><li class=\"share-twitter\"><a rel=\"nofollow noopener noreferrer\" data-shared=\"sharing-twitter-36055\" class=\"share-twitter sd-button share-icon no-text\" href=\"http:\/\/www.rtvnoticias.com.ar\/?p=36055&amp;share=twitter\" target=\"_blank\" title=\"Haz clic para compartir en Twitter\"><span><\/span><span class=\"sharing-screen-reader-text\">Haz clic para compartir en Twitter (Se abre en una ventana nueva)<\/span><\/a><\/li><li class=\"share-facebook\"><a rel=\"nofollow noopener noreferrer\" data-shared=\"sharing-facebook-36055\" class=\"share-facebook sd-button share-icon no-text\" href=\"http:\/\/www.rtvnoticias.com.ar\/?p=36055&amp;share=facebook\" target=\"_blank\" title=\"Haz clic para compartir en Facebook\"><span><\/span><span class=\"sharing-screen-reader-text\">Haz clic para compartir en Facebook (Se abre en una ventana nueva)<\/span><\/a><\/li><li class=\"share-jetpack-whatsapp\"><a rel=\"nofollow noopener noreferrer\" data-shared=\"\" class=\"share-jetpack-whatsapp sd-button share-icon no-text\" href=\"http:\/\/www.rtvnoticias.com.ar\/?p=36055&amp;share=jetpack-whatsapp\" target=\"_blank\" title=\"Haz clic para compartir en WhatsApp\"><span><\/span><span class=\"sharing-screen-reader-text\">Haz clic para compartir en WhatsApp (Se abre en una ventana nueva)<\/span><\/a><\/li><li class=\"share-telegram\"><a rel=\"nofollow noopener noreferrer\" data-shared=\"\" class=\"share-telegram sd-button share-icon no-text\" href=\"http:\/\/www.rtvnoticias.com.ar\/?p=36055&amp;share=telegram\" target=\"_blank\" title=\"Haz clic para compartir en Telegram\"><span><\/span><span class=\"sharing-screen-reader-text\">Haz clic para compartir en Telegram (Se abre en una ventana nueva)<\/span><\/a><\/li><li class=\"share-end\"><\/li><\/ul><\/div><\/div><\/div>","protected":false},"excerpt":{"rendered":"<p>Se present\u00f3 la oferta de cursos formativos del \u00e1rea de Juventud del Gobierno Provincial, en conjunto con la Fundaci\u00f3n del Banco de La Pampa para<\/p>\n<div class=\"sharedaddy sd-sharing-enabled\"><div class=\"robots-nocontent sd-block sd-social sd-social-icon sd-sharing\"><h3 class=\"sd-title\">Comparte esto:<\/h3><div class=\"sd-content\"><ul><li class=\"share-twitter\"><a rel=\"nofollow noopener noreferrer\" data-shared=\"sharing-twitter-36055\" class=\"share-twitter sd-button share-icon no-text\" href=\"http:\/\/www.rtvnoticias.com.ar\/?p=36055&amp;share=twitter\" target=\"_blank\" title=\"Haz clic para compartir en Twitter\"><span><\/span><span class=\"sharing-screen-reader-text\">Haz clic para compartir en Twitter (Se abre en una ventana nueva)<\/span><\/a><\/li><li class=\"share-facebook\"><a rel=\"nofollow noopener noreferrer\" data-shared=\"sharing-facebook-36055\" class=\"share-facebook sd-button share-icon no-text\" href=\"http:\/\/www.rtvnoticias.com.ar\/?p=36055&amp;share=facebook\" target=\"_blank\" title=\"Haz clic para compartir en Facebook\"><span><\/span><span class=\"sharing-screen-reader-text\">Haz clic para compartir en Facebook (Se abre en una ventana nueva)<\/span><\/a><\/li><li class=\"share-jetpack-whatsapp\"><a rel=\"nofollow noopener noreferrer\" data-shared=\"\" class=\"share-jetpack-whatsapp sd-button share-icon no-text\" href=\"http:\/\/www.rtvnoticias.com.ar\/?p=36055&amp;share=jetpack-whatsapp\" target=\"_blank\" title=\"Haz clic para compartir en WhatsApp\"><span><\/span><span class=\"sharing-screen-reader-text\">Haz clic para compartir en WhatsApp (Se abre en una ventana nueva)<\/span><\/a><\/li><li class=\"share-telegram\"><a rel=\"nofollow noopener noreferrer\" data-shared=\"\" class=\"share-telegram sd-button share-icon no-text\" href=\"http:\/\/www.rtvnoticias.com.ar\/?p=36055&amp;share=telegram\" target=\"_blank\" title=\"Haz clic para compartir en Telegram\"><span><\/span><span class=\"sharing-screen-reader-text\">Haz clic para compartir en Telegram (Se abre en una ventana nueva)<\/span><\/a><\/li><li class=\"share-end\"><\/li><\/ul><\/div><\/div><\/div>","protected":false},"author":5,"featured_media":36056,"comment_status":"closed","ping_status":"closed","sticky":false,"template":"","format":"standard","meta":{"spay_email":"","jetpack_publicize_message":"","jetpack_is_tweetstorm":false,"jetpack_publicize_feature_enabled":true},"categories":[4],"tags":[181],"jetpack_featured_media_url":"http:\/\/www.rtvnoticias.com.ar\/wp-content\/uploads\/2023\/03\/blp.jpg","jetpack_publicize_connections":[],"jetpack_sharing_enabled":true,"_links":{"self":[{"href":"http:\/\/www.rtvnoticias.com.ar\/index.php?rest_route=\/wp\/v2\/posts\/36055"}],"collection":[{"href":"http:\/\/www.rtvnoticias.com.ar\/index.php?rest_route=\/wp\/v2\/posts"}],"about":[{"href":"http:\/\/www.rtvnoticias.com.ar\/index.php?rest_route=\/wp\/v2\/types\/post"}],"author":[{"embeddable":true,"href":"http:\/\/www.rtvnoticias.com.ar\/index.php?rest_route=\/wp\/v2\/users\/5"}],"replies":[{"embeddable":true,"href":"http:\/\/www.rtvnoticias.com.ar\/index.php?rest_route=%2Fwp%2Fv2%2Fcomments&post=36055"}],"version-history":[{"count":1,"href":"http:\/\/www.rtvnoticias.com.ar\/index.php?rest_route=\/wp\/v2\/posts\/36055\/revisions"}],"predecessor-version":[{"id":36057,"href":"http:\/\/www.rtvnoticias.com.ar\/index.php?rest_route=\/wp\/v2\/posts\/36055\/revisions\/36057"}],"wp:featuredmedia":[{"embeddable":true,"href":"http:\/\/www.rtvnoticias.com.ar\/index.php?rest_route=\/wp\/v2\/media\/36056"}],"wp:attachment":[{"href":"http:\/\/www.rtvnoticias.com.ar\/index.php?rest_route=%2Fwp%2Fv2%2Fmedia&parent=36055"}],"wp:term":[{"taxonomy":"category","embeddable":true,"href":"http:\/\/www.rtvnoticias.com.ar\/index.php?rest_route=%2Fwp%2Fv2%2Fcategories&post=36055"},{"taxonomy":"post_tag","embeddable":true,"href":"http:\/\/www.rtvnoticias.com.ar\/index.php?rest_route=%2Fwp%2Fv2%2Ftags&post=36055"}],"curies":[{"name":"wp","href":"https:\/\/api.w.org\/{rel}","templated":true}]}}