{"id":36059,"date":"2023-03-29T21:36:13","date_gmt":"2023-03-30T00:36:13","guid":{"rendered":"http:\/\/www.rtvnoticias.com.ar\/?p=36059"},"modified":"2023-03-29T21:36:16","modified_gmt":"2023-03-30T00:36:16","slug":"casos-de-dengue-en-general-pico-y-catrilo","status":"publish","type":"post","link":"http:\/\/www.rtvnoticias.com.ar\/?p=36059","title":{"rendered":"Casos de dengue en General Pico y Catril\u00f3"},"content":{"rendered":"\n<p><strong><em>El Ministerio de Salud, a trav\u00e9s de la Direcci\u00f3n de Epidemiologia, confirm\u00f3 que en la provincia de La Pampa se detectaron dos casos de dengue importados. Ambos casos, presentan un cuadro leve, no est\u00e1n relacionados entre si y residen uno en la localidad de General Pico y el otro en Catril\u00f3, motivo por el cual se est\u00e1n desarrollando las estrategias para el control de foco en ambas localidades.<\/em><\/strong><\/p>\n\n\n\n<p>Que se trate de casos importados significa que son personas que viajaron a \u00e1reas con circulaci\u00f3n viral y una vez arribados a la provincia comenzaron con sintomatologia de la enfermedad<br><br>Se recuerda que nuestra provincia ha confirmado la presencia del vector (mosquito Aedes aegypti) pero hasta el momento este no esta infectado con el virus que provoca el dengue. Por este motivo se recomienda a toda persona que provenga de zonas de circulaci\u00f3n del virus (provincias al noreste de La Pampa y paises vecinos) y que presente s\u00edntomas compatibles con la enfermedad (fiebre, decaimiento, dolor detr\u00e1s de los ojos, dolor de cabeza, dolor muscular o en articulaciones, manchas en la piel, cansancio extremo, nauseas o v\u00f3mitos, sangrados de nariz o enc\u00edas), use repelente y consulte inmediatamente con el Centro de Salud.<\/p>\n\n\n\n<p>Es de suma importancia que se disminuyan las poblaciones del mosquito vector de la enfermedad a trav\u00e9s de la estrategia ampliamente difundida de Patio Limpio:<br>\u2022 Descartar latas, neum\u00e1ticos viejos y cualquier objeto en desuso capaz de acumular agua.<br>\u2022 Cuidar y desmalezar los jardines.<br>\u2022 Colocar mosquiteros en ventanas.<br>\u2022 Cambiar asiduamente el agua de los bebederos de animales.<br>\u2022 Dejar boca abajo recipientes en uso como baldes, frascos, etc<br>\u2022 Tapar los tanques de agua.<br>\u2022 Utilizar arena h\u00fameda en lugar de agua en floreros, jarrones y recipientes de plantas acu\u00e1ticas.<br>\u2022 Limpiar canaletas de desag\u00fces obstruidos.<br>\u2022 Conservar limpios los alrededores de las viviendas.<br>\u2022 En piletas de lona, verificar la ausencia de larvas y mantenerlas secas, plegadas y bajo techo en caso de no utilizarlas.<br>Recordar que el mosquito vector es domiciliario y que es fundamental evitar los criaderos del mismo ya que se desarrollan principalmente en recipientes artificiales que contienen agua.<br><\/p>\n<div class=\"sharedaddy sd-sharing-enabled\"><div class=\"robots-nocontent sd-block sd-social sd-social-icon sd-sharing\"><h3 class=\"sd-title\">Comparte esto:<\/h3><div class=\"sd-content\"><ul><li class=\"share-twitter\"><a rel=\"nofollow noopener noreferrer\" data-shared=\"sharing-twitter-36059\" class=\"share-twitter sd-button share-icon no-text\" href=\"http:\/\/www.rtvnoticias.com.ar\/?p=36059&amp;share=twitter\" target=\"_blank\" title=\"Haz clic para compartir en Twitter\"><span><\/span><span class=\"sharing-screen-reader-text\">Haz clic para compartir en Twitter (Se abre en una ventana nueva)<\/span><\/a><\/li><li class=\"share-facebook\"><a rel=\"nofollow noopener noreferrer\" data-shared=\"sharing-facebook-36059\" class=\"share-facebook sd-button share-icon no-text\" href=\"http:\/\/www.rtvnoticias.com.ar\/?p=36059&amp;share=facebook\" target=\"_blank\" title=\"Haz clic para compartir en Facebook\"><span><\/span><span class=\"sharing-screen-reader-text\">Haz clic para compartir en Facebook (Se abre en una ventana nueva)<\/span><\/a><\/li><li class=\"share-jetpack-whatsapp\"><a rel=\"nofollow noopener noreferrer\" data-shared=\"\" class=\"share-jetpack-whatsapp sd-button share-icon no-text\" href=\"http:\/\/www.rtvnoticias.com.ar\/?p=36059&amp;share=jetpack-whatsapp\" target=\"_blank\" title=\"Haz clic para compartir en WhatsApp\"><span><\/span><span class=\"sharing-screen-reader-text\">Haz clic para compartir en WhatsApp (Se abre en una ventana nueva)<\/span><\/a><\/li><li class=\"share-telegram\"><a rel=\"nofollow noopener noreferrer\" data-shared=\"\" class=\"share-telegram sd-button share-icon no-text\" href=\"http:\/\/www.rtvnoticias.com.ar\/?p=36059&amp;share=telegram\" target=\"_blank\" title=\"Haz clic para compartir en Telegram\"><span><\/span><span class=\"sharing-screen-reader-text\">Haz clic para compartir en Telegram (Se abre en una ventana nueva)<\/span><\/a><\/li><li class=\"share-end\"><\/li><\/ul><\/div><\/div><\/div>","protected":false},"excerpt":{"rendered":"<p>El Ministerio de Salud, a trav\u00e9s de la Direcci\u00f3n de Epidemiologia, confirm\u00f3 que en la provincia de La Pampa se detectaron dos casos de dengue<\/p>\n<div class=\"sharedaddy sd-sharing-enabled\"><div class=\"robots-nocontent sd-block sd-social sd-social-icon sd-sharing\"><h3 class=\"sd-title\">Comparte esto:<\/h3><div class=\"sd-content\"><ul><li class=\"share-twitter\"><a rel=\"nofollow noopener noreferrer\" data-shared=\"sharing-twitter-36059\" class=\"share-twitter sd-button share-icon no-text\" href=\"http:\/\/www.rtvnoticias.com.ar\/?p=36059&amp;share=twitter\" target=\"_blank\" title=\"Haz clic para compartir en Twitter\"><span><\/span><span class=\"sharing-screen-reader-text\">Haz clic para compartir en Twitter (Se abre en una ventana nueva)<\/span><\/a><\/li><li class=\"share-facebook\"><a rel=\"nofollow noopener noreferrer\" data-shared=\"sharing-facebook-36059\" class=\"share-facebook sd-button share-icon no-text\" href=\"http:\/\/www.rtvnoticias.com.ar\/?p=36059&amp;share=facebook\" target=\"_blank\" title=\"Haz clic para compartir en Facebook\"><span><\/span><span class=\"sharing-screen-reader-text\">Haz clic para compartir en Facebook (Se abre en una ventana nueva)<\/span><\/a><\/li><li class=\"share-jetpack-whatsapp\"><a rel=\"nofollow noopener noreferrer\" data-shared=\"\" class=\"share-jetpack-whatsapp sd-button share-icon no-text\" href=\"http:\/\/www.rtvnoticias.com.ar\/?p=36059&amp;share=jetpack-whatsapp\" target=\"_blank\" title=\"Haz clic para compartir en WhatsApp\"><span><\/span><span class=\"sharing-screen-reader-text\">Haz clic para compartir en WhatsApp (Se abre en una ventana nueva)<\/span><\/a><\/li><li class=\"share-telegram\"><a rel=\"nofollow noopener noreferrer\" data-shared=\"\" class=\"share-telegram sd-button share-icon no-text\" href=\"http:\/\/www.rtvnoticias.com.ar\/?p=36059&amp;share=telegram\" target=\"_blank\" title=\"Haz clic para compartir en Telegram\"><span><\/span><span class=\"sharing-screen-reader-text\">Haz clic para compartir en Telegram (Se abre en una ventana nueva)<\/span><\/a><\/li><li class=\"share-end\"><\/li><\/ul><\/div><\/div><\/div>","protected":false},"author":5,"featured_media":0,"comment_status":"closed","ping_status":"closed","sticky":false,"template":"","format":"standard","meta":{"spay_email":"","jetpack_publicize_message":"","jetpack_is_tweetstorm":false,"jetpack_publicize_feature_enabled":true},"categories":[1],"tags":[],"jetpack_featured_media_url":"","jetpack_publicize_connections":[],"jetpack_sharing_enabled":true,"_links":{"self":[{"href":"http:\/\/www.rtvnoticias.com.ar\/index.php?rest_route=\/wp\/v2\/posts\/36059"}],"collection":[{"href":"http:\/\/www.rtvnoticias.com.ar\/index.php?rest_route=\/wp\/v2\/posts"}],"about":[{"href":"http:\/\/www.rtvnoticias.com.ar\/index.php?rest_route=\/wp\/v2\/types\/post"}],"author":[{"embeddable":true,"href":"http:\/\/www.rtvnoticias.com.ar\/index.php?rest_route=\/wp\/v2\/users\/5"}],"replies":[{"embeddable":true,"href":"http:\/\/www.rtvnoticias.com.ar\/index.php?rest_route=%2Fwp%2Fv2%2Fcomments&post=36059"}],"version-history":[{"count":1,"href":"http:\/\/www.rtvnoticias.com.ar\/index.php?rest_route=\/wp\/v2\/posts\/36059\/revisions"}],"predecessor-version":[{"id":36060,"href":"http:\/\/www.rtvnoticias.com.ar\/index.php?rest_route=\/wp\/v2\/posts\/36059\/revisions\/36060"}],"wp:attachment":[{"href":"http:\/\/www.rtvnoticias.com.ar\/index.php?rest_route=%2Fwp%2Fv2%2Fmedia&parent=36059"}],"wp:term":[{"taxonomy":"category","embeddable":true,"href":"http:\/\/www.rtvnoticias.com.ar\/index.php?rest_route=%2Fwp%2Fv2%2Fcategories&post=36059"},{"taxonomy":"post_tag","embeddable":true,"href":"http:\/\/www.rtvnoticias.com.ar\/index.php?rest_route=%2Fwp%2Fv2%2Ftags&post=36059"}],"curies":[{"name":"wp","href":"https:\/\/api.w.org\/{rel}","templated":true}]}}