{"id":36066,"date":"2023-03-30T14:27:04","date_gmt":"2023-03-30T17:27:04","guid":{"rendered":"http:\/\/www.rtvnoticias.com.ar\/?p=36066"},"modified":"2023-03-30T14:27:07","modified_gmt":"2023-03-30T17:27:07","slug":"renuncio-el-ministro-franco","status":"publish","type":"post","link":"http:\/\/www.rtvnoticias.com.ar\/?p=36066","title":{"rendered":"Renunci\u00f3 el ministro Franco"},"content":{"rendered":"\n<p>Ernesto Franco finalmente present\u00f3 la renuncia a su cargo de ministro de Hacienda, en disconformidad con el acuerdo firmado por el Gobierno con los trabajadores y las trabajadoras de la Direcci\u00f3n de Rentas por el pago de un adicional. En su lugar, inform\u00f3 Casa de Gobierno, asumir\u00e1 Guido Bisterfeld, su segundo. El acto se har\u00e1 a las 17.30 horas en el Sal\u00f3n de Vialidad.<\/p>\n\n\n\n<p>Franco, estaba molesto con el acuerdo que hab\u00eda alcanzado el Gobierno con los trabajadores de la Direcci\u00f3n de Rentas.<\/p>\n\n\n\n<p>Ese acuerdo hab\u00eda sido encomendado por el gobernador Sergio Ziliotto al secretario de Trabajo, Marcelo Pedehonta\u00e1. El mandatario, a poco menos de dos meses de las elecciones, pretend\u00eda dejar atr\u00e1s el conflicto que ya estaba generando malhumor entre la gente por los retrasos en los tr\u00e1mites a ra\u00edz de medidas de fuerza.<\/p>\n\n\n\n<p>El conflicto se origin\u00f3 hace unos cinco meses, cuando Franco modific\u00f3 el adicional por est\u00edmulo que recib\u00edan los trabajadores y trabajadoras de Rentas. Representaba el 4,5 por mil de la recaudaci\u00f3n de impuestos y fue bajado a 3,8 por mil. Pero adem\u00e1s hab\u00edan sido incorporados a su cobro otros sectores e incluso funcionarios.<\/p>\n\n\n\n<p>Ahora, para mantener el adicional en Rentas, se debe modificar el C\u00f3digo Fiscal: la intenci\u00f3n es aumentar el porcentaje destinado a retenci\u00f3n para distribuir entre los trabajadores de Rentas y otros empleados del ministerio que ahora tambi\u00e9n lo cobrar\u00e1n.<\/p>\n\n\n\n<p>Esos cambios deben pasar por el filtro de la Legislatura. Franco, por lo pronto, se neg\u00f3 rotundamente a defender frente a los legisladores esas modificaciones. Lo intentaron convencer, pero se mantuvo inflexible.<\/p>\n\n\n\n<p>Este ministro fue uno de los funcionarios m\u00e1s poderosos del Gabinete. Ha sido ministro de Hacienda de tres gobernadores: de Rub\u00e9n Mar\u00edn, de Carlos Verna y de Sergio Ziliotto.<\/p>\n\n\n\n<p>Su lugar es clave, pero su dimisi\u00f3n no generar\u00e1 mayores inconvenientes: el mismo Franco ha formado a funcionarios que pueden hacerse cargo de Hacienda. Entre ellos, Guido Bisterfeld. <\/p>\n\n\n\n<p>Diario Textual<\/p>\n<div class=\"sharedaddy sd-sharing-enabled\"><div class=\"robots-nocontent sd-block sd-social sd-social-icon sd-sharing\"><h3 class=\"sd-title\">Comparte esto:<\/h3><div class=\"sd-content\"><ul><li class=\"share-twitter\"><a rel=\"nofollow noopener noreferrer\" data-shared=\"sharing-twitter-36066\" class=\"share-twitter sd-button share-icon no-text\" href=\"http:\/\/www.rtvnoticias.com.ar\/?p=36066&amp;share=twitter\" target=\"_blank\" title=\"Haz clic para compartir en Twitter\"><span><\/span><span class=\"sharing-screen-reader-text\">Haz clic para compartir en Twitter (Se abre en una ventana nueva)<\/span><\/a><\/li><li class=\"share-facebook\"><a rel=\"nofollow noopener noreferrer\" data-shared=\"sharing-facebook-36066\" class=\"share-facebook sd-button share-icon no-text\" href=\"http:\/\/www.rtvnoticias.com.ar\/?p=36066&amp;share=facebook\" target=\"_blank\" title=\"Haz clic para compartir en Facebook\"><span><\/span><span class=\"sharing-screen-reader-text\">Haz clic para compartir en Facebook (Se abre en una ventana nueva)<\/span><\/a><\/li><li class=\"share-jetpack-whatsapp\"><a rel=\"nofollow noopener noreferrer\" data-shared=\"\" class=\"share-jetpack-whatsapp sd-button share-icon no-text\" href=\"http:\/\/www.rtvnoticias.com.ar\/?p=36066&amp;share=jetpack-whatsapp\" target=\"_blank\" title=\"Haz clic para compartir en WhatsApp\"><span><\/span><span class=\"sharing-screen-reader-text\">Haz clic para compartir en WhatsApp (Se abre en una ventana nueva)<\/span><\/a><\/li><li class=\"share-telegram\"><a rel=\"nofollow noopener noreferrer\" data-shared=\"\" class=\"share-telegram sd-button share-icon no-text\" href=\"http:\/\/www.rtvnoticias.com.ar\/?p=36066&amp;share=telegram\" target=\"_blank\" title=\"Haz clic para compartir en Telegram\"><span><\/span><span class=\"sharing-screen-reader-text\">Haz clic para compartir en Telegram (Se abre en una ventana nueva)<\/span><\/a><\/li><li class=\"share-end\"><\/li><\/ul><\/div><\/div><\/div>","protected":false},"excerpt":{"rendered":"<p>Ernesto Franco finalmente present\u00f3 la renuncia a su cargo de ministro de Hacienda, en disconformidad con el acuerdo firmado por el Gobierno con los trabajadores<\/p>\n<div class=\"sharedaddy sd-sharing-enabled\"><div class=\"robots-nocontent sd-block sd-social sd-social-icon sd-sharing\"><h3 class=\"sd-title\">Comparte esto:<\/h3><div class=\"sd-content\"><ul><li class=\"share-twitter\"><a rel=\"nofollow noopener noreferrer\" data-shared=\"sharing-twitter-36066\" class=\"share-twitter sd-button share-icon no-text\" href=\"http:\/\/www.rtvnoticias.com.ar\/?p=36066&amp;share=twitter\" target=\"_blank\" title=\"Haz clic para compartir en Twitter\"><span><\/span><span class=\"sharing-screen-reader-text\">Haz clic para compartir en Twitter (Se abre en una ventana nueva)<\/span><\/a><\/li><li class=\"share-facebook\"><a rel=\"nofollow noopener noreferrer\" data-shared=\"sharing-facebook-36066\" class=\"share-facebook sd-button share-icon no-text\" href=\"http:\/\/www.rtvnoticias.com.ar\/?p=36066&amp;share=facebook\" target=\"_blank\" title=\"Haz clic para compartir en Facebook\"><span><\/span><span class=\"sharing-screen-reader-text\">Haz clic para compartir en Facebook (Se abre en una ventana nueva)<\/span><\/a><\/li><li class=\"share-jetpack-whatsapp\"><a rel=\"nofollow noopener noreferrer\" data-shared=\"\" class=\"share-jetpack-whatsapp sd-button share-icon no-text\" href=\"http:\/\/www.rtvnoticias.com.ar\/?p=36066&amp;share=jetpack-whatsapp\" target=\"_blank\" title=\"Haz clic para compartir en WhatsApp\"><span><\/span><span class=\"sharing-screen-reader-text\">Haz clic para compartir en WhatsApp (Se abre en una ventana nueva)<\/span><\/a><\/li><li class=\"share-telegram\"><a rel=\"nofollow noopener noreferrer\" data-shared=\"\" class=\"share-telegram sd-button share-icon no-text\" href=\"http:\/\/www.rtvnoticias.com.ar\/?p=36066&amp;share=telegram\" target=\"_blank\" title=\"Haz clic para compartir en Telegram\"><span><\/span><span class=\"sharing-screen-reader-text\">Haz clic para compartir en Telegram (Se abre en una ventana nueva)<\/span><\/a><\/li><li class=\"share-end\"><\/li><\/ul><\/div><\/div><\/div>","protected":false},"author":7,"featured_media":13767,"comment_status":"closed","ping_status":"closed","sticky":false,"template":"","format":"standard","meta":{"spay_email":"","jetpack_publicize_message":"","jetpack_is_tweetstorm":false,"jetpack_publicize_feature_enabled":true},"categories":[4],"tags":[],"jetpack_featured_media_url":"http:\/\/www.rtvnoticias.com.ar\/wp-content\/uploads\/2019\/07\/ernesto-franco-7-19.jpg","jetpack_publicize_connections":[],"jetpack_sharing_enabled":true,"_links":{"self":[{"href":"http:\/\/www.rtvnoticias.com.ar\/index.php?rest_route=\/wp\/v2\/posts\/36066"}],"collection":[{"href":"http:\/\/www.rtvnoticias.com.ar\/index.php?rest_route=\/wp\/v2\/posts"}],"about":[{"href":"http:\/\/www.rtvnoticias.com.ar\/index.php?rest_route=\/wp\/v2\/types\/post"}],"author":[{"embeddable":true,"href":"http:\/\/www.rtvnoticias.com.ar\/index.php?rest_route=\/wp\/v2\/users\/7"}],"replies":[{"embeddable":true,"href":"http:\/\/www.rtvnoticias.com.ar\/index.php?rest_route=%2Fwp%2Fv2%2Fcomments&post=36066"}],"version-history":[{"count":1,"href":"http:\/\/www.rtvnoticias.com.ar\/index.php?rest_route=\/wp\/v2\/posts\/36066\/revisions"}],"predecessor-version":[{"id":36082,"href":"http:\/\/www.rtvnoticias.com.ar\/index.php?rest_route=\/wp\/v2\/posts\/36066\/revisions\/36082"}],"wp:featuredmedia":[{"embeddable":true,"href":"http:\/\/www.rtvnoticias.com.ar\/index.php?rest_route=\/wp\/v2\/media\/13767"}],"wp:attachment":[{"href":"http:\/\/www.rtvnoticias.com.ar\/index.php?rest_route=%2Fwp%2Fv2%2Fmedia&parent=36066"}],"wp:term":[{"taxonomy":"category","embeddable":true,"href":"http:\/\/www.rtvnoticias.com.ar\/index.php?rest_route=%2Fwp%2Fv2%2Fcategories&post=36066"},{"taxonomy":"post_tag","embeddable":true,"href":"http:\/\/www.rtvnoticias.com.ar\/index.php?rest_route=%2Fwp%2Fv2%2Ftags&post=36066"}],"curies":[{"name":"wp","href":"https:\/\/api.w.org\/{rel}","templated":true}]}}