{"id":36076,"date":"2023-03-30T12:34:43","date_gmt":"2023-03-30T15:34:43","guid":{"rendered":"http:\/\/www.rtvnoticias.com.ar\/?p=36076"},"modified":"2023-03-30T12:34:46","modified_gmt":"2023-03-30T15:34:46","slug":"llego-el-dia-el-senado-finalmente-trata-la-ley-lucio-y-podria-ser-sancionada","status":"publish","type":"post","link":"http:\/\/www.rtvnoticias.com.ar\/?p=36076","title":{"rendered":"Lleg\u00f3 el d\u00eda: el Senado finalmente trata la Ley Lucio y podr\u00eda ser sancionada"},"content":{"rendered":"\n<p class=\"has-text-align-center\"><strong>Luego de varios meses, hoy la C\u00e1mara Alta debate una serie de proyectos a pedido de todos los bloques, entre ellos el surgido por el asesinato de Lucio Dupuy.<\/strong><\/p>\n\n\n\n<p>Si bien estaba previsto que en diciembre del 2022 se aprobara el proyecto de Ley Lucio, su tratamiento se posterg\u00f3.&nbsp;<\/p>\n\n\n\n<p>Cabe recordar que esta iniciativa, promovida por el diputado pampeano del PRO Mart\u00edn Maquieyra, ya tiene media sanci\u00f3n. En noviembre, la C\u00e1mara de Diputados le dio el visto bueno con 228 votos a favor, pasando a la siguiente instancia.<\/p>\n\n\n\n<p>De esta manera, el proyecto surgido por el asesinato del peque\u00f1o estar\u00e1 dentro del debate. Junto a este, tambi\u00e9n se hablar\u00e1 del de Alcohol Cero al Volante y la facilitaci\u00f3n de la renovaci\u00f3n del Certificado \u00danico de Discapacidad.<\/p>\n\n\n\n<p>En noviembre de 2021, Lucio Dupuy fue asesinado por su progenitora y la entonces pareja de ella. El homicidio del menor, en realidad, fue la culminaci\u00f3n de meses y meses de maltrato infantil, cuyos indicios fueron pasados por alto tanto por m\u00e9dicos, enfermeros, como docentes y vecinos.<\/p>\n\n\n\n<p>Frente a este caso, Maquieyra se propuso crear dicha iniciativa y difundi\u00f3 el prop\u00f3sito de la misma en varias oportunidades. Asegur\u00f3, de este modo, que busca prevenir y detectar casos de violencia contra ni\u00f1os, ni\u00f1as y adolescentes en cinco acciones concretas:<\/p>\n\n\n\n<ul><li>Campa\u00f1as de concientizaci\u00f3n: los medios de todo el pa\u00eds deben informar sobre c\u00f3mo y d\u00f3nde hay que denunciar este tipo de situaciones hacia menores de edad.<\/li><li>L\u00ednea 102 de denuncias: en segundo lugar, expresa la implementaci\u00f3n de una l\u00ednea telef\u00f3nica a nivel nacional de forma gratuita y an\u00f3nima para recibir informaci\u00f3n y hacer dichas denuncias.<\/li><li>Protocolo de acci\u00f3n conjunta: el legislador refiere a que las fuerzas de seguridad, instituciones educativas y tambi\u00e9n de salud deber\u00e1n actuar de manera r\u00e1pida y coordinada con la Justicia. Lo contrario a lo que ocurri\u00f3 con Lucio.<\/li><li>Capacitaci\u00f3n para agentes del Estado: esta Ley tambi\u00e9n tiene como objetivo brindar herramientas para que los funcionarios p\u00fablicos sepan c\u00f3mo actuar ante situaciones de vulneraci\u00f3n de derechos de ni\u00f1os y adolescentes.<\/li><li>Reserva de identidad: se preservar\u00e1 la identidad de toda aquella persona que denuncie actos o indicios de violencia contra menores de edad.<\/li><\/ul>\n<div class=\"sharedaddy sd-sharing-enabled\"><div class=\"robots-nocontent sd-block sd-social sd-social-icon sd-sharing\"><h3 class=\"sd-title\">Comparte esto:<\/h3><div class=\"sd-content\"><ul><li class=\"share-twitter\"><a rel=\"nofollow noopener noreferrer\" data-shared=\"sharing-twitter-36076\" class=\"share-twitter sd-button share-icon no-text\" href=\"http:\/\/www.rtvnoticias.com.ar\/?p=36076&amp;share=twitter\" target=\"_blank\" title=\"Haz clic para compartir en Twitter\"><span><\/span><span class=\"sharing-screen-reader-text\">Haz clic para compartir en Twitter (Se abre en una ventana nueva)<\/span><\/a><\/li><li class=\"share-facebook\"><a rel=\"nofollow noopener noreferrer\" data-shared=\"sharing-facebook-36076\" class=\"share-facebook sd-button share-icon no-text\" href=\"http:\/\/www.rtvnoticias.com.ar\/?p=36076&amp;share=facebook\" target=\"_blank\" title=\"Haz clic para compartir en Facebook\"><span><\/span><span class=\"sharing-screen-reader-text\">Haz clic para compartir en Facebook (Se abre en una ventana nueva)<\/span><\/a><\/li><li class=\"share-jetpack-whatsapp\"><a rel=\"nofollow noopener noreferrer\" data-shared=\"\" class=\"share-jetpack-whatsapp sd-button share-icon no-text\" href=\"http:\/\/www.rtvnoticias.com.ar\/?p=36076&amp;share=jetpack-whatsapp\" target=\"_blank\" title=\"Haz clic para compartir en WhatsApp\"><span><\/span><span class=\"sharing-screen-reader-text\">Haz clic para compartir en WhatsApp (Se abre en una ventana nueva)<\/span><\/a><\/li><li class=\"share-telegram\"><a rel=\"nofollow noopener noreferrer\" data-shared=\"\" class=\"share-telegram sd-button share-icon no-text\" href=\"http:\/\/www.rtvnoticias.com.ar\/?p=36076&amp;share=telegram\" target=\"_blank\" title=\"Haz clic para compartir en Telegram\"><span><\/span><span class=\"sharing-screen-reader-text\">Haz clic para compartir en Telegram (Se abre en una ventana nueva)<\/span><\/a><\/li><li class=\"share-end\"><\/li><\/ul><\/div><\/div><\/div>","protected":false},"excerpt":{"rendered":"<p>Luego de varios meses, hoy la C\u00e1mara Alta debate una serie de proyectos a pedido de todos los bloques, entre ellos el surgido por el<\/p>\n<div class=\"sharedaddy sd-sharing-enabled\"><div class=\"robots-nocontent sd-block sd-social sd-social-icon sd-sharing\"><h3 class=\"sd-title\">Comparte esto:<\/h3><div class=\"sd-content\"><ul><li class=\"share-twitter\"><a rel=\"nofollow noopener noreferrer\" data-shared=\"sharing-twitter-36076\" class=\"share-twitter sd-button share-icon no-text\" href=\"http:\/\/www.rtvnoticias.com.ar\/?p=36076&amp;share=twitter\" target=\"_blank\" title=\"Haz clic para compartir en Twitter\"><span><\/span><span class=\"sharing-screen-reader-text\">Haz clic para compartir en Twitter (Se abre en una ventana nueva)<\/span><\/a><\/li><li class=\"share-facebook\"><a rel=\"nofollow noopener noreferrer\" data-shared=\"sharing-facebook-36076\" class=\"share-facebook sd-button share-icon no-text\" href=\"http:\/\/www.rtvnoticias.com.ar\/?p=36076&amp;share=facebook\" target=\"_blank\" title=\"Haz clic para compartir en Facebook\"><span><\/span><span class=\"sharing-screen-reader-text\">Haz clic para compartir en Facebook (Se abre en una ventana nueva)<\/span><\/a><\/li><li class=\"share-jetpack-whatsapp\"><a rel=\"nofollow noopener noreferrer\" data-shared=\"\" class=\"share-jetpack-whatsapp sd-button share-icon no-text\" href=\"http:\/\/www.rtvnoticias.com.ar\/?p=36076&amp;share=jetpack-whatsapp\" target=\"_blank\" title=\"Haz clic para compartir en WhatsApp\"><span><\/span><span class=\"sharing-screen-reader-text\">Haz clic para compartir en WhatsApp (Se abre en una ventana nueva)<\/span><\/a><\/li><li class=\"share-telegram\"><a rel=\"nofollow noopener noreferrer\" data-shared=\"\" class=\"share-telegram sd-button share-icon no-text\" href=\"http:\/\/www.rtvnoticias.com.ar\/?p=36076&amp;share=telegram\" target=\"_blank\" title=\"Haz clic para compartir en Telegram\"><span><\/span><span class=\"sharing-screen-reader-text\">Haz clic para compartir en Telegram (Se abre en una ventana nueva)<\/span><\/a><\/li><li class=\"share-end\"><\/li><\/ul><\/div><\/div><\/div>","protected":false},"author":7,"featured_media":31492,"comment_status":"closed","ping_status":"closed","sticky":false,"template":"","format":"standard","meta":{"spay_email":"","jetpack_publicize_message":"","jetpack_is_tweetstorm":false,"jetpack_publicize_feature_enabled":true},"categories":[5],"tags":[],"jetpack_featured_media_url":"http:\/\/www.rtvnoticias.com.ar\/wp-content\/uploads\/2022\/04\/lucio.jpg","jetpack_publicize_connections":[],"jetpack_sharing_enabled":true,"_links":{"self":[{"href":"http:\/\/www.rtvnoticias.com.ar\/index.php?rest_route=\/wp\/v2\/posts\/36076"}],"collection":[{"href":"http:\/\/www.rtvnoticias.com.ar\/index.php?rest_route=\/wp\/v2\/posts"}],"about":[{"href":"http:\/\/www.rtvnoticias.com.ar\/index.php?rest_route=\/wp\/v2\/types\/post"}],"author":[{"embeddable":true,"href":"http:\/\/www.rtvnoticias.com.ar\/index.php?rest_route=\/wp\/v2\/users\/7"}],"replies":[{"embeddable":true,"href":"http:\/\/www.rtvnoticias.com.ar\/index.php?rest_route=%2Fwp%2Fv2%2Fcomments&post=36076"}],"version-history":[{"count":1,"href":"http:\/\/www.rtvnoticias.com.ar\/index.php?rest_route=\/wp\/v2\/posts\/36076\/revisions"}],"predecessor-version":[{"id":36077,"href":"http:\/\/www.rtvnoticias.com.ar\/index.php?rest_route=\/wp\/v2\/posts\/36076\/revisions\/36077"}],"wp:featuredmedia":[{"embeddable":true,"href":"http:\/\/www.rtvnoticias.com.ar\/index.php?rest_route=\/wp\/v2\/media\/31492"}],"wp:attachment":[{"href":"http:\/\/www.rtvnoticias.com.ar\/index.php?rest_route=%2Fwp%2Fv2%2Fmedia&parent=36076"}],"wp:term":[{"taxonomy":"category","embeddable":true,"href":"http:\/\/www.rtvnoticias.com.ar\/index.php?rest_route=%2Fwp%2Fv2%2Fcategories&post=36076"},{"taxonomy":"post_tag","embeddable":true,"href":"http:\/\/www.rtvnoticias.com.ar\/index.php?rest_route=%2Fwp%2Fv2%2Ftags&post=36076"}],"curies":[{"name":"wp","href":"https:\/\/api.w.org\/{rel}","templated":true}]}}