{"id":36078,"date":"2023-03-30T12:52:33","date_gmt":"2023-03-30T15:52:33","guid":{"rendered":"http:\/\/www.rtvnoticias.com.ar\/?p=36078"},"modified":"2023-03-30T12:52:42","modified_gmt":"2023-03-30T15:52:42","slug":"jorge-grimberg-es-el-nuevo-presidente-del-ipcva","status":"publish","type":"post","link":"http:\/\/www.rtvnoticias.com.ar\/?p=36078","title":{"rendered":"Jorge Grimberg es el nuevo presidente del IPCVA"},"content":{"rendered":"\n<p>Se decidi\u00f3 en la Asamblea Anual Ordinaria del Instituto de Promoci\u00f3n de la Carne Vacuna Argentina (IPCVA).<\/p>\n\n\n\n<p>En el marco de la Asamblea Anual Ordinaria del Instituto de Promoci\u00f3n de la Carne Vacuna Argentina (IPCVA) que se realiz\u00f3 este 29 de marzo de 2023, las entidades agropecuarias eligieron por unanimidad a Jorge Grimberg, representante de Confederaciones Rurales Argentinas (CRA), como nuevo Presidente del Instituto.<\/p>\n\n\n\n<p>La vicepresidencia seguir\u00e1 a cargo de Daniel Urc\u00eda (FIFRA).<\/p>\n\n\n\n<p>En la asamblea, presidida por Jos\u00e9 Mar\u00eda Romero, Subsecretario de Ganader\u00eda de la Naci\u00f3n, tambi\u00e9n se aprob\u00f3 memoria, balance y plan anual operativo.<\/p>\n\n\n\n<p>\u201cTenemos muchos proyectos para llevar a cabo\u201d, asegur\u00f3 Grimberg, despu\u00e9s de agradecer a las entidades por su elecci\u00f3n. \u201cVamos a fortalecer la presencia de la carne argentina en mercados estrat\u00e9gicos como China, Europa y Estados Unidos pero sin descuidar el mercado interno, que es nuestro principal cliente\u201d, agreg\u00f3. Al respecto, asegur\u00f3 que \u201cpese a la crisis econ\u00f3mica vamos a trabajar fuertemente para posicionar la carne vacuna como un alimento indispensable para la salud, muy especialmente entre los m\u00e1s j\u00f3venes que son el segmento que presenta el principal desaf\u00edo para la cadena productiva\u201d.<\/p>\n\n\n\n<p>Jorge Chemes (Presidente de CRA), Nicol\u00e1s Pino (Presidente de SRA, v\u00eda zoom), Elbio Laucirica (Coninagro) y Carlos Achetoni (Presidente de FAA) tambi\u00e9n estuvieron presentes en la reuni\u00f3n en las que se tambi\u00e9n se designaron nuevos representantes de la industria y de la producci\u00f3n. El nuevo Consejo de Representantes del IPCVA qued\u00f3 conformado de la siguiente forma:<\/p>\n\n\n\n<p>-Presidente: Jorge Grimberg (CRA).<\/p>\n\n\n\n<p>-Vicepresidente: Daniel Urc\u00eda (FIFRA).<\/p>\n\n\n\n<p>-Consejeros titulares: Ulises Forte (FAA), Felipe Tavernier (Coninagro), Carlos Odriozola (SRA), Mario Ravettino (Consorcio ABC) \u00c1ngel Vitale (CADIF), Jos\u00e9 Mar\u00eda Romero (Secretar\u00eda de Agricultura de la Naci\u00f3n).<\/p>\n\n\n\n<p>-Consejeros Suplentes: Mart\u00edn Rapetti (CRA), Mart\u00edn Spada (FAA), Georges Breitschmitt (Coninagro), Luis \u00c1ngel Rossi (SRA), Alberto Gorleri (Consorcio ABC), Antonio D\u2019Angelo (FIFRA), Germ\u00e1n Berardi (CADIF), Rodolfo Acerbi (Secretar\u00eda de Agricultura de la Naci\u00f3n).<\/p>\n\n\n\n<p><strong>Sobre Jorge Grimberg<\/strong><\/p>\n\n\n\n<p>Es M\u00e9dico Veterinario (UNLP), productor ganadero de Bah\u00eda Blanca, Provincia de Buenos Aires, con una extensa trayectoria dentro de las entidades del sector. Fue Presidente de la Asociaci\u00f3n de Ganaderos y Agricultores de Bah\u00eda Blanca (2006-2010), ocup\u00f3 distintos cargos en la Bolsa de Cereales de Bah\u00eda Blanca (1997-actualidad), fue vicepresidente de Carbap (2010-2016), Presidente de la Fundaci\u00f3n Bah\u00eda Blanca-Rosales para la Sanidad Animal (1990-actualidad) y Consejero del IPCVA desde 2015.<\/p>\n<div class=\"sharedaddy sd-sharing-enabled\"><div class=\"robots-nocontent sd-block sd-social sd-social-icon sd-sharing\"><h3 class=\"sd-title\">Comparte esto:<\/h3><div class=\"sd-content\"><ul><li class=\"share-twitter\"><a rel=\"nofollow noopener noreferrer\" data-shared=\"sharing-twitter-36078\" class=\"share-twitter sd-button share-icon no-text\" href=\"http:\/\/www.rtvnoticias.com.ar\/?p=36078&amp;share=twitter\" target=\"_blank\" title=\"Haz clic para compartir en Twitter\"><span><\/span><span class=\"sharing-screen-reader-text\">Haz clic para compartir en Twitter (Se abre en una ventana nueva)<\/span><\/a><\/li><li class=\"share-facebook\"><a rel=\"nofollow noopener noreferrer\" data-shared=\"sharing-facebook-36078\" class=\"share-facebook sd-button share-icon no-text\" href=\"http:\/\/www.rtvnoticias.com.ar\/?p=36078&amp;share=facebook\" target=\"_blank\" title=\"Haz clic para compartir en Facebook\"><span><\/span><span class=\"sharing-screen-reader-text\">Haz clic para compartir en Facebook (Se abre en una ventana nueva)<\/span><\/a><\/li><li class=\"share-jetpack-whatsapp\"><a rel=\"nofollow noopener noreferrer\" data-shared=\"\" class=\"share-jetpack-whatsapp sd-button share-icon no-text\" href=\"http:\/\/www.rtvnoticias.com.ar\/?p=36078&amp;share=jetpack-whatsapp\" target=\"_blank\" title=\"Haz clic para compartir en WhatsApp\"><span><\/span><span class=\"sharing-screen-reader-text\">Haz clic para compartir en WhatsApp (Se abre en una ventana nueva)<\/span><\/a><\/li><li class=\"share-telegram\"><a rel=\"nofollow noopener noreferrer\" data-shared=\"\" class=\"share-telegram sd-button share-icon no-text\" href=\"http:\/\/www.rtvnoticias.com.ar\/?p=36078&amp;share=telegram\" target=\"_blank\" title=\"Haz clic para compartir en Telegram\"><span><\/span><span class=\"sharing-screen-reader-text\">Haz clic para compartir en Telegram (Se abre en una ventana nueva)<\/span><\/a><\/li><li class=\"share-end\"><\/li><\/ul><\/div><\/div><\/div>","protected":false},"excerpt":{"rendered":"<p>Se decidi\u00f3 en la Asamblea Anual Ordinaria del Instituto de Promoci\u00f3n de la Carne Vacuna Argentina (IPCVA). En el marco de la Asamblea Anual Ordinaria<\/p>\n<div class=\"sharedaddy sd-sharing-enabled\"><div class=\"robots-nocontent sd-block sd-social sd-social-icon sd-sharing\"><h3 class=\"sd-title\">Comparte esto:<\/h3><div class=\"sd-content\"><ul><li class=\"share-twitter\"><a rel=\"nofollow noopener noreferrer\" data-shared=\"sharing-twitter-36078\" class=\"share-twitter sd-button share-icon no-text\" href=\"http:\/\/www.rtvnoticias.com.ar\/?p=36078&amp;share=twitter\" target=\"_blank\" title=\"Haz clic para compartir en Twitter\"><span><\/span><span class=\"sharing-screen-reader-text\">Haz clic para compartir en Twitter (Se abre en una ventana nueva)<\/span><\/a><\/li><li class=\"share-facebook\"><a rel=\"nofollow noopener noreferrer\" data-shared=\"sharing-facebook-36078\" class=\"share-facebook sd-button share-icon no-text\" href=\"http:\/\/www.rtvnoticias.com.ar\/?p=36078&amp;share=facebook\" target=\"_blank\" title=\"Haz clic para compartir en Facebook\"><span><\/span><span class=\"sharing-screen-reader-text\">Haz clic para compartir en Facebook (Se abre en una ventana nueva)<\/span><\/a><\/li><li class=\"share-jetpack-whatsapp\"><a rel=\"nofollow noopener noreferrer\" data-shared=\"\" class=\"share-jetpack-whatsapp sd-button share-icon no-text\" href=\"http:\/\/www.rtvnoticias.com.ar\/?p=36078&amp;share=jetpack-whatsapp\" target=\"_blank\" title=\"Haz clic para compartir en WhatsApp\"><span><\/span><span class=\"sharing-screen-reader-text\">Haz clic para compartir en WhatsApp (Se abre en una ventana nueva)<\/span><\/a><\/li><li class=\"share-telegram\"><a rel=\"nofollow noopener noreferrer\" data-shared=\"\" class=\"share-telegram sd-button share-icon no-text\" href=\"http:\/\/www.rtvnoticias.com.ar\/?p=36078&amp;share=telegram\" target=\"_blank\" title=\"Haz clic para compartir en Telegram\"><span><\/span><span class=\"sharing-screen-reader-text\">Haz clic para compartir en Telegram (Se abre en una ventana nueva)<\/span><\/a><\/li><li class=\"share-end\"><\/li><\/ul><\/div><\/div><\/div>","protected":false},"author":7,"featured_media":36079,"comment_status":"closed","ping_status":"closed","sticky":false,"template":"","format":"standard","meta":{"spay_email":"","jetpack_publicize_message":"","jetpack_is_tweetstorm":false,"jetpack_publicize_feature_enabled":true},"categories":[5],"tags":[],"jetpack_featured_media_url":"http:\/\/www.rtvnoticias.com.ar\/wp-content\/uploads\/2023\/03\/IPCVA-GRIMBERG-JORGE.jpg","jetpack_publicize_connections":[],"jetpack_sharing_enabled":true,"_links":{"self":[{"href":"http:\/\/www.rtvnoticias.com.ar\/index.php?rest_route=\/wp\/v2\/posts\/36078"}],"collection":[{"href":"http:\/\/www.rtvnoticias.com.ar\/index.php?rest_route=\/wp\/v2\/posts"}],"about":[{"href":"http:\/\/www.rtvnoticias.com.ar\/index.php?rest_route=\/wp\/v2\/types\/post"}],"author":[{"embeddable":true,"href":"http:\/\/www.rtvnoticias.com.ar\/index.php?rest_route=\/wp\/v2\/users\/7"}],"replies":[{"embeddable":true,"href":"http:\/\/www.rtvnoticias.com.ar\/index.php?rest_route=%2Fwp%2Fv2%2Fcomments&post=36078"}],"version-history":[{"count":2,"href":"http:\/\/www.rtvnoticias.com.ar\/index.php?rest_route=\/wp\/v2\/posts\/36078\/revisions"}],"predecessor-version":[{"id":36081,"href":"http:\/\/www.rtvnoticias.com.ar\/index.php?rest_route=\/wp\/v2\/posts\/36078\/revisions\/36081"}],"wp:featuredmedia":[{"embeddable":true,"href":"http:\/\/www.rtvnoticias.com.ar\/index.php?rest_route=\/wp\/v2\/media\/36079"}],"wp:attachment":[{"href":"http:\/\/www.rtvnoticias.com.ar\/index.php?rest_route=%2Fwp%2Fv2%2Fmedia&parent=36078"}],"wp:term":[{"taxonomy":"category","embeddable":true,"href":"http:\/\/www.rtvnoticias.com.ar\/index.php?rest_route=%2Fwp%2Fv2%2Fcategories&post=36078"},{"taxonomy":"post_tag","embeddable":true,"href":"http:\/\/www.rtvnoticias.com.ar\/index.php?rest_route=%2Fwp%2Fv2%2Ftags&post=36078"}],"curies":[{"name":"wp","href":"https:\/\/api.w.org\/{rel}","templated":true}]}}