{"id":36086,"date":"2023-03-31T12:40:07","date_gmt":"2023-03-31T15:40:07","guid":{"rendered":"http:\/\/www.rtvnoticias.com.ar\/?p=36086"},"modified":"2023-03-31T12:40:10","modified_gmt":"2023-03-31T15:40:10","slug":"asumio-bisterfeld-en-hacienda-y-ziliotto-ratifico-la-continuidad-de-las-politicas-economicas","status":"publish","type":"post","link":"http:\/\/www.rtvnoticias.com.ar\/?p=36086","title":{"rendered":"Asumi\u00f3 Bisterfeld en Hacienda y Ziliotto ratific\u00f3 la continuidad de las pol\u00edticas econ\u00f3micas"},"content":{"rendered":"\n<p>El gobernador Sergio Ziliotto le tom\u00f3 juramento hoy al nuevo ministro de Hacienda y Finanzas de la provincia, el licenciado en Econom\u00eda, Guido Bisterfeld. El mandatario pampeano ratific\u00f3 la continuidad las pol\u00edticas econ\u00f3micas y asegur\u00f3 que \u201clos objetivos siempre ser\u00e1n el super\u00e1vit fiscal, el orden de las cuentas p\u00fablicas y el m\u00ednimo endeudamiento\u201d.<\/p>\n\n\n\n<p>La ceremonia se llev\u00f3 a cabo en el auditorio de Vialidad Provincial, donde estuvo presente todo el gabinete provincial, el equipo de la cartera de Hacienda y el ex ministro, Ernesto Franco.<\/p>\n\n\n\n<p>El nuevo ministro agradeci\u00f3 a \u201cal gobernador por la confianza que ha depositado en m\u00ed; a Ernesto \u2013Franco- por todos estos a\u00f1os a su lado y a Ariel \u2013Rauschemberger- , porque yo comenc\u00e9 mi vida laboral con ellos como jefes en el a\u00f1o 2000. Y no quiero olvidarme de Estela Troiani, directora de Presupuesto, que me ense\u00f1o todo lo que es la administraci\u00f3n p\u00fablica\u201d.<\/p>\n\n\n\n<p>Asimismo, tuvo palabras de reconocimiento para su familia y a quienes \u201cme formaron: la Escuela Hogar de Cuchillo C\u00f3 y Abramo; al instituto de Bernasconi; la Universidad P\u00fablica y a los compa\u00f1eros que he tenido a lo largo de mi carrera en la administraci\u00f3n p\u00fablica que, como muchos saben, inici\u00e9 repartiendo expedientes y fui ascendiendo hasta llegar al lugar que hoy me toca ocupar\u201d.<\/p>\n\n\n\n<p><strong>Ratificar pol\u00edticas de Estado<br><\/strong>Por su parte, el gobernador Sergio Ziliotto destac\u00f3 que la presencia de todo el gabinete provincial y de todos los integrantes de la cartera de Hacienda \u201cno hacen m\u00e1s que ratificar una vez m\u00e1s pol\u00edticas de Estado\u201d.<\/p>\n\n\n\n<p>\u201cSiempre hemos dicho que tenemos que fortalecer y continuar en el tiempo las pol\u00edticas de Estado, porque nuestros nombres est\u00e1n de paso. Nuestro legado debe ser algo que venimos llevando adelante desde hace mucho tiempo, desde antes que yo fuera gobernador, y es la fortaleza financiera de la provincia de La Pampa; el orden de las finanzas, algo in\u00e9dito, valorado y hasta a veces envidiado en el contexto nacional\u201d, afirm\u00f3.<\/p>\n\n\n\n<p>Ziliotto subray\u00f3 que se \u201cmantendr\u00e1n en alto las banderas que siempre nos hicieron distintos. Los objet6ivos siempre ser\u00e1n el super\u00e1vit fiscal, el orden de las cuentas p\u00fablicas y el m\u00ednimo endeudamiento\u201d.<\/p>\n\n\n\n<p>\u201cEsos pilares nos permitir\u00e1n sostener el principal activo que tenemos en La Pampa: la independencia econ\u00f3mica que es la que nos da soberan\u00eda pol\u00edtica para tomar decisiones en nuestra provincia\u201d, enfatiz\u00f3.<\/p>\n\n\n\n<p><strong>Franco a la Administraci\u00f3n Federal de Impuestos<br><\/strong>Destac\u00f3 su relaci\u00f3n personal con el ex ministro Ernesto Franco y valor\u00f3 que siempre \u201cnos uni\u00f3 la defensa de nuestro principal activo que es la fortaleza de las finanzas de la provincia de La Pampa\u201d.<\/p>\n\n\n\n<p>\u201cEn el marco del enorme respeto que le tengo por quien es, por su trayectoria profesional y su capacidad laboral, he tomado la decisi\u00f3n de ayudarlo a cumplir un ciclo de la vida, pero eso no significa que se vaya de nuestro lado, porque nos seguir\u00e1 representando en la Comisi\u00f3n Federal de Impuesto, donde se discute la coparticipaci\u00f3n federal que nos permite nutrirnos de recursos\u201d.<\/p>\n\n\n\n<p>Ziliotto le agradeci\u00f3 a Franco su esfuerzo y su dedicaci\u00f3n e inst\u00f3 al equipo de Hacienda a \u201crespaldar la decisi\u00f3n de seguir en la misma senda. Somos fuertes desde el punto de vista de las finanzas y vamos a seguir si\u00e9ndolo\u201d.<\/p>\n\n\n\n<p>\u201cLo eleg\u00ed como el continuador de la tarea de Ernesto Franco, de Ariel Rasuschenberger, de Osvaldo Danone y de Oscar \u201cNingo\u201dJorge y no tengo dudas que el equipo del ministerio estar\u00e1 a su lado para seguir manteniendo el mismo orden que siempre caracteriz\u00f3 a La Pampa\u201d, concluy\u00f3 el gobernador.<\/p>\n<div class=\"sharedaddy sd-sharing-enabled\"><div class=\"robots-nocontent sd-block sd-social sd-social-icon sd-sharing\"><h3 class=\"sd-title\">Comparte esto:<\/h3><div class=\"sd-content\"><ul><li class=\"share-twitter\"><a rel=\"nofollow noopener noreferrer\" data-shared=\"sharing-twitter-36086\" class=\"share-twitter sd-button share-icon no-text\" href=\"http:\/\/www.rtvnoticias.com.ar\/?p=36086&amp;share=twitter\" target=\"_blank\" title=\"Haz clic para compartir en Twitter\"><span><\/span><span class=\"sharing-screen-reader-text\">Haz clic para compartir en Twitter (Se abre en una ventana nueva)<\/span><\/a><\/li><li class=\"share-facebook\"><a rel=\"nofollow noopener noreferrer\" data-shared=\"sharing-facebook-36086\" class=\"share-facebook sd-button share-icon no-text\" href=\"http:\/\/www.rtvnoticias.com.ar\/?p=36086&amp;share=facebook\" target=\"_blank\" title=\"Haz clic para compartir en Facebook\"><span><\/span><span class=\"sharing-screen-reader-text\">Haz clic para compartir en Facebook (Se abre en una ventana nueva)<\/span><\/a><\/li><li class=\"share-jetpack-whatsapp\"><a rel=\"nofollow noopener noreferrer\" data-shared=\"\" class=\"share-jetpack-whatsapp sd-button share-icon no-text\" href=\"http:\/\/www.rtvnoticias.com.ar\/?p=36086&amp;share=jetpack-whatsapp\" target=\"_blank\" title=\"Haz clic para compartir en WhatsApp\"><span><\/span><span class=\"sharing-screen-reader-text\">Haz clic para compartir en WhatsApp (Se abre en una ventana nueva)<\/span><\/a><\/li><li class=\"share-telegram\"><a rel=\"nofollow noopener noreferrer\" data-shared=\"\" class=\"share-telegram sd-button share-icon no-text\" href=\"http:\/\/www.rtvnoticias.com.ar\/?p=36086&amp;share=telegram\" target=\"_blank\" title=\"Haz clic para compartir en Telegram\"><span><\/span><span class=\"sharing-screen-reader-text\">Haz clic para compartir en Telegram (Se abre en una ventana nueva)<\/span><\/a><\/li><li class=\"share-end\"><\/li><\/ul><\/div><\/div><\/div>","protected":false},"excerpt":{"rendered":"<p>El gobernador Sergio Ziliotto le tom\u00f3 juramento hoy al nuevo ministro de Hacienda y Finanzas de la provincia, el licenciado en Econom\u00eda, Guido Bisterfeld. El<\/p>\n<div class=\"sharedaddy sd-sharing-enabled\"><div class=\"robots-nocontent sd-block sd-social sd-social-icon sd-sharing\"><h3 class=\"sd-title\">Comparte esto:<\/h3><div class=\"sd-content\"><ul><li class=\"share-twitter\"><a rel=\"nofollow noopener noreferrer\" data-shared=\"sharing-twitter-36086\" class=\"share-twitter sd-button share-icon no-text\" href=\"http:\/\/www.rtvnoticias.com.ar\/?p=36086&amp;share=twitter\" target=\"_blank\" title=\"Haz clic para compartir en Twitter\"><span><\/span><span class=\"sharing-screen-reader-text\">Haz clic para compartir en Twitter (Se abre en una ventana nueva)<\/span><\/a><\/li><li class=\"share-facebook\"><a rel=\"nofollow noopener noreferrer\" data-shared=\"sharing-facebook-36086\" class=\"share-facebook sd-button share-icon no-text\" href=\"http:\/\/www.rtvnoticias.com.ar\/?p=36086&amp;share=facebook\" target=\"_blank\" title=\"Haz clic para compartir en Facebook\"><span><\/span><span class=\"sharing-screen-reader-text\">Haz clic para compartir en Facebook (Se abre en una ventana nueva)<\/span><\/a><\/li><li class=\"share-jetpack-whatsapp\"><a rel=\"nofollow noopener noreferrer\" data-shared=\"\" class=\"share-jetpack-whatsapp sd-button share-icon no-text\" href=\"http:\/\/www.rtvnoticias.com.ar\/?p=36086&amp;share=jetpack-whatsapp\" target=\"_blank\" title=\"Haz clic para compartir en WhatsApp\"><span><\/span><span class=\"sharing-screen-reader-text\">Haz clic para compartir en WhatsApp (Se abre en una ventana nueva)<\/span><\/a><\/li><li class=\"share-telegram\"><a rel=\"nofollow noopener noreferrer\" data-shared=\"\" class=\"share-telegram sd-button share-icon no-text\" href=\"http:\/\/www.rtvnoticias.com.ar\/?p=36086&amp;share=telegram\" target=\"_blank\" title=\"Haz clic para compartir en Telegram\"><span><\/span><span class=\"sharing-screen-reader-text\">Haz clic para compartir en Telegram (Se abre en una ventana nueva)<\/span><\/a><\/li><li class=\"share-end\"><\/li><\/ul><\/div><\/div><\/div>","protected":false},"author":7,"featured_media":36087,"comment_status":"closed","ping_status":"closed","sticky":false,"template":"","format":"standard","meta":{"spay_email":"","jetpack_publicize_message":"","jetpack_is_tweetstorm":false,"jetpack_publicize_feature_enabled":true},"categories":[4],"tags":[],"jetpack_featured_media_url":"http:\/\/www.rtvnoticias.com.ar\/wp-content\/uploads\/2023\/03\/bisterfeld.jpg","jetpack_publicize_connections":[],"jetpack_sharing_enabled":true,"_links":{"self":[{"href":"http:\/\/www.rtvnoticias.com.ar\/index.php?rest_route=\/wp\/v2\/posts\/36086"}],"collection":[{"href":"http:\/\/www.rtvnoticias.com.ar\/index.php?rest_route=\/wp\/v2\/posts"}],"about":[{"href":"http:\/\/www.rtvnoticias.com.ar\/index.php?rest_route=\/wp\/v2\/types\/post"}],"author":[{"embeddable":true,"href":"http:\/\/www.rtvnoticias.com.ar\/index.php?rest_route=\/wp\/v2\/users\/7"}],"replies":[{"embeddable":true,"href":"http:\/\/www.rtvnoticias.com.ar\/index.php?rest_route=%2Fwp%2Fv2%2Fcomments&post=36086"}],"version-history":[{"count":1,"href":"http:\/\/www.rtvnoticias.com.ar\/index.php?rest_route=\/wp\/v2\/posts\/36086\/revisions"}],"predecessor-version":[{"id":36088,"href":"http:\/\/www.rtvnoticias.com.ar\/index.php?rest_route=\/wp\/v2\/posts\/36086\/revisions\/36088"}],"wp:featuredmedia":[{"embeddable":true,"href":"http:\/\/www.rtvnoticias.com.ar\/index.php?rest_route=\/wp\/v2\/media\/36087"}],"wp:attachment":[{"href":"http:\/\/www.rtvnoticias.com.ar\/index.php?rest_route=%2Fwp%2Fv2%2Fmedia&parent=36086"}],"wp:term":[{"taxonomy":"category","embeddable":true,"href":"http:\/\/www.rtvnoticias.com.ar\/index.php?rest_route=%2Fwp%2Fv2%2Fcategories&post=36086"},{"taxonomy":"post_tag","embeddable":true,"href":"http:\/\/www.rtvnoticias.com.ar\/index.php?rest_route=%2Fwp%2Fv2%2Ftags&post=36086"}],"curies":[{"name":"wp","href":"https:\/\/api.w.org\/{rel}","templated":true}]}}