{"id":36091,"date":"2023-04-02T12:18:09","date_gmt":"2023-04-02T15:18:09","guid":{"rendered":"http:\/\/www.rtvnoticias.com.ar\/?p=36091"},"modified":"2023-04-02T12:18:12","modified_gmt":"2023-04-02T15:18:12","slug":"a-41-anos-de-la-guerra-de-malvinas-salen-a-la-luz-ineditas-cartas-de-soldados-en-el-frente","status":"publish","type":"post","link":"http:\/\/www.rtvnoticias.com.ar\/?p=36091","title":{"rendered":"A 41 a\u00f1os de la Guerra de Malvinas: salen a la luz in\u00e9ditas cartas de soldados en el frente"},"content":{"rendered":"\n<p>Una mujer guard\u00f3 durante todos estos a\u00f1os los intercambios que manten\u00eda con algunos de los que estaban en el frente. Todos los testimonios, desde el principio del conflicto hasta la rendici\u00f3n argentina y la desaz\u00f3n.<\/p>\n\n\n\n<p>Roxana Agostinetti&nbsp;era una adolescente de 15 a\u00f1os, tom\u00f3 como propia la causa de la&nbsp;Guerra de las Islas Malvinas, pero, en vez de ir al frente de batalla, decidi\u00f3 tomar una postura para conocer de primera mano&nbsp;qu\u00e9 es lo que pasaba en el archipi\u00e9lago. Para eso, mand\u00f3&nbsp;decenas de cartas&nbsp;a las Fuerzas Armadas Argentinas y, poco a poco, fue recibiendo respuesta de algunos de los nombres que estaban en el combate.<\/p>\n\n\n\n<figure class=\"wp-block-image\"><img decoding=\"async\" src=\"https:\/\/i2.wp.com\/viapais.com.ar\/resizer\/yW7bBohYXX9GZLlz7GGhpH_xY2o=\/307x173\/smart\/filters:quality(75):format(webp)\/cloudfront-us-east-1.images.arcpublishing.com\/grupoclarin\/XFRVLDONDRAFPI3QLYHSHKMUCY.jpg?w=920&amp;ssl=1\" alt=\"Soldado Ernesto Peluffo Malvinas\"\/><\/figure>\n\n\n\n<p>A&nbsp;41 a\u00f1os&nbsp;del inicio del conflicto,&nbsp;<em>V\u00eda Pa\u00eds<\/em>&nbsp;tuvo el acceso a las cartas que&nbsp;salieron a la luz&nbsp;y se conoci\u00f3, de primera mano, algunas de las declaraciones de los soldados que estaban en el frente de batalla. Mientras los combates continuaban,&nbsp;varios regresaban al continente por heridas y escrib\u00edan de primera mano sus sentimientos en las producciones.<\/p>\n\n\n\n<figure class=\"wp-block-image\"><img decoding=\"async\" src=\"https:\/\/i2.wp.com\/viapais.com.ar\/resizer\/ipT3-rk6a5x1dish_1q5mMiKeyo=\/1023x682\/smart\/cloudfront-us-east-1.images.arcpublishing.com\/grupoclarin\/ADOEQR6OVRGANITHXQ4CGNJXKE.jpg?w=920&amp;ssl=1\" alt=\"Uno de los soldados revel\u00f3 en sus escritos: &quot;En esas Islas hay abono argentino y sangre argentina derramada&quot;.\"\/><figcaption>Uno de los soldados revel\u00f3 en sus escritos: \u201cEn esas Islas hay abono argentino y sangre argentina derramada\u201d.<\/figcaption><\/figure>\n\n\n\n<p>Cabe recordar, que muchos de los soldados que estaban en el frente, eran j\u00f3venes que no superaban los&nbsp;30 a\u00f1os&nbsp;e intentaban tener un acceso con el mundo de la ciudad, para conocer&nbsp;c\u00f3mo se viv\u00eda la guerra&nbsp;desde los principales puntos del pa\u00eds.<\/p>\n\n\n\n<p><strong>LAS CARTAS DE ROXANA A LOS SOLDADOS QUE ESTABAN EN EL FRENTE<\/strong><\/p>\n\n\n\n<p>Roxana, de adolescente, comenz\u00f3 a escribir una serie de cartas para las&nbsp;Fuerzas Armadas Argentinas&nbsp;que se encontraban en el sur de Argentina. Muchos soldados, cumpliendo con tareas de defensa en las diferentes bases y otros prepar\u00e1ndose para desembarcar en&nbsp;las Islas Malvinas.<\/p>\n\n\n\n<p>\u201c<em>Escuch\u00e9 much\u00edsimos comentarios del Estado Mayor conjunto al Gobierno, que anunciaba los ataques argentinos y brit\u00e1nicos, y te aviso que&nbsp;me angusti\u00e9 por todos ustedes, por los soldados argentinos,&nbsp;y a todos ellos ahora los personifico con vos, ya que comenzamos una nueva amistad<\/em>\u201d, escribi\u00f3 en una de las primeras ep\u00edstolas a los comandos.<\/p>\n\n\n\n<p>De hecho, la oriunda del barrio porte\u00f1o de&nbsp;La Boca, destac\u00f3 el encuentro, aunque sea escrito, con los soldados que estaban en el frente. \u201c<em>Ahora que s\u00e9 a qui\u00e9n le escribo, te voy a contar algunas de las tantas cosas que tengo para decirte. Son pavadas, pero en la vida de una \u201cadolescente de 15 a\u00f1os\u201d constituyen momentos, por ahora, inolvidables<\/em>\u201d, se\u00f1al\u00f3.<\/p>\n\n\n\n<p><strong>LAS RESPUESTAS DE LOS SOLDADOS SU\u00c1REZ Y PALADINO<\/strong><\/p>\n\n\n\n<p>Entre tantas cartas que mand\u00f3&nbsp;Roxana, recibi\u00f3 la respuesta de dos soldados que estaban en&nbsp;R\u00edo Gallegos, mientras esperaban su momento para ir a la guerra. Se trataba de&nbsp;Claudio Su\u00e1rez&nbsp;y&nbsp;Claudio Paladino, dos miembros de las&nbsp;Fuerzas Armadas&nbsp;nacionales que se tomaron un momento, entre tanta tensi\u00f3n, y le respondieron a la joven que ansiaba poder saber, de primera mano, qu\u00e9 era lo que estaba pasando.<\/p>\n\n\n\n<p>\u201cTe cuento que todo esto no es f\u00e1cil,&nbsp;hace mucho fr\u00edo y el viento es muy intenso. Vivimos nerviosos e impacientes, por nuestros compa\u00f1eros que est\u00e1n en el frente.&nbsp;Me encuentro muy orgulloso, al ver que nuestra bandera fl\u00e1mea gloriosa en suelo malvinense. Te digo que ac\u00e1&nbsp;estamos decididos a ganar o ganar, porque los argentinos tenemos coraje, valent\u00eda y fe en nuestra patria.&nbsp;Debo decirte que las Islas Soledad, Malvina, Georgias y S\u00e1ndwich del Sur, se pagaron pura y exclusivamente con sangre argentina\u201d, relat\u00f3&nbsp;Su\u00e1rez&nbsp;en uno de los primeros escritos que envi\u00f3 a&nbsp;Roxana.<\/p>\n\n\n\n<figure class=\"wp-block-image\"><img decoding=\"async\" src=\"https:\/\/i1.wp.com\/viapais.com.ar\/resizer\/txXhyM-ELgWx7T5T1qEk-tV18cs=\/1023x1349\/smart\/cloudfront-us-east-1.images.arcpublishing.com\/grupoclarin\/6SXPS6LVWFH5POINOQCFK2R5CI.jpg?w=920&amp;ssl=1\" alt=\"La palabra de Paladino, que refuerza el pensamiento del soldado argentino: &quot;Debo decirte que las Islas Soledad, Malvina, Georgias y S\u00e1ndwich del Sur, se pagaron pura y exclusivamente con sangre argentina&quot;\"\/><figcaption>La palabra de Paladino, que refuerza el pensamiento del soldado argentino: \u201cDebo decirte que las Islas Soledad, Malvina, Georgias y S\u00e1ndwich del Sur, se pagaron pura y exclusivamente con sangre argentina\u201d Foto: V\u00eda Pa\u00eds<\/figcaption><\/figure>\n\n\n\n<p>Por su parte,&nbsp;Paladino&nbsp;tambi\u00e9n hizo alusi\u00f3n al fr\u00edo como a la soledad que viv\u00edan los combatientes en ese momento: \u201cEs todo campo, no es nada m\u00e1s que tierra y pasto.&nbsp;El fr\u00edo est\u00e1 siendo cada vez m\u00e1s bravo y el estar ac\u00e1 no es nada lindo. Pero todo sea por defender un pedazo de tierra, pedazo que nos corresponde y vamos a defender hasta lo \u00faltimo\u201d.<\/p>\n\n\n\n<figure class=\"wp-block-image\"><img decoding=\"async\" src=\"https:\/\/i0.wp.com\/viapais.com.ar\/resizer\/JKWi0b4LpY_HUa7JWhzySZjOr8I=\/1023x1349\/smart\/cloudfront-us-east-1.images.arcpublishing.com\/grupoclarin\/72IQF4I4AFG2VF6X6APOBI7VII.jpg?w=920&amp;ssl=1\" alt=\"La experiencia de estar con el fr\u00edo, que complic\u00f3 a los soldados que estaban en el sur del pa\u00eds. \"\/><figcaption>La experiencia de estar con el fr\u00edo, que complic\u00f3 a los soldados que estaban en el sur del pa\u00eds. Foto: V\u00eda Pa\u00eds<\/figcaption><\/figure>\n\n\n\n<p><strong>C\u00d3MO VIVIERON LOS SOLDADOS ARGENTINOS LA RENDICI\u00d3N<\/strong><\/p>\n\n\n\n<p>El&nbsp;14 de junio de 1982&nbsp;el comando argentino, a cargo del general&nbsp;Mario Benjam\u00edn Men\u00e9ndez, se rindi\u00f3 y fue aceptado por las tropas brit\u00e1nicas, que inmediatamente pusieron un fin a las hostilidades que se vivieron durante los meses de combates.<\/p>\n\n\n\n<p>En ese marco,&nbsp;Roxana&nbsp;recibi\u00f3 los primeros comentarios de los dos soldados que estaban en el sur del pa\u00eds, tras estar en el frente.<\/p>\n\n\n\n<p>El soldado&nbsp;Su\u00e1rez&nbsp;describi\u00f3, con congoja, las sensaciones del ej\u00e9rcito argentino el 16 de junio de 1982: \u201c<em>Yo he estado en el frente, s\u00e9 lo que pas\u00e9 y lo que pasaron todos mis camaradas.&nbsp;Tambi\u00e9n pasamos por momentos muy duros y dif\u00edciles, ya que hab\u00eda d\u00edas que no com\u00edamos, porque el combate nos manten\u00eda muy ocupados. Ten\u00edamos que permanecer en nuestras trincheras, sin movernos ni dormirnos, con una fe \u00fanica.&nbsp;Ten\u00edamos que vencer, esa era nuestra misi\u00f3n<\/em>\u201d.<\/p>\n\n\n\n<figure class=\"wp-block-image\"><img decoding=\"async\" src=\"https:\/\/i1.wp.com\/viapais.com.ar\/resizer\/clMu4wnA28sfxBktijtPd0eLqlk=\/1023x1349\/smart\/cloudfront-us-east-1.images.arcpublishing.com\/grupoclarin\/V3JHMZQ62VG7DMWK324X45BMSU.jpg?w=920&amp;ssl=1\" alt=\"Las exigencias del combate en Malvinas: &quot;Hab\u00eda d\u00edas que no com\u00edamos, porque el combate nos manten\u00eda muy ocupados&quot;.\"\/><figcaption>Las exigencias del combate en Malvinas: \u201cHab\u00eda d\u00edas que no com\u00edamos, porque el combate nos manten\u00eda muy ocupados\u201d. Foto: V\u00eda Pa\u00eds<\/figcaption><\/figure>\n\n\n\n<p>\u201c<em>Nos tomaron las Islas, se me cay\u00f3 la moral.&nbsp;He llorado de bronca. Tambi\u00e9n por mis compa\u00f1eros abatidos por la artiller\u00eda inglesa. No lo pod\u00eda creer, no hubo nadie que me haya podido consolar mis l\u00e1grimas.&nbsp;Yo cre\u00eda que ten\u00edamos todo bajo control, \u00bfpor qu\u00e9 tanto enga\u00f1o? Despu\u00e9s pens\u00e9 con claridad, si nosotros nos hemos jugado enteros\u2026 no te olvides que nosotros peleamos contra la tercera fuerza mundial<\/em>\u201d, describi\u00f3.<\/p>\n\n\n\n<figure class=\"wp-block-image\"><img decoding=\"async\" src=\"https:\/\/i1.wp.com\/viapais.com.ar\/resizer\/4JMVveC7xGF-UBV5Fxa7NfvXP5M=\/307x173\/smart\/filters:quality(75):format(webp)\/cloudfront-us-east-1.images.arcpublishing.com\/grupoclarin\/MRSDMODDGBQWEZLEGBSTMZBRMQ.jpg?w=920&amp;ssl=1\" alt=\"\"\/><\/figure>\n\n\n\n<p>Por su parte,&nbsp;Paladino&nbsp;tambi\u00e9n escribi\u00f3 el 17 de junio sobre c\u00f3mo vivi\u00f3 el momento de dejar las Islas para regresar al Continente. \u201c<em>Estamos en el regimiento con una tristeza tremenda. Con bronca a los ingleses y con ganas de poder volver a encontrarnos con estos piratas. Te juro que el d\u00eda que nos enteramos de que hubo un cese del fuego, nos s\u00faper alegramos. Despu\u00e9s de tanto sacrificio, de tantas salidas al terreno, de todo lo que hicimos para defender lo que es nuestro<\/em>\u201d, se\u00f1al\u00f3.<\/p>\n\n\n\n<figure class=\"wp-block-image\"><img decoding=\"async\" src=\"https:\/\/i0.wp.com\/viapais.com.ar\/resizer\/GABUUmp_g3m1r3giEqee__tdB78=\/1023x1349\/smart\/cloudfront-us-east-1.images.arcpublishing.com\/grupoclarin\/XPLFDLT5BNGHRIJKXZ7DQJNHUY.jpg?w=920&amp;ssl=1\" alt=\"Las palabras de bronca de uno de los soldados que muestra el sentir del ej\u00e9rcito nacional. \"\/><figcaption>Las palabras de bronca de uno de los soldados que muestra el sentir del ej\u00e9rcito nacional. Foto: V\u00eda Pa\u00eds<\/figcaption><\/figure>\n\n\n\n<p>Y agreg\u00f3: \u201c<em>Mira Roxana, yo s\u00e9 que la gente civil no est\u00e1 de acuerdo con lo que hizo el ej\u00e9rcito, pero te puedo asegurar que hicimos todo lo posible, nos jugamos en todo momento.&nbsp;Reci\u00e9n nos habl\u00f3 el subteniente y te juro que nos cont\u00f3 la posta: nosotros perdimos la guerra, pero no las Islas Malvinas, porque como \u00e9l dijo, en esas Islas hay abono argentino y sangre argentina derramada. Tambi\u00e9n nos dijo que las vamos a recuperar alg\u00fan d\u00eda\u201d.<\/em><\/p>\n<div class=\"sharedaddy sd-sharing-enabled\"><div class=\"robots-nocontent sd-block sd-social sd-social-icon sd-sharing\"><h3 class=\"sd-title\">Comparte esto:<\/h3><div class=\"sd-content\"><ul><li class=\"share-twitter\"><a rel=\"nofollow noopener noreferrer\" data-shared=\"sharing-twitter-36091\" class=\"share-twitter sd-button share-icon no-text\" href=\"http:\/\/www.rtvnoticias.com.ar\/?p=36091&amp;share=twitter\" target=\"_blank\" title=\"Haz clic para compartir en Twitter\"><span><\/span><span class=\"sharing-screen-reader-text\">Haz clic para compartir en Twitter (Se abre en una ventana nueva)<\/span><\/a><\/li><li class=\"share-facebook\"><a rel=\"nofollow noopener noreferrer\" data-shared=\"sharing-facebook-36091\" class=\"share-facebook sd-button share-icon no-text\" href=\"http:\/\/www.rtvnoticias.com.ar\/?p=36091&amp;share=facebook\" target=\"_blank\" title=\"Haz clic para compartir en Facebook\"><span><\/span><span class=\"sharing-screen-reader-text\">Haz clic para compartir en Facebook (Se abre en una ventana nueva)<\/span><\/a><\/li><li class=\"share-jetpack-whatsapp\"><a rel=\"nofollow noopener noreferrer\" data-shared=\"\" class=\"share-jetpack-whatsapp sd-button share-icon no-text\" href=\"http:\/\/www.rtvnoticias.com.ar\/?p=36091&amp;share=jetpack-whatsapp\" target=\"_blank\" title=\"Haz clic para compartir en WhatsApp\"><span><\/span><span class=\"sharing-screen-reader-text\">Haz clic para compartir en WhatsApp (Se abre en una ventana nueva)<\/span><\/a><\/li><li class=\"share-telegram\"><a rel=\"nofollow noopener noreferrer\" data-shared=\"\" class=\"share-telegram sd-button share-icon no-text\" href=\"http:\/\/www.rtvnoticias.com.ar\/?p=36091&amp;share=telegram\" target=\"_blank\" title=\"Haz clic para compartir en Telegram\"><span><\/span><span class=\"sharing-screen-reader-text\">Haz clic para compartir en Telegram (Se abre en una ventana nueva)<\/span><\/a><\/li><li class=\"share-end\"><\/li><\/ul><\/div><\/div><\/div>","protected":false},"excerpt":{"rendered":"<p>Una mujer guard\u00f3 durante todos estos a\u00f1os los intercambios que manten\u00eda con algunos de los que estaban en el frente. Todos los testimonios, desde el<\/p>\n<div class=\"sharedaddy sd-sharing-enabled\"><div class=\"robots-nocontent sd-block sd-social sd-social-icon sd-sharing\"><h3 class=\"sd-title\">Comparte esto:<\/h3><div class=\"sd-content\"><ul><li class=\"share-twitter\"><a rel=\"nofollow noopener noreferrer\" data-shared=\"sharing-twitter-36091\" class=\"share-twitter sd-button share-icon no-text\" href=\"http:\/\/www.rtvnoticias.com.ar\/?p=36091&amp;share=twitter\" target=\"_blank\" title=\"Haz clic para compartir en Twitter\"><span><\/span><span class=\"sharing-screen-reader-text\">Haz clic para compartir en Twitter (Se abre en una ventana nueva)<\/span><\/a><\/li><li class=\"share-facebook\"><a rel=\"nofollow noopener noreferrer\" data-shared=\"sharing-facebook-36091\" class=\"share-facebook sd-button share-icon no-text\" href=\"http:\/\/www.rtvnoticias.com.ar\/?p=36091&amp;share=facebook\" target=\"_blank\" title=\"Haz clic para compartir en Facebook\"><span><\/span><span class=\"sharing-screen-reader-text\">Haz clic para compartir en Facebook (Se abre en una ventana nueva)<\/span><\/a><\/li><li class=\"share-jetpack-whatsapp\"><a rel=\"nofollow noopener noreferrer\" data-shared=\"\" class=\"share-jetpack-whatsapp sd-button share-icon no-text\" href=\"http:\/\/www.rtvnoticias.com.ar\/?p=36091&amp;share=jetpack-whatsapp\" target=\"_blank\" title=\"Haz clic para compartir en WhatsApp\"><span><\/span><span class=\"sharing-screen-reader-text\">Haz clic para compartir en WhatsApp (Se abre en una ventana nueva)<\/span><\/a><\/li><li class=\"share-telegram\"><a rel=\"nofollow noopener noreferrer\" data-shared=\"\" class=\"share-telegram sd-button share-icon no-text\" href=\"http:\/\/www.rtvnoticias.com.ar\/?p=36091&amp;share=telegram\" target=\"_blank\" title=\"Haz clic para compartir en Telegram\"><span><\/span><span class=\"sharing-screen-reader-text\">Haz clic para compartir en Telegram (Se abre en una ventana nueva)<\/span><\/a><\/li><li class=\"share-end\"><\/li><\/ul><\/div><\/div><\/div>","protected":false},"author":7,"featured_media":36092,"comment_status":"closed","ping_status":"closed","sticky":false,"template":"","format":"standard","meta":{"spay_email":"","jetpack_publicize_message":"","jetpack_is_tweetstorm":false,"jetpack_publicize_feature_enabled":true},"categories":[5],"tags":[],"jetpack_featured_media_url":"http:\/\/www.rtvnoticias.com.ar\/wp-content\/uploads\/2023\/04\/cartas-malvinas.jpg","jetpack_publicize_connections":[],"jetpack_sharing_enabled":true,"_links":{"self":[{"href":"http:\/\/www.rtvnoticias.com.ar\/index.php?rest_route=\/wp\/v2\/posts\/36091"}],"collection":[{"href":"http:\/\/www.rtvnoticias.com.ar\/index.php?rest_route=\/wp\/v2\/posts"}],"about":[{"href":"http:\/\/www.rtvnoticias.com.ar\/index.php?rest_route=\/wp\/v2\/types\/post"}],"author":[{"embeddable":true,"href":"http:\/\/www.rtvnoticias.com.ar\/index.php?rest_route=\/wp\/v2\/users\/7"}],"replies":[{"embeddable":true,"href":"http:\/\/www.rtvnoticias.com.ar\/index.php?rest_route=%2Fwp%2Fv2%2Fcomments&post=36091"}],"version-history":[{"count":1,"href":"http:\/\/www.rtvnoticias.com.ar\/index.php?rest_route=\/wp\/v2\/posts\/36091\/revisions"}],"predecessor-version":[{"id":36093,"href":"http:\/\/www.rtvnoticias.com.ar\/index.php?rest_route=\/wp\/v2\/posts\/36091\/revisions\/36093"}],"wp:featuredmedia":[{"embeddable":true,"href":"http:\/\/www.rtvnoticias.com.ar\/index.php?rest_route=\/wp\/v2\/media\/36092"}],"wp:attachment":[{"href":"http:\/\/www.rtvnoticias.com.ar\/index.php?rest_route=%2Fwp%2Fv2%2Fmedia&parent=36091"}],"wp:term":[{"taxonomy":"category","embeddable":true,"href":"http:\/\/www.rtvnoticias.com.ar\/index.php?rest_route=%2Fwp%2Fv2%2Fcategories&post=36091"},{"taxonomy":"post_tag","embeddable":true,"href":"http:\/\/www.rtvnoticias.com.ar\/index.php?rest_route=%2Fwp%2Fv2%2Ftags&post=36091"}],"curies":[{"name":"wp","href":"https:\/\/api.w.org\/{rel}","templated":true}]}}