{"id":36094,"date":"2023-04-02T12:23:37","date_gmt":"2023-04-02T15:23:37","guid":{"rendered":"http:\/\/www.rtvnoticias.com.ar\/?p=36094"},"modified":"2023-04-02T12:23:41","modified_gmt":"2023-04-02T15:23:41","slug":"tras-haber-recibido-el-alta-el-papa-francisco-encabezo-la-misa-por-el-domingo-de-ramos","status":"publish","type":"post","link":"http:\/\/www.rtvnoticias.com.ar\/?p=36094","title":{"rendered":"Tras haber recibido el alta, el papa Francisco encabez\u00f3 la misa por el Domingo de Ramos"},"content":{"rendered":"\n<p>El sumo pont\u00edfice apareci\u00f3 luego de haber permanecido varios d\u00edas internados por un cuadro de bronquitis. Agradeci\u00f3 a los fieles por las oraciones para su salud.<\/p>\n\n\n\n<p>El papa Francisco (86) reapareci\u00f3 hoy en la celebraci\u00f3n del Domingo de Ramos, luego de haber recibido el alta este s\u00e1bado. El sumo pont\u00edfice fue ingresado este mi\u00e9rcoles por una bronquitis infecciosa y gracias a su recuperaci\u00f3n dio inicio a las celebraciones de Semana Santa.<\/p>\n\n\n\n<p>\u201cJes\u00fas abandonado nos pide que tengamos ojos y coraz\u00f3n para los abandonados\u201d, expres\u00f3 este domingo el papa Francisco frente a 60.000 fieles presentes, quienes se hicieron presente con sus ramos de hojas de olivo y palma en la Plaza de San Pedro, ubicada en el Vaticano.<\/p>\n\n\n\n<p>\u201cPara nosotros, disc\u00edpulos del Abandonado, nadie puede ser marginado, nadie puede ser abandonado a su suerte\u201d, agreg\u00f3. Aunque se lo vio con buen semblante, Jorge Bergoglio permaneci\u00f3 sentado en su trono, mientras el cardenal Leonardo Sandri ofici\u00f3 la ceremon\u00eda religiosa. Es que adem\u00e1s del problema que present\u00f3 en la \u00faltima semana, hace casi un a\u00f1o que la artrosis que padece le impide realizar las misas y, en varias ocasiones, ha utilizado una silla de ruedas para trasladarse.<\/p>\n\n\n\n<p>\u201cMuchos necesitan nuestra cercan\u00eda, muchos abandonados. Tambi\u00e9n yo necesito que Jes\u00fas me acaricie, que est\u00e9 cerca de m\u00ed, y por eso voy a buscarlo en sus abandonados y en los solitarios\u201d, dijo.<\/p>\n\n\n\n<p>Francisco explic\u00f3 que en el mundo de hoy \u201chay tantos abandonados\u201d. \u201cPueblos enteros explotados y abandonados a la suerte; pobres que viven en las cruces de nuestras calles, con quienes no nos atrevemos a cruzar la mirada; emigrantes que ya no son rostros sino n\u00famero; presos rechazados, personas catalogadas como problemas\u201d.<\/p>\n\n\n\n<p>Alzando la voz dijo que \u201chay muchos Cristos descartados con guante blanco, como ni\u00f1os no nacidos, ancianos dejados solos en los geri\u00e1tricos, enfermos no visitados, incapacitados, ignorados, j\u00f3venes que sienten un gran vac\u00edo interior sin que nadie escuche realmente su grito de dolor\u201d.<\/p>\n\n\n\n<p><strong>\u201cA\u00daN ESTOY VIVO\u201d<br><\/strong>Tras haber recibido el alta este s\u00e1bado, el papa Francisco, se lo vio de buen humor y hasta ironiz\u00f3 sobre su estado de salud al salir del hospital Gemelli, ubicado en Roma. \u201cA\u00fan estoy vivo\u201d, les dijo a los periodistas que estaban en la puerta.<\/p>\n\n\n\n<p>\u201cSent\u00ed solo un malestar, pero no tuve miedo\u201d, agreg\u00f3, antes de retornar a la Casa Santa Marta en el Vaticano, en donde esta tarde retomar\u00e1 su agenda de trabajo. \u201cAdmiro tanto a los que trabajan en el hospital\u201d, sostuvo luego, tras saludar dentro del centro m\u00e9dico \u201cal Rector de la Universidad Cat\u00f3lica, Franco Anelli, junto a sus m\u00e1s cercanos colaboradores, el Director General del Policl\u00ednico, Marco Elefanti, el asistente eclesi\u00e1stico general de la Universidad Cat\u00f3lica, Monse\u00f1or Claudio Giuliodori, y el equipo de m\u00e9dicos y trabajadores de la salud que lo asistieron durante estos d\u00edas\u201d, inform\u00f3 el Vaticano en un comunicado oficial.<\/p>\n<div class=\"sharedaddy sd-sharing-enabled\"><div class=\"robots-nocontent sd-block sd-social sd-social-icon sd-sharing\"><h3 class=\"sd-title\">Comparte esto:<\/h3><div class=\"sd-content\"><ul><li class=\"share-twitter\"><a rel=\"nofollow noopener noreferrer\" data-shared=\"sharing-twitter-36094\" class=\"share-twitter sd-button share-icon no-text\" href=\"http:\/\/www.rtvnoticias.com.ar\/?p=36094&amp;share=twitter\" target=\"_blank\" title=\"Haz clic para compartir en Twitter\"><span><\/span><span class=\"sharing-screen-reader-text\">Haz clic para compartir en Twitter (Se abre en una ventana nueva)<\/span><\/a><\/li><li class=\"share-facebook\"><a rel=\"nofollow noopener noreferrer\" data-shared=\"sharing-facebook-36094\" class=\"share-facebook sd-button share-icon no-text\" href=\"http:\/\/www.rtvnoticias.com.ar\/?p=36094&amp;share=facebook\" target=\"_blank\" title=\"Haz clic para compartir en Facebook\"><span><\/span><span class=\"sharing-screen-reader-text\">Haz clic para compartir en Facebook (Se abre en una ventana nueva)<\/span><\/a><\/li><li class=\"share-jetpack-whatsapp\"><a rel=\"nofollow noopener noreferrer\" data-shared=\"\" class=\"share-jetpack-whatsapp sd-button share-icon no-text\" href=\"http:\/\/www.rtvnoticias.com.ar\/?p=36094&amp;share=jetpack-whatsapp\" target=\"_blank\" title=\"Haz clic para compartir en WhatsApp\"><span><\/span><span class=\"sharing-screen-reader-text\">Haz clic para compartir en WhatsApp (Se abre en una ventana nueva)<\/span><\/a><\/li><li class=\"share-telegram\"><a rel=\"nofollow noopener noreferrer\" data-shared=\"\" class=\"share-telegram sd-button share-icon no-text\" href=\"http:\/\/www.rtvnoticias.com.ar\/?p=36094&amp;share=telegram\" target=\"_blank\" title=\"Haz clic para compartir en Telegram\"><span><\/span><span class=\"sharing-screen-reader-text\">Haz clic para compartir en Telegram (Se abre en una ventana nueva)<\/span><\/a><\/li><li class=\"share-end\"><\/li><\/ul><\/div><\/div><\/div>","protected":false},"excerpt":{"rendered":"<p>El sumo pont\u00edfice apareci\u00f3 luego de haber permanecido varios d\u00edas internados por un cuadro de bronquitis. Agradeci\u00f3 a los fieles por las oraciones para su<\/p>\n<div class=\"sharedaddy sd-sharing-enabled\"><div class=\"robots-nocontent sd-block sd-social sd-social-icon sd-sharing\"><h3 class=\"sd-title\">Comparte esto:<\/h3><div class=\"sd-content\"><ul><li class=\"share-twitter\"><a rel=\"nofollow noopener noreferrer\" data-shared=\"sharing-twitter-36094\" class=\"share-twitter sd-button share-icon no-text\" href=\"http:\/\/www.rtvnoticias.com.ar\/?p=36094&amp;share=twitter\" target=\"_blank\" title=\"Haz clic para compartir en Twitter\"><span><\/span><span class=\"sharing-screen-reader-text\">Haz clic para compartir en Twitter (Se abre en una ventana nueva)<\/span><\/a><\/li><li class=\"share-facebook\"><a rel=\"nofollow noopener noreferrer\" data-shared=\"sharing-facebook-36094\" class=\"share-facebook sd-button share-icon no-text\" href=\"http:\/\/www.rtvnoticias.com.ar\/?p=36094&amp;share=facebook\" target=\"_blank\" title=\"Haz clic para compartir en Facebook\"><span><\/span><span class=\"sharing-screen-reader-text\">Haz clic para compartir en Facebook (Se abre en una ventana nueva)<\/span><\/a><\/li><li class=\"share-jetpack-whatsapp\"><a rel=\"nofollow noopener noreferrer\" data-shared=\"\" class=\"share-jetpack-whatsapp sd-button share-icon no-text\" href=\"http:\/\/www.rtvnoticias.com.ar\/?p=36094&amp;share=jetpack-whatsapp\" target=\"_blank\" title=\"Haz clic para compartir en WhatsApp\"><span><\/span><span class=\"sharing-screen-reader-text\">Haz clic para compartir en WhatsApp (Se abre en una ventana nueva)<\/span><\/a><\/li><li class=\"share-telegram\"><a rel=\"nofollow noopener noreferrer\" data-shared=\"\" class=\"share-telegram sd-button share-icon no-text\" href=\"http:\/\/www.rtvnoticias.com.ar\/?p=36094&amp;share=telegram\" target=\"_blank\" title=\"Haz clic para compartir en Telegram\"><span><\/span><span class=\"sharing-screen-reader-text\">Haz clic para compartir en Telegram (Se abre en una ventana nueva)<\/span><\/a><\/li><li class=\"share-end\"><\/li><\/ul><\/div><\/div><\/div>","protected":false},"author":7,"featured_media":36095,"comment_status":"closed","ping_status":"closed","sticky":false,"template":"","format":"standard","meta":{"spay_email":"","jetpack_publicize_message":"","jetpack_is_tweetstorm":false,"jetpack_publicize_feature_enabled":true},"categories":[7],"tags":[],"jetpack_featured_media_url":"http:\/\/www.rtvnoticias.com.ar\/wp-content\/uploads\/2023\/04\/papa.jpg","jetpack_publicize_connections":[],"jetpack_sharing_enabled":true,"_links":{"self":[{"href":"http:\/\/www.rtvnoticias.com.ar\/index.php?rest_route=\/wp\/v2\/posts\/36094"}],"collection":[{"href":"http:\/\/www.rtvnoticias.com.ar\/index.php?rest_route=\/wp\/v2\/posts"}],"about":[{"href":"http:\/\/www.rtvnoticias.com.ar\/index.php?rest_route=\/wp\/v2\/types\/post"}],"author":[{"embeddable":true,"href":"http:\/\/www.rtvnoticias.com.ar\/index.php?rest_route=\/wp\/v2\/users\/7"}],"replies":[{"embeddable":true,"href":"http:\/\/www.rtvnoticias.com.ar\/index.php?rest_route=%2Fwp%2Fv2%2Fcomments&post=36094"}],"version-history":[{"count":1,"href":"http:\/\/www.rtvnoticias.com.ar\/index.php?rest_route=\/wp\/v2\/posts\/36094\/revisions"}],"predecessor-version":[{"id":36096,"href":"http:\/\/www.rtvnoticias.com.ar\/index.php?rest_route=\/wp\/v2\/posts\/36094\/revisions\/36096"}],"wp:featuredmedia":[{"embeddable":true,"href":"http:\/\/www.rtvnoticias.com.ar\/index.php?rest_route=\/wp\/v2\/media\/36095"}],"wp:attachment":[{"href":"http:\/\/www.rtvnoticias.com.ar\/index.php?rest_route=%2Fwp%2Fv2%2Fmedia&parent=36094"}],"wp:term":[{"taxonomy":"category","embeddable":true,"href":"http:\/\/www.rtvnoticias.com.ar\/index.php?rest_route=%2Fwp%2Fv2%2Fcategories&post=36094"},{"taxonomy":"post_tag","embeddable":true,"href":"http:\/\/www.rtvnoticias.com.ar\/index.php?rest_route=%2Fwp%2Fv2%2Ftags&post=36094"}],"curies":[{"name":"wp","href":"https:\/\/api.w.org\/{rel}","templated":true}]}}