{"id":36097,"date":"2023-04-03T08:07:52","date_gmt":"2023-04-03T11:07:52","guid":{"rendered":"http:\/\/www.rtvnoticias.com.ar\/?p=36097"},"modified":"2023-04-03T08:07:55","modified_gmt":"2023-04-03T11:07:55","slug":"emotivo-acto-en-jacinto-arauz-por-el-41-aniversario-de-la-gesta-de-malvinas","status":"publish","type":"post","link":"http:\/\/www.rtvnoticias.com.ar\/?p=36097","title":{"rendered":"Emotivo acto en Jacinto Ar\u00e1uz, por el 41 aniversario de la gesta de Malvinas"},"content":{"rendered":"\n<p>El acto estuvo caracterizado por una profunda emoci\u00f3n y tuvo lugar en la localidad de Jacinto Arauz, designada sede del acto provincial central por el D\u00eda del Veterano y de los Ca\u00eddos en la Guerra de Malvinas, a 41 a\u00f1os de la gesta malvinera.<\/p>\n\n\n\n<p>El mismo estuvo encabezado por el ministro de Gobierno, Justicia y Derechos Humanos, Ariel Rauschenberger en representaci\u00f3n del Gobierno de La Pampa; junto al subsecretario de Derechos Humanos del Gobierno Provincial, Juan Pablo Fasce, la secretaria de la Mujer, G\u00e9neros y Diversidad, Liliana Robledo; y la intendenta local Gabriela Iris Labourie, entre otros funcionarios provinciales, comunales y autoridades del Ej\u00e9rcito Argentino y las Fuerzas de Seguridad, en acompa\u00f1amiento de veteranos ex combatientes y familiares. El acto fue realizado frente al monumento levantado en memoria de los ca\u00eddos en el hundimiento del Crucero General Belgrano y cuna de uno de los h\u00e9roes de Malvinas: Jorge Delfino Pardou.<\/p>\n\n\n\n<p>La apertura del mismo estuvo marcado por los sentidos testimonios de Cesar Pardou, hermano del soldado araucense Jorge Delfino Pardou; Silvio Barid\u00f3n ex-combatiente y sobreviviente del hundimiento del Crucero ARA General Belgrano; Carlos Calmels en representaci\u00f3n del Centro de Veteranos de La Pampa, quienes destacaron la valent\u00eda de cientos de hombres que defendieron la bandera Argentina en las Islas Malvinas. A su vez hicieron un especial agradecimiento por el cari\u00f1o y la escucha recibida en diversos \u00e1mbitos de la provincia, lo que destaca y pondera la importancia que tiene la causa Malvinas en el resto de la sociedad, especialmente en ni\u00f1os, ni\u00f1as y j\u00f3venes.<\/p>\n\n\n\n<p>Posteriormente, el ministro de Gobierno, Justicia y Derechos Humanos, Ariel Rauschenberger, dedic\u00f3 un emotivo discurso en representaci\u00f3n del Gobierno Provincial encabezado por el gobernador Sergio Ziliotto quien por motivos de agenda no pudo asistir al acto. Las palabras del funcionario provincial giraron en torno a la importancia de honrar a los caidos, reivindicar a los compatriotas que lucharon en el conflicto b\u00e9lico y seguir construyendo memoria hist\u00f3rica: \u201cpensamos en la palabra h\u00e9roes y no podemos abarcar todo lo que queremos decir. Nuestros veteranos representan los valores nacionales, los valores de argentinidad, de poder so\u00f1ar con un pa\u00eds distinto. Los valores de la solidaridad y la entrega que tenemos que tener siempre presente para sacar adelante nuestro pa\u00eds, para la reconstrucci\u00f3n de nuestra Argentina. Para pensar un pa\u00eds unido y con justicia social\u201d.<\/p>\n\n\n\n<p>Adem\u00e1s, destac\u00f3 la importancia que tiene la causa Malvinas como factor de unidad, lucha y rescate de lo colectivo en todos sus \u00e1mbitos: \u201ces necesario seguir construyendo memoria. Esta fecha tambi\u00e9n es para reafirmar no solo ese reclamo por la soberan\u00eda de nuestras Malvinas, sino para profundizar que esa lucha debe ser por el camino de la diplomacia, porque sabemos que tenemos la raz\u00f3n hist\u00f3rica\u201d.<\/p>\n\n\n\n<p>A su vez, hizo alocuci\u00f3n a la importancia que tiene el acompa\u00f1amiento del Estado Provincial a todo lo referido a la causa Malvinas, pero dejando en claro que \u201chaga lo que se haga no ser\u00e1 suficiente\u201d: la gesti\u00f3n del gobernador Sergio Ziliotto la causa Malvinas es una pol\u00edtica de Estado. Trabajamos junto a cada Centro de Veteranos de Guerra. Tenemos un Estado atento y presente a lo que necesiten nuestros veteranos, a devolverles en parte todo lo que le dieron a la Patria. Con pol\u00edticas que revalorizan y reconocen su sacrificio y pretenden reconocer el compromiso y la valent\u00eda que mostraron hacia su pa\u00eds. Cualquier esfuerzo nos resulta poco frente a los que ustedes ofrendaron\u201d.<\/p>\n\n\n\n<p>Finalmente, la intendenta como anfitriona local, Gabriela Iris Labourie hizo referencia a la necesidad de reflexionar acerca de lo sucedido en 1982, con la intenci\u00f3n de conocer la historia para entender el presente en compromiso con el futuro: \u201cabordar la memoria y reafirmar la soberan\u00eda nacional a trav\u00e9s del conocimiento\u2026. es un acto de respeto y empat\u00eda, a todos esos j\u00f3venes soldados que participaron de una guerra, un conflicto, que dej\u00f3 dolor y heridas en una Argentina que es nuestra obligaci\u00f3n construir\u201d.<\/p>\n\n\n\n<p>La mandataria local expres\u00f3 un profundo reconocimiento a los veteranos y ex combatientes al hacer menci\u00f3n a la tarea educativa que emprenden todos los d\u00edas: \u201cnosotros tenemos la posibilidad de contar con Silvio quien de manera incansable, pero tambi\u00e9n con mucho esfuerzo desde lo emocional, recorre cada rinc\u00f3n llevando consigo los recuerdos y el relato de lo que le toco vivir en el Crucero ARA Gral. Belgrano, aportando ese granito tan importante y tan necesario para no olvidar\u2026 al igual que el recuerdo permanente de Jorge Pardou\u201d, finaliz\u00f3.<\/p>\n\n\n\n<p>El acto concluy\u00f3 con la entonaci\u00f3n de la \u201cMarcha de Malvinas\u201d y una suelta de palomas realizada por el Cuartel de Bomberos Voluntarios de la localidad araucense como homenaje.<\/p>\n<div class=\"sharedaddy sd-sharing-enabled\"><div class=\"robots-nocontent sd-block sd-social sd-social-icon sd-sharing\"><h3 class=\"sd-title\">Comparte esto:<\/h3><div class=\"sd-content\"><ul><li class=\"share-twitter\"><a rel=\"nofollow noopener noreferrer\" data-shared=\"sharing-twitter-36097\" class=\"share-twitter sd-button share-icon no-text\" href=\"http:\/\/www.rtvnoticias.com.ar\/?p=36097&amp;share=twitter\" target=\"_blank\" title=\"Haz clic para compartir en Twitter\"><span><\/span><span class=\"sharing-screen-reader-text\">Haz clic para compartir en Twitter (Se abre en una ventana nueva)<\/span><\/a><\/li><li class=\"share-facebook\"><a rel=\"nofollow noopener noreferrer\" data-shared=\"sharing-facebook-36097\" class=\"share-facebook sd-button share-icon no-text\" href=\"http:\/\/www.rtvnoticias.com.ar\/?p=36097&amp;share=facebook\" target=\"_blank\" title=\"Haz clic para compartir en Facebook\"><span><\/span><span class=\"sharing-screen-reader-text\">Haz clic para compartir en Facebook (Se abre en una ventana nueva)<\/span><\/a><\/li><li class=\"share-jetpack-whatsapp\"><a rel=\"nofollow noopener noreferrer\" data-shared=\"\" class=\"share-jetpack-whatsapp sd-button share-icon no-text\" href=\"http:\/\/www.rtvnoticias.com.ar\/?p=36097&amp;share=jetpack-whatsapp\" target=\"_blank\" title=\"Haz clic para compartir en WhatsApp\"><span><\/span><span class=\"sharing-screen-reader-text\">Haz clic para compartir en WhatsApp (Se abre en una ventana nueva)<\/span><\/a><\/li><li class=\"share-telegram\"><a rel=\"nofollow noopener noreferrer\" data-shared=\"\" class=\"share-telegram sd-button share-icon no-text\" href=\"http:\/\/www.rtvnoticias.com.ar\/?p=36097&amp;share=telegram\" target=\"_blank\" title=\"Haz clic para compartir en Telegram\"><span><\/span><span class=\"sharing-screen-reader-text\">Haz clic para compartir en Telegram (Se abre en una ventana nueva)<\/span><\/a><\/li><li class=\"share-end\"><\/li><\/ul><\/div><\/div><\/div>","protected":false},"excerpt":{"rendered":"<p>El acto estuvo caracterizado por una profunda emoci\u00f3n y tuvo lugar en la localidad de Jacinto Arauz, designada sede del acto provincial central por el<\/p>\n<div class=\"sharedaddy sd-sharing-enabled\"><div class=\"robots-nocontent sd-block sd-social sd-social-icon sd-sharing\"><h3 class=\"sd-title\">Comparte esto:<\/h3><div class=\"sd-content\"><ul><li class=\"share-twitter\"><a rel=\"nofollow noopener noreferrer\" data-shared=\"sharing-twitter-36097\" class=\"share-twitter sd-button share-icon no-text\" href=\"http:\/\/www.rtvnoticias.com.ar\/?p=36097&amp;share=twitter\" target=\"_blank\" title=\"Haz clic para compartir en Twitter\"><span><\/span><span class=\"sharing-screen-reader-text\">Haz clic para compartir en Twitter (Se abre en una ventana nueva)<\/span><\/a><\/li><li class=\"share-facebook\"><a rel=\"nofollow noopener noreferrer\" data-shared=\"sharing-facebook-36097\" class=\"share-facebook sd-button share-icon no-text\" href=\"http:\/\/www.rtvnoticias.com.ar\/?p=36097&amp;share=facebook\" target=\"_blank\" title=\"Haz clic para compartir en Facebook\"><span><\/span><span class=\"sharing-screen-reader-text\">Haz clic para compartir en Facebook (Se abre en una ventana nueva)<\/span><\/a><\/li><li class=\"share-jetpack-whatsapp\"><a rel=\"nofollow noopener noreferrer\" data-shared=\"\" class=\"share-jetpack-whatsapp sd-button share-icon no-text\" href=\"http:\/\/www.rtvnoticias.com.ar\/?p=36097&amp;share=jetpack-whatsapp\" target=\"_blank\" title=\"Haz clic para compartir en WhatsApp\"><span><\/span><span class=\"sharing-screen-reader-text\">Haz clic para compartir en WhatsApp (Se abre en una ventana nueva)<\/span><\/a><\/li><li class=\"share-telegram\"><a rel=\"nofollow noopener noreferrer\" data-shared=\"\" class=\"share-telegram sd-button share-icon no-text\" href=\"http:\/\/www.rtvnoticias.com.ar\/?p=36097&amp;share=telegram\" target=\"_blank\" title=\"Haz clic para compartir en Telegram\"><span><\/span><span class=\"sharing-screen-reader-text\">Haz clic para compartir en Telegram (Se abre en una ventana nueva)<\/span><\/a><\/li><li class=\"share-end\"><\/li><\/ul><\/div><\/div><\/div>","protected":false},"author":7,"featured_media":36098,"comment_status":"closed","ping_status":"closed","sticky":false,"template":"","format":"standard","meta":{"spay_email":"","jetpack_publicize_message":"","jetpack_is_tweetstorm":false,"jetpack_publicize_feature_enabled":true},"categories":[4],"tags":[],"jetpack_featured_media_url":"http:\/\/www.rtvnoticias.com.ar\/wp-content\/uploads\/2023\/04\/acto-malvinas-jacinto-arauz.jpg","jetpack_publicize_connections":[],"jetpack_sharing_enabled":true,"_links":{"self":[{"href":"http:\/\/www.rtvnoticias.com.ar\/index.php?rest_route=\/wp\/v2\/posts\/36097"}],"collection":[{"href":"http:\/\/www.rtvnoticias.com.ar\/index.php?rest_route=\/wp\/v2\/posts"}],"about":[{"href":"http:\/\/www.rtvnoticias.com.ar\/index.php?rest_route=\/wp\/v2\/types\/post"}],"author":[{"embeddable":true,"href":"http:\/\/www.rtvnoticias.com.ar\/index.php?rest_route=\/wp\/v2\/users\/7"}],"replies":[{"embeddable":true,"href":"http:\/\/www.rtvnoticias.com.ar\/index.php?rest_route=%2Fwp%2Fv2%2Fcomments&post=36097"}],"version-history":[{"count":1,"href":"http:\/\/www.rtvnoticias.com.ar\/index.php?rest_route=\/wp\/v2\/posts\/36097\/revisions"}],"predecessor-version":[{"id":36099,"href":"http:\/\/www.rtvnoticias.com.ar\/index.php?rest_route=\/wp\/v2\/posts\/36097\/revisions\/36099"}],"wp:featuredmedia":[{"embeddable":true,"href":"http:\/\/www.rtvnoticias.com.ar\/index.php?rest_route=\/wp\/v2\/media\/36098"}],"wp:attachment":[{"href":"http:\/\/www.rtvnoticias.com.ar\/index.php?rest_route=%2Fwp%2Fv2%2Fmedia&parent=36097"}],"wp:term":[{"taxonomy":"category","embeddable":true,"href":"http:\/\/www.rtvnoticias.com.ar\/index.php?rest_route=%2Fwp%2Fv2%2Fcategories&post=36097"},{"taxonomy":"post_tag","embeddable":true,"href":"http:\/\/www.rtvnoticias.com.ar\/index.php?rest_route=%2Fwp%2Fv2%2Ftags&post=36097"}],"curies":[{"name":"wp","href":"https:\/\/api.w.org\/{rel}","templated":true}]}}