{"id":36103,"date":"2023-04-03T08:13:51","date_gmt":"2023-04-03T11:13:51","guid":{"rendered":"http:\/\/www.rtvnoticias.com.ar\/?p=36103"},"modified":"2023-04-03T08:13:54","modified_gmt":"2023-04-03T11:13:54","slug":"nueva-reunion-del-comite-de-vigilancia-de-zona-franca","status":"publish","type":"post","link":"http:\/\/www.rtvnoticias.com.ar\/?p=36103","title":{"rendered":"Nueva reuni\u00f3n del Comit\u00e9 de Vigilancia de Zona Franca"},"content":{"rendered":"\n<p>Se realiz\u00f3 un balance de la situaci\u00f3n actual de las empresas radicadas y los proyectos en marcha. \u00a0El Ministerio de la Producci\u00f3n form\u00f3 parte de una nueva reuni\u00f3n del Comit\u00e9 de Vigilancia de la Zona Franca con sede en General Pico.<br>Encabezado por el presidente de dicho Comit\u00e9, Germ\u00e1n Luqui, el encuentro tuvo como fin realizar un an\u00e1lisis de la situaci\u00f3n actual de las empresas radicadas en la Zona Franca, el crecimiento que llevan adelante tanto en la generaci\u00f3n de nuevos negocios, como as\u00ed tambi\u00e9n en la creaci\u00f3n de nuevos puestos de trabajo.<\/p>\n\n\n\n<p>Se inform\u00f3 respecto del avance de las obras civiles de aquellas empresas radicadas en el a\u00f1o 2022 y la continuidad en la incorporaci\u00f3n de las respectivas l\u00edneas productivas.<\/p>\n\n\n\n<p>\u201cSe trabaj\u00f3 a su vez, sobre distintas solicitudes presentadas por el Concesionario, mientras que se analizaron las inversiones necesarias que el creciente desarrollo de la Zona Franca requiere\u201d, enumer\u00f3 Luqui a la Agencia Provincial de Noticias.<\/p>\n\n\n\n<p>Actualmente se cuenta con 26 empresas radicadas en el predio que realizan actividades productivas y cuentan con 579 empleados registrados. Funcionan a su vez, otras 40 empresas que realizan almacenaje de productos terminados en forma indirecta.<\/p>\n\n\n\n<p>Confirmada la presidencia de La Pampa dentro del Consejo Federal de Zonas Francas, Alejandra Alonso, directora de Relaciones Institucionales, inform\u00f3 que se encuentran trabajando en la firma de un convenio con el Banco Bice para que las Zonas Francas puedan tener acceso a distintos financiamientos para la ejecuci\u00f3n de proyectos puntuales.<\/p>\n\n\n\n<p>Formaron parte del encuentro tambi\u00e9n la subsecretaria de Industria, Comercio y PyMEs, Vanina Fern\u00e1ndez; la subsecretaria de Estad\u00edstica y Censos, Laura Biasotti; la administradora de Aduanas de General Pico, Emiliana Borra; el jefe de DGI, Miguel Alison; el director de Producci\u00f3n del Municipio, Lisandro Patek; por la C\u00e1mara Argentina de Comercio, Marcelo De Ambrosio y por Unilpa, Rub\u00e9n Gorordo.<\/p>\n<div class=\"sharedaddy sd-sharing-enabled\"><div class=\"robots-nocontent sd-block sd-social sd-social-icon sd-sharing\"><h3 class=\"sd-title\">Comparte esto:<\/h3><div class=\"sd-content\"><ul><li class=\"share-twitter\"><a rel=\"nofollow noopener noreferrer\" data-shared=\"sharing-twitter-36103\" class=\"share-twitter sd-button share-icon no-text\" href=\"http:\/\/www.rtvnoticias.com.ar\/?p=36103&amp;share=twitter\" target=\"_blank\" title=\"Haz clic para compartir en Twitter\"><span><\/span><span class=\"sharing-screen-reader-text\">Haz clic para compartir en Twitter (Se abre en una ventana nueva)<\/span><\/a><\/li><li class=\"share-facebook\"><a rel=\"nofollow noopener noreferrer\" data-shared=\"sharing-facebook-36103\" class=\"share-facebook sd-button share-icon no-text\" href=\"http:\/\/www.rtvnoticias.com.ar\/?p=36103&amp;share=facebook\" target=\"_blank\" title=\"Haz clic para compartir en Facebook\"><span><\/span><span class=\"sharing-screen-reader-text\">Haz clic para compartir en Facebook (Se abre en una ventana nueva)<\/span><\/a><\/li><li class=\"share-jetpack-whatsapp\"><a rel=\"nofollow noopener noreferrer\" data-shared=\"\" class=\"share-jetpack-whatsapp sd-button share-icon no-text\" href=\"http:\/\/www.rtvnoticias.com.ar\/?p=36103&amp;share=jetpack-whatsapp\" target=\"_blank\" title=\"Haz clic para compartir en WhatsApp\"><span><\/span><span class=\"sharing-screen-reader-text\">Haz clic para compartir en WhatsApp (Se abre en una ventana nueva)<\/span><\/a><\/li><li class=\"share-telegram\"><a rel=\"nofollow noopener noreferrer\" data-shared=\"\" class=\"share-telegram sd-button share-icon no-text\" href=\"http:\/\/www.rtvnoticias.com.ar\/?p=36103&amp;share=telegram\" target=\"_blank\" title=\"Haz clic para compartir en Telegram\"><span><\/span><span class=\"sharing-screen-reader-text\">Haz clic para compartir en Telegram (Se abre en una ventana nueva)<\/span><\/a><\/li><li class=\"share-end\"><\/li><\/ul><\/div><\/div><\/div>","protected":false},"excerpt":{"rendered":"<p>Se realiz\u00f3 un balance de la situaci\u00f3n actual de las empresas radicadas y los proyectos en marcha. \u00a0El Ministerio de la Producci\u00f3n form\u00f3 parte de<\/p>\n<div class=\"sharedaddy sd-sharing-enabled\"><div class=\"robots-nocontent sd-block sd-social sd-social-icon sd-sharing\"><h3 class=\"sd-title\">Comparte esto:<\/h3><div class=\"sd-content\"><ul><li class=\"share-twitter\"><a rel=\"nofollow noopener noreferrer\" data-shared=\"sharing-twitter-36103\" class=\"share-twitter sd-button share-icon no-text\" href=\"http:\/\/www.rtvnoticias.com.ar\/?p=36103&amp;share=twitter\" target=\"_blank\" title=\"Haz clic para compartir en Twitter\"><span><\/span><span class=\"sharing-screen-reader-text\">Haz clic para compartir en Twitter (Se abre en una ventana nueva)<\/span><\/a><\/li><li class=\"share-facebook\"><a rel=\"nofollow noopener noreferrer\" data-shared=\"sharing-facebook-36103\" class=\"share-facebook sd-button share-icon no-text\" href=\"http:\/\/www.rtvnoticias.com.ar\/?p=36103&amp;share=facebook\" target=\"_blank\" title=\"Haz clic para compartir en Facebook\"><span><\/span><span class=\"sharing-screen-reader-text\">Haz clic para compartir en Facebook (Se abre en una ventana nueva)<\/span><\/a><\/li><li class=\"share-jetpack-whatsapp\"><a rel=\"nofollow noopener noreferrer\" data-shared=\"\" class=\"share-jetpack-whatsapp sd-button share-icon no-text\" href=\"http:\/\/www.rtvnoticias.com.ar\/?p=36103&amp;share=jetpack-whatsapp\" target=\"_blank\" title=\"Haz clic para compartir en WhatsApp\"><span><\/span><span class=\"sharing-screen-reader-text\">Haz clic para compartir en WhatsApp (Se abre en una ventana nueva)<\/span><\/a><\/li><li class=\"share-telegram\"><a rel=\"nofollow noopener noreferrer\" data-shared=\"\" class=\"share-telegram sd-button share-icon no-text\" href=\"http:\/\/www.rtvnoticias.com.ar\/?p=36103&amp;share=telegram\" target=\"_blank\" title=\"Haz clic para compartir en Telegram\"><span><\/span><span class=\"sharing-screen-reader-text\">Haz clic para compartir en Telegram (Se abre en una ventana nueva)<\/span><\/a><\/li><li class=\"share-end\"><\/li><\/ul><\/div><\/div><\/div>","protected":false},"author":7,"featured_media":36104,"comment_status":"closed","ping_status":"closed","sticky":false,"template":"","format":"standard","meta":{"spay_email":"","jetpack_publicize_message":"","jetpack_is_tweetstorm":false,"jetpack_publicize_feature_enabled":true},"categories":[4],"tags":[],"jetpack_featured_media_url":"http:\/\/www.rtvnoticias.com.ar\/wp-content\/uploads\/2023\/04\/reunion-ZF.jpg","jetpack_publicize_connections":[],"jetpack_sharing_enabled":true,"_links":{"self":[{"href":"http:\/\/www.rtvnoticias.com.ar\/index.php?rest_route=\/wp\/v2\/posts\/36103"}],"collection":[{"href":"http:\/\/www.rtvnoticias.com.ar\/index.php?rest_route=\/wp\/v2\/posts"}],"about":[{"href":"http:\/\/www.rtvnoticias.com.ar\/index.php?rest_route=\/wp\/v2\/types\/post"}],"author":[{"embeddable":true,"href":"http:\/\/www.rtvnoticias.com.ar\/index.php?rest_route=\/wp\/v2\/users\/7"}],"replies":[{"embeddable":true,"href":"http:\/\/www.rtvnoticias.com.ar\/index.php?rest_route=%2Fwp%2Fv2%2Fcomments&post=36103"}],"version-history":[{"count":1,"href":"http:\/\/www.rtvnoticias.com.ar\/index.php?rest_route=\/wp\/v2\/posts\/36103\/revisions"}],"predecessor-version":[{"id":36105,"href":"http:\/\/www.rtvnoticias.com.ar\/index.php?rest_route=\/wp\/v2\/posts\/36103\/revisions\/36105"}],"wp:featuredmedia":[{"embeddable":true,"href":"http:\/\/www.rtvnoticias.com.ar\/index.php?rest_route=\/wp\/v2\/media\/36104"}],"wp:attachment":[{"href":"http:\/\/www.rtvnoticias.com.ar\/index.php?rest_route=%2Fwp%2Fv2%2Fmedia&parent=36103"}],"wp:term":[{"taxonomy":"category","embeddable":true,"href":"http:\/\/www.rtvnoticias.com.ar\/index.php?rest_route=%2Fwp%2Fv2%2Fcategories&post=36103"},{"taxonomy":"post_tag","embeddable":true,"href":"http:\/\/www.rtvnoticias.com.ar\/index.php?rest_route=%2Fwp%2Fv2%2Ftags&post=36103"}],"curies":[{"name":"wp","href":"https:\/\/api.w.org\/{rel}","templated":true}]}}