{"id":36108,"date":"2023-04-03T08:32:08","date_gmt":"2023-04-03T11:32:08","guid":{"rendered":"http:\/\/www.rtvnoticias.com.ar\/?p=36108"},"modified":"2023-04-03T08:32:10","modified_gmt":"2023-04-03T11:32:10","slug":"me-atrevo-a-decir-que-este-hermoso-monumento-que-hicimos-esta-entre-los-10-mejores-del-pais-dijo-jorge-gaitan","status":"publish","type":"post","link":"http:\/\/www.rtvnoticias.com.ar\/?p=36108","title":{"rendered":"\u201cMe atrevo a decir que este hermoso monumento que hicimos est\u00e1 entre los 10 mejores del pa\u00eds\u201d, dijo Jorge Gait\u00e1n"},"content":{"rendered":"\n<p>La Asociaci\u00f3n Veteranos de Guerra de Malvinas \u00abAlberto Amesgaray\u00bb, en conjunto con las Municipalidad local desarroll\u00f3 en el marco del D\u00eda del Veterano y de los Ca\u00eddos en la Guerra de Malvinas la tradicional vigilia y el acto oficial en el Parque H\u00e9roes de Malvinas y en ese marco se llev\u00f3 a cabo el s\u00e1bado la emotiva vigilia con el acompa\u00f1amiento de un gran marco de p\u00fablico que se acerc\u00f3 a homenajear a nuestros veteranos. <\/p>\n\n\n\n<p>Entre las actividades previstas, se present\u00f3 el documental \u201cMalvinas, una historia de amor\u201d, una producci\u00f3n de la UNLPam que re\u00fane testimonios de integrantes de la Asociaci\u00f3n de Veteranos Alberto Amesgaray de General Pico. Para finalizar el sentido encuentro se entonaron las estrofas del Himno Nacional Argentino y la Marcha de Malvinas.\u00a0<\/p>\n\n\n\n<p>El domingo por la ma\u00f1ana se desarroll\u00f3 el acto oficial en Parque H\u00e9roes de Malvinas. Del homenaje participaron la intendenta municipal, Fernanda Alonso; los veteranos de Malvinas; el jefe del Regimiento de Caballer\u00eda de Tanques N\u00b0 13, Mariano Chiara Vieyra; la vicepresidenta 1\u00ba de la C\u00e1mara de Diputados, Alicia Mayoral; el ministro del Superior Tribunal de Justicia de La Pampa, Fabricio Losi; el ministro de Educaci\u00f3n, Pablo Maccione; el viceintendente, Daniel L\u00f3pez; diputadas y diputados provinciales; concejalas y concejales; autoridades provinciales y municipales; instituciones intermedias y educativas y p\u00fablico en general.<\/p>\n\n\n\n<p>Jorge Gait\u00e1n, uno de nuestros reconocidos h\u00e9roes de Malvinas indic\u00f3 que \u201cpresentamos muchas propuestas, y en todas esas iniciativas logramos este hermoso monumento que hicimos y que me atrevo a decir que est\u00e1 entre los 10 mejores del pa\u00eds. La Municipalidad dijo vamos a hacer un espacio donde la gente pueda disfrutar y este es un lugar emblem\u00e1tico, con familias que vienen a pasar la tarde, tomar mate y padres mostr\u00e1ndole a sus hijos qui\u00e9nes fueron los verdaderos h\u00e9roes de la historia\u201d.\u00a0<\/p>\n\n\n\n<p>Finalmente se colocaron las ofrendas florales y se entonaron las estrofas del Himno Nacional Argentino y la Marcha de Malvinas.<\/p>\n\n\n\n<p><strong>Pe\u00f1a 2 de Abril<\/strong><\/p>\n\n\n\n<p>Por la tarde, en El Viejo Galp\u00f3n, se realiz\u00f3 la Pe\u00f1a Malvinera donde se proyect\u00f3 nuevamente el documental \u201cMalvinas, una historia de amor\u201d.<\/p>\n\n\n\n<p>Posteriormente se presentaron Ricardo S\u00e1nchez, Aldo Iranzo, Alto D\u00fao Folk y Paola Garc\u00eda. <\/p>\n<div class=\"sharedaddy sd-sharing-enabled\"><div class=\"robots-nocontent sd-block sd-social sd-social-icon sd-sharing\"><h3 class=\"sd-title\">Comparte esto:<\/h3><div class=\"sd-content\"><ul><li class=\"share-twitter\"><a rel=\"nofollow noopener noreferrer\" data-shared=\"sharing-twitter-36108\" class=\"share-twitter sd-button share-icon no-text\" href=\"http:\/\/www.rtvnoticias.com.ar\/?p=36108&amp;share=twitter\" target=\"_blank\" title=\"Haz clic para compartir en Twitter\"><span><\/span><span class=\"sharing-screen-reader-text\">Haz clic para compartir en Twitter (Se abre en una ventana nueva)<\/span><\/a><\/li><li class=\"share-facebook\"><a rel=\"nofollow noopener noreferrer\" data-shared=\"sharing-facebook-36108\" class=\"share-facebook sd-button share-icon no-text\" href=\"http:\/\/www.rtvnoticias.com.ar\/?p=36108&amp;share=facebook\" target=\"_blank\" title=\"Haz clic para compartir en Facebook\"><span><\/span><span class=\"sharing-screen-reader-text\">Haz clic para compartir en Facebook (Se abre en una ventana nueva)<\/span><\/a><\/li><li class=\"share-jetpack-whatsapp\"><a rel=\"nofollow noopener noreferrer\" data-shared=\"\" class=\"share-jetpack-whatsapp sd-button share-icon no-text\" href=\"http:\/\/www.rtvnoticias.com.ar\/?p=36108&amp;share=jetpack-whatsapp\" target=\"_blank\" title=\"Haz clic para compartir en WhatsApp\"><span><\/span><span class=\"sharing-screen-reader-text\">Haz clic para compartir en WhatsApp (Se abre en una ventana nueva)<\/span><\/a><\/li><li class=\"share-telegram\"><a rel=\"nofollow noopener noreferrer\" data-shared=\"\" class=\"share-telegram sd-button share-icon no-text\" href=\"http:\/\/www.rtvnoticias.com.ar\/?p=36108&amp;share=telegram\" target=\"_blank\" title=\"Haz clic para compartir en Telegram\"><span><\/span><span class=\"sharing-screen-reader-text\">Haz clic para compartir en Telegram (Se abre en una ventana nueva)<\/span><\/a><\/li><li class=\"share-end\"><\/li><\/ul><\/div><\/div><\/div>","protected":false},"excerpt":{"rendered":"<p>La Asociaci\u00f3n Veteranos de Guerra de Malvinas \u00abAlberto Amesgaray\u00bb, en conjunto con las Municipalidad local desarroll\u00f3 en el marco del D\u00eda del Veterano y de<\/p>\n<div class=\"sharedaddy sd-sharing-enabled\"><div class=\"robots-nocontent sd-block sd-social sd-social-icon sd-sharing\"><h3 class=\"sd-title\">Comparte esto:<\/h3><div class=\"sd-content\"><ul><li class=\"share-twitter\"><a rel=\"nofollow noopener noreferrer\" data-shared=\"sharing-twitter-36108\" class=\"share-twitter sd-button share-icon no-text\" href=\"http:\/\/www.rtvnoticias.com.ar\/?p=36108&amp;share=twitter\" target=\"_blank\" title=\"Haz clic para compartir en Twitter\"><span><\/span><span class=\"sharing-screen-reader-text\">Haz clic para compartir en Twitter (Se abre en una ventana nueva)<\/span><\/a><\/li><li class=\"share-facebook\"><a rel=\"nofollow noopener noreferrer\" data-shared=\"sharing-facebook-36108\" class=\"share-facebook sd-button share-icon no-text\" href=\"http:\/\/www.rtvnoticias.com.ar\/?p=36108&amp;share=facebook\" target=\"_blank\" title=\"Haz clic para compartir en Facebook\"><span><\/span><span class=\"sharing-screen-reader-text\">Haz clic para compartir en Facebook (Se abre en una ventana nueva)<\/span><\/a><\/li><li class=\"share-jetpack-whatsapp\"><a rel=\"nofollow noopener noreferrer\" data-shared=\"\" class=\"share-jetpack-whatsapp sd-button share-icon no-text\" href=\"http:\/\/www.rtvnoticias.com.ar\/?p=36108&amp;share=jetpack-whatsapp\" target=\"_blank\" title=\"Haz clic para compartir en WhatsApp\"><span><\/span><span class=\"sharing-screen-reader-text\">Haz clic para compartir en WhatsApp (Se abre en una ventana nueva)<\/span><\/a><\/li><li class=\"share-telegram\"><a rel=\"nofollow noopener noreferrer\" data-shared=\"\" class=\"share-telegram sd-button share-icon no-text\" href=\"http:\/\/www.rtvnoticias.com.ar\/?p=36108&amp;share=telegram\" target=\"_blank\" title=\"Haz clic para compartir en Telegram\"><span><\/span><span class=\"sharing-screen-reader-text\">Haz clic para compartir en Telegram (Se abre en una ventana nueva)<\/span><\/a><\/li><li class=\"share-end\"><\/li><\/ul><\/div><\/div><\/div>","protected":false},"author":7,"featured_media":36110,"comment_status":"closed","ping_status":"closed","sticky":false,"template":"","format":"standard","meta":{"spay_email":"","jetpack_publicize_message":"","jetpack_is_tweetstorm":false,"jetpack_publicize_feature_enabled":true},"categories":[3],"tags":[],"jetpack_featured_media_url":"http:\/\/www.rtvnoticias.com.ar\/wp-content\/uploads\/2023\/04\/Malvinas-3.jpeg","jetpack_publicize_connections":[],"jetpack_sharing_enabled":true,"_links":{"self":[{"href":"http:\/\/www.rtvnoticias.com.ar\/index.php?rest_route=\/wp\/v2\/posts\/36108"}],"collection":[{"href":"http:\/\/www.rtvnoticias.com.ar\/index.php?rest_route=\/wp\/v2\/posts"}],"about":[{"href":"http:\/\/www.rtvnoticias.com.ar\/index.php?rest_route=\/wp\/v2\/types\/post"}],"author":[{"embeddable":true,"href":"http:\/\/www.rtvnoticias.com.ar\/index.php?rest_route=\/wp\/v2\/users\/7"}],"replies":[{"embeddable":true,"href":"http:\/\/www.rtvnoticias.com.ar\/index.php?rest_route=%2Fwp%2Fv2%2Fcomments&post=36108"}],"version-history":[{"count":1,"href":"http:\/\/www.rtvnoticias.com.ar\/index.php?rest_route=\/wp\/v2\/posts\/36108\/revisions"}],"predecessor-version":[{"id":36109,"href":"http:\/\/www.rtvnoticias.com.ar\/index.php?rest_route=\/wp\/v2\/posts\/36108\/revisions\/36109"}],"wp:featuredmedia":[{"embeddable":true,"href":"http:\/\/www.rtvnoticias.com.ar\/index.php?rest_route=\/wp\/v2\/media\/36110"}],"wp:attachment":[{"href":"http:\/\/www.rtvnoticias.com.ar\/index.php?rest_route=%2Fwp%2Fv2%2Fmedia&parent=36108"}],"wp:term":[{"taxonomy":"category","embeddable":true,"href":"http:\/\/www.rtvnoticias.com.ar\/index.php?rest_route=%2Fwp%2Fv2%2Fcategories&post=36108"},{"taxonomy":"post_tag","embeddable":true,"href":"http:\/\/www.rtvnoticias.com.ar\/index.php?rest_route=%2Fwp%2Fv2%2Ftags&post=36108"}],"curies":[{"name":"wp","href":"https:\/\/api.w.org\/{rel}","templated":true}]}}