{"id":36119,"date":"2023-04-04T08:33:54","date_gmt":"2023-04-04T11:33:54","guid":{"rendered":"http:\/\/www.rtvnoticias.com.ar\/?p=36119"},"modified":"2023-04-04T08:33:58","modified_gmt":"2023-04-04T11:33:58","slug":"de-la-crisis-se-sale-con-justicia-social-y-mas-peronismo","status":"publish","type":"post","link":"http:\/\/www.rtvnoticias.com.ar\/?p=36119","title":{"rendered":"\u00abDe la crisis se sale con justicia social y m\u00e1s peronismo\u00bb"},"content":{"rendered":"\n<p>Ante un sal\u00f3n colmado, el intendente de Santa Rosa, Luciano di N\u00e1poli, present\u00f3 la lista 502 con la que ir\u00e1 por la reelecci\u00f3n junto a Romina Montes de Oca como viceintendenta. El gobernador Sergio Ziliotto con su compa\u00f1era de f\u00f3rmula, la actual diputada provincial Alicia Mayoral, acompa\u00f1aron a los capitalinos y brindaron unas palabras a la militancia presente.<\/p>\n\n\n\n<p>El acto tuvo lugar en el Sindicato de Telecomunicaciones \u2013Falucho 530-, estaba previsto para las 18 y es por ello que la militancia se acerc\u00f3 unos minutos antes para esperar la llegada de los candidatos y candidatas. Como el espacio era reducido, solo unos pocos pudieron ingresar al sal\u00f3n y el resto debi\u00f3 esperar afuera con bombos, tambores, c\u00e1nticos y banderas.<\/p>\n\n\n\n<p>En el interior del sindicato, fueron los funcionarios provinciales, municipales, diputados provinciales, nacionales y senadores quienes ocuparon las sillas. El acto comenz\u00f3 cerca de las 18:30. Con aplausos, la militancia recibi\u00f3 a los y las candidatas, se abrazaron y tomaron fotograf\u00edas hasta que lograron subir al peque\u00f1o escenario.<\/p>\n\n\n\n<p>El locutor dio comienzo a la jornada y en primer lugar mencion\u00f3 la conformaci\u00f3n de la lista completa de la f\u00f3rmula Luciano di N\u00e1poli y Romina Montes de Oca con los candidatos y candidatas que competir\u00e1n por los cargos de concejales: Francisco Bompadre, Lorena Guaiqui\u00e1n, Lucas Jes\u00fas Ovejero, Roc\u00edo Nerina Olgu\u00edn, Mariano Alfageme, Sasha Montes de Oca, Ricardo Alfredo Valcarcel, M\u00f3nica Arribillaga, Lucas Dar\u00edo Borra, Betsabe Mart\u00edn y Emmanuel Alfayate.<\/p>\n\n\n\n<p>Las y los candidatos a concejales suplentes son Anal\u00eda Beatriz Romero, Alejandro Haberkon, Mayra Blanco, Pablo Germ\u00e1n Ferrero, Natalia Paola Cheli, Juan Eduardo Arnauti, Mar\u00eda Teresa \u00c1lvarez y Javier Alejandro Urban. En tanto, H\u00e9ctor Rub\u00e9n Funes es el candidato a juez de Paz titular y Daniela Carina Marot\u00edas y Juan Carlos P\u00e9rez son los candidatos suplentes.<\/p>\n<div class=\"sharedaddy sd-sharing-enabled\"><div class=\"robots-nocontent sd-block sd-social sd-social-icon sd-sharing\"><h3 class=\"sd-title\">Comparte esto:<\/h3><div class=\"sd-content\"><ul><li class=\"share-twitter\"><a rel=\"nofollow noopener noreferrer\" data-shared=\"sharing-twitter-36119\" class=\"share-twitter sd-button share-icon no-text\" href=\"http:\/\/www.rtvnoticias.com.ar\/?p=36119&amp;share=twitter\" target=\"_blank\" title=\"Haz clic para compartir en Twitter\"><span><\/span><span class=\"sharing-screen-reader-text\">Haz clic para compartir en Twitter (Se abre en una ventana nueva)<\/span><\/a><\/li><li class=\"share-facebook\"><a rel=\"nofollow noopener noreferrer\" data-shared=\"sharing-facebook-36119\" class=\"share-facebook sd-button share-icon no-text\" href=\"http:\/\/www.rtvnoticias.com.ar\/?p=36119&amp;share=facebook\" target=\"_blank\" title=\"Haz clic para compartir en Facebook\"><span><\/span><span class=\"sharing-screen-reader-text\">Haz clic para compartir en Facebook (Se abre en una ventana nueva)<\/span><\/a><\/li><li class=\"share-jetpack-whatsapp\"><a rel=\"nofollow noopener noreferrer\" data-shared=\"\" class=\"share-jetpack-whatsapp sd-button share-icon no-text\" href=\"http:\/\/www.rtvnoticias.com.ar\/?p=36119&amp;share=jetpack-whatsapp\" target=\"_blank\" title=\"Haz clic para compartir en WhatsApp\"><span><\/span><span class=\"sharing-screen-reader-text\">Haz clic para compartir en WhatsApp (Se abre en una ventana nueva)<\/span><\/a><\/li><li class=\"share-telegram\"><a rel=\"nofollow noopener noreferrer\" data-shared=\"\" class=\"share-telegram sd-button share-icon no-text\" href=\"http:\/\/www.rtvnoticias.com.ar\/?p=36119&amp;share=telegram\" target=\"_blank\" title=\"Haz clic para compartir en Telegram\"><span><\/span><span class=\"sharing-screen-reader-text\">Haz clic para compartir en Telegram (Se abre en una ventana nueva)<\/span><\/a><\/li><li class=\"share-end\"><\/li><\/ul><\/div><\/div><\/div>","protected":false},"excerpt":{"rendered":"<p>Ante un sal\u00f3n colmado, el intendente de Santa Rosa, Luciano di N\u00e1poli, present\u00f3 la lista 502 con la que ir\u00e1 por la reelecci\u00f3n junto a<\/p>\n<div class=\"sharedaddy sd-sharing-enabled\"><div class=\"robots-nocontent sd-block sd-social sd-social-icon sd-sharing\"><h3 class=\"sd-title\">Comparte esto:<\/h3><div class=\"sd-content\"><ul><li class=\"share-twitter\"><a rel=\"nofollow noopener noreferrer\" data-shared=\"sharing-twitter-36119\" class=\"share-twitter sd-button share-icon no-text\" href=\"http:\/\/www.rtvnoticias.com.ar\/?p=36119&amp;share=twitter\" target=\"_blank\" title=\"Haz clic para compartir en Twitter\"><span><\/span><span class=\"sharing-screen-reader-text\">Haz clic para compartir en Twitter (Se abre en una ventana nueva)<\/span><\/a><\/li><li class=\"share-facebook\"><a rel=\"nofollow noopener noreferrer\" data-shared=\"sharing-facebook-36119\" class=\"share-facebook sd-button share-icon no-text\" href=\"http:\/\/www.rtvnoticias.com.ar\/?p=36119&amp;share=facebook\" target=\"_blank\" title=\"Haz clic para compartir en Facebook\"><span><\/span><span class=\"sharing-screen-reader-text\">Haz clic para compartir en Facebook (Se abre en una ventana nueva)<\/span><\/a><\/li><li class=\"share-jetpack-whatsapp\"><a rel=\"nofollow noopener noreferrer\" data-shared=\"\" class=\"share-jetpack-whatsapp sd-button share-icon no-text\" href=\"http:\/\/www.rtvnoticias.com.ar\/?p=36119&amp;share=jetpack-whatsapp\" target=\"_blank\" title=\"Haz clic para compartir en WhatsApp\"><span><\/span><span class=\"sharing-screen-reader-text\">Haz clic para compartir en WhatsApp (Se abre en una ventana nueva)<\/span><\/a><\/li><li class=\"share-telegram\"><a rel=\"nofollow noopener noreferrer\" data-shared=\"\" class=\"share-telegram sd-button share-icon no-text\" href=\"http:\/\/www.rtvnoticias.com.ar\/?p=36119&amp;share=telegram\" target=\"_blank\" title=\"Haz clic para compartir en Telegram\"><span><\/span><span class=\"sharing-screen-reader-text\">Haz clic para compartir en Telegram (Se abre en una ventana nueva)<\/span><\/a><\/li><li class=\"share-end\"><\/li><\/ul><\/div><\/div><\/div>","protected":false},"author":7,"featured_media":36120,"comment_status":"closed","ping_status":"closed","sticky":false,"template":"","format":"standard","meta":{"spay_email":"","jetpack_publicize_message":"","jetpack_is_tweetstorm":false,"jetpack_publicize_feature_enabled":true},"categories":[4],"tags":[],"jetpack_featured_media_url":"http:\/\/www.rtvnoticias.com.ar\/wp-content\/uploads\/2023\/04\/descarga.jpg","jetpack_publicize_connections":[],"jetpack_sharing_enabled":true,"_links":{"self":[{"href":"http:\/\/www.rtvnoticias.com.ar\/index.php?rest_route=\/wp\/v2\/posts\/36119"}],"collection":[{"href":"http:\/\/www.rtvnoticias.com.ar\/index.php?rest_route=\/wp\/v2\/posts"}],"about":[{"href":"http:\/\/www.rtvnoticias.com.ar\/index.php?rest_route=\/wp\/v2\/types\/post"}],"author":[{"embeddable":true,"href":"http:\/\/www.rtvnoticias.com.ar\/index.php?rest_route=\/wp\/v2\/users\/7"}],"replies":[{"embeddable":true,"href":"http:\/\/www.rtvnoticias.com.ar\/index.php?rest_route=%2Fwp%2Fv2%2Fcomments&post=36119"}],"version-history":[{"count":1,"href":"http:\/\/www.rtvnoticias.com.ar\/index.php?rest_route=\/wp\/v2\/posts\/36119\/revisions"}],"predecessor-version":[{"id":36121,"href":"http:\/\/www.rtvnoticias.com.ar\/index.php?rest_route=\/wp\/v2\/posts\/36119\/revisions\/36121"}],"wp:featuredmedia":[{"embeddable":true,"href":"http:\/\/www.rtvnoticias.com.ar\/index.php?rest_route=\/wp\/v2\/media\/36120"}],"wp:attachment":[{"href":"http:\/\/www.rtvnoticias.com.ar\/index.php?rest_route=%2Fwp%2Fv2%2Fmedia&parent=36119"}],"wp:term":[{"taxonomy":"category","embeddable":true,"href":"http:\/\/www.rtvnoticias.com.ar\/index.php?rest_route=%2Fwp%2Fv2%2Fcategories&post=36119"},{"taxonomy":"post_tag","embeddable":true,"href":"http:\/\/www.rtvnoticias.com.ar\/index.php?rest_route=%2Fwp%2Fv2%2Ftags&post=36119"}],"curies":[{"name":"wp","href":"https:\/\/api.w.org\/{rel}","templated":true}]}}