{"id":36131,"date":"2023-04-04T13:04:18","date_gmt":"2023-04-04T16:04:18","guid":{"rendered":"http:\/\/www.rtvnoticias.com.ar\/?p=36131"},"modified":"2023-04-04T13:04:22","modified_gmt":"2023-04-04T16:04:22","slug":"elecciones-la-pampa-2023-se-oficializaron-las-listas-de-candidatos-para-el-14-de-mayo","status":"publish","type":"post","link":"http:\/\/www.rtvnoticias.com.ar\/?p=36131","title":{"rendered":"Elecciones La Pampa 2023: Se oficializaron las listas de candidatos para el 14 de mayo"},"content":{"rendered":"\n<p>El Tribunal Electoral de la Provincia de La Pampa (TEP) oficializ\u00f3 las listas de candidatos\/as que participar\u00e1n de las elecciones provinciales del domingo 14 mayo, en las que se elegir\u00e1n gobernador, vicegobernadora, diputados\/as, intendentes\/as, concejales\/as, jueces y juezas de paz, presidentes\/as de comisiones de fomento y vocales\/as.<\/p>\n\n\n\n<p>Un detalle importante es que, luego que el TEP oficializara las listas la semana pasada, no hubo impugnaciones durante las 48 horas posteriores a las notificaciones a cada uno de los frentes y partidos.<\/p>\n\n\n\n<p>Esta ser\u00e1 la primera vez que en una elecci\u00f3n provincial \u2013el \u00fanico antecedente fueron las elecciones internas abiertas, obligatorias y simult\u00e1neas del pasado 12 de febrero\u2013 regir\u00e1 la ley 3259 que garantiza la paridad de g\u00e9nero en las candidaturas a cargos p\u00fablicos electivos, tanto en el orden provincial como en el municipal y en las comisiones de fomento.<\/p>\n\n\n\n<p>Para la gobernaci\u00f3n habr\u00e1 seis f\u00f3rmulas: Frente Justicialista Pampeano (Sergio Ziliotto-Alicia Mayoral), Frente Juntos por el Cambio-La Pampa (Mart\u00edn Berhongaray-Patricia Clelia Testa), Frente de Izquierda y de Trabajadores-Unidad (Luciano Gonz\u00e1lez Cabiati-Sof\u00eda Mercedes Fern\u00e1ndez), Movimiento Federalista Pampeano (H\u00e9ctor Claudio Fazzini-Sonia Anal\u00eda Wisner), Desde el Pie (Claudio Alejandro Acosta-Mar\u00eda Laura Gonz\u00e1lez) y Comunidad Organizada (Juan Carlos Tierno-Viviana Winschel).<\/p>\n\n\n\n<p>En cambio para ingresar a la Legislatura se presentar\u00e1n ocho opciones, mencion\u00e1ndose en cada caso los dos primeros candidatos\/as de las listas: Frente Justicialista Pampeano (Hern\u00e1n P\u00e9rez Araujo y Liliana Vanesa Robledo), Frente Juntos por el Cambio-La Pampa (Hip\u00f3lito Gustavo Altolaguirre y Mar\u00eda Laura Trapaglia), Frente de Izquierda y de Trabajadores-Unidad (Jonatan Ezequiel G\u00f3mez y Julia Baleani), Movimiento Federalista Pampeano (Luis Esteban Serradell y Marta Amelia Mart\u00ednez), Desde el Pie (Juan Jos\u00e9 Rosso y Pilar Galende Villavicencio), Comunidad Organizada (Sandra Fabiana Fonseca y Carlos Maximiliano Aliaga Souto), Organizaci\u00f3n C\u00edvica (Javier Horacio D\u00edaz y Gloria Noem\u00ed Ampua) y Partido Libertario (Ra\u00fal Omar Osvaldo Aragon\u00e9s y Rosana Fabiana Prieto).<\/p>\n\n\n\n<p><strong>Intendencias<\/strong><\/p>\n\n\n\n<p>El Frejupa presentar\u00e1 listas en 59 intendencias: Abramo, Algarrobo del \u00c1guila, Alpachiri, Alta Italia, Anguil, Arata, Ataliva Roca, Bernardo Larroud\u00e9, Bernasconi, Caleuf\u00fa, Carro Quemado, Catril\u00f3, Ceballos, Colonia Bar\u00f3n, Conhello, Coronel Hilario Lagos, Doblas, Dorila, Eduardo Castex, Embajador Martini, General Acha, General Pico, General San Mart\u00edn, Gobernador Duval, Guatrach\u00e9, Ingeniero Luiggi, Intendente Alvear, Jacinto Ar\u00e1uz, La Adela, La Humada, La Maruja, Lonquimay, Luan Toro, Macach\u00edn, Mauricio Mayer, Metileo, Miguel Can\u00e9, Miguel Riglos, Monte Nievas, Parera, Puelches, Puel\u00e9n, Quehu\u00e9, Quem\u00fa Quem\u00fa, Rancul, Realic\u00f3, Rol\u00f3n, Santa Isabel, Santa Rosa, Tel\u00e9n, Toay, Tom\u00e1s Manuel de Anchorena, Trenel, Uriburu, 25 de Mayo, V\u00e9rtiz, Victorica, Villa Mirasol y Winifreda<\/p>\n\n\n\n<p>Tambi\u00e9n lo har\u00e1 en 15 comisiones de fomento (Adolfo Van Praet, Agustoni, Chacharramendi, Colonia Santa Mar\u00eda, Cuchillo C\u00f3, La Reforma, Limay Mahuida, Loventuel, Maisonnave, Per\u00fa, Pichi Huinca, Relmo, Rucanelo, Sarah y Speluzzi).<\/p>\n\n\n\n<p>A su vez ir\u00e1 con candidatos a concejales\/as en el municipio de Santa Teresa (no tiene nombres para intendente\/a) y es la \u00fanica fuerza que presentar\u00e1 una lista para cubrir los cargos de juez\/a titular y suplente en Emilio Mitre.<\/p>\n\n\n\n<p>El Frente Juntos por el Cambio-La Pampa tendr\u00e1 candidatos\/as en 52 municipalidades: Abramo, Algarrobo del \u00c1guila, Alpachiri, Alta Italia, Anguil, Arata, Ataliva Roca, Bernardo Larroud\u00e9, Bernasconi, Caleuf\u00fa, Carro Quemado, Catril\u00f3, Ceballos, Colonia Bar\u00f3n, Doblas, Dorila, Eduardo Castex, Embajador Martini, General Acha, General Campos, General Pico, General San Mart\u00edn, Gobernador Duval, Guatrach\u00e9, Ingeniero Luiggi, Intendente Alvear, Jacinto Arauz, La Adela, La Humada, La Maruja, Macach\u00edn, Mauricio Mayer, Miguel Can\u00e9, Miguel Riglos, Parera, Puelches, Puel\u00e9n, Quehu\u00e9, Quem\u00fa Quem\u00fa, Rancul, Realic\u00f3, Santa Isabel, Santa Rosa, Santa Teresa, Tel\u00e9n, Toay, Tom\u00e1s Manuel de Anchorena, Trenel, 25 de Mayo, V\u00e9rtiz, Villa Mirasol, Winifreda.&nbsp;<\/p>\n\n\n\n<p>Adem\u00e1s ir\u00e1 con nombres propios en 10 comisiones de fomento (Adolfo Van Praet, Agustoni, Colonia Santa Mar\u00eda, Cuchillo Co, Limay Mahuida, Maisonnave, Relmo, Sarah, Speluzzi y Unanue) y presentar\u00e1 solamente listas para concejales en Lonquimay, Luan Toro, Metileo y Rol\u00f3n.<\/p>\n\n\n\n<p>Como curiosidades, en los municipios de Conhello, Lonquimay, Luan Toro, Metileo, Rol\u00f3n y Uriburu y en las comisiones de fomento de Chacharramendi, La Reforma, Loventuel, Per\u00fa, Pichi Huinca y Rucanelo solo habr\u00e1 boletas del Frejupa para intendentes\/as y presidentes\/as; en General Campos y Santa Teresa y en la comisi\u00f3n de fomento de Unanue solamente se presentar\u00e1 Juntos por el Cambio para esos cargos; y en Quetrequ\u00e9n y Falucho solo estar\u00e1n las boletas de las juntas locales.<\/p>\n\n\n\n<p><strong>Vecinalistas<\/strong><\/p>\n\n\n\n<p>Por otro lado, el 14 de mayo ir\u00e1n a las urnas nueve partidos y alianzas vecinalistas: Uni\u00f3n Vecinal por el Pueblo y Todos por Coronel Hilario Lagos (Coronel Hilario Lagos), Movimiento Popular Veinticinque\u00f1o \u201cJuntos por 25\u201d (25 de Mayo), Uni\u00f3n por Monte Nievas (Monte Nievas), Punto de Uni\u00f3n Doblense (Doblas), Alianza Victorica Electoral y Program\u00e1tica (Victorica), Junta Vecinal \u201cQuetrequ\u00e9n Somos Todos\u201d (Quetrequ\u00e9n) y Junta Vecinal de Falucho (Falucho). En General Acha, la Uni\u00f3n Vecinalista Achense presentar\u00e1 listas para concejales\/as y juez\/a de paz.<\/p>\n\n\n\n<p>A su vez, el Frente de Izquierda y Desde el Pie tendr\u00e1 listas para cargos municipales en Santa Rosa y General Pico; el Mofepa en Santa Rosa; el Partido Libertario en Santa Rosa (y solo concejales\/as en Toay); y Comunidad Organizada en Carro Quemado, Catril\u00f3, General Pico, Metileo, Puel\u00e9n, Santa Rosa y Toay. Tambi\u00e9n ir\u00e1 con candidatos propios para las comisiones de fomento de Cuchillo Co, Relmo y Speluzzi y para concejales\/as en Doblas y Victorica.<\/p>\n\n\n\n<p><strong>Extranjeros<\/strong><\/p>\n\n\n\n<p>Con motivo de las elecciones del 14 de mayo se encuentra vigente la ley provincial 1197, que otorga el derecho a votar a los extranjeros para los cargos de autoridades municipales y de comisiones de fomento y jueces y juezas de paz.<\/p>\n\n\n\n<p>Oportunamente el Tribunal Electoral inform\u00f3 que estaba abierto el Registro Provincial de Electores Extranjeros para los interesados en participar de los comicios, quienes tramitaro|n su inscripci\u00f3n ante el Registro Civil y de Capacidad de las Personas o el Juzgado de Paz correspondiente a sus domicilios.<\/p>\n\n\n\n<p>Por consiguiente, hoy vencer\u00e1 el plazo se la exhibici\u00f3n de los padrones provisorios de extranjeros en los en los registros civiles, juzgados de paz, municipalidades y comisiones de fomento, a fin de que los interesados realicen los reclamos que puedan corresponder.\u200b<\/p>\n<div class=\"sharedaddy sd-sharing-enabled\"><div class=\"robots-nocontent sd-block sd-social sd-social-icon sd-sharing\"><h3 class=\"sd-title\">Comparte esto:<\/h3><div class=\"sd-content\"><ul><li class=\"share-twitter\"><a rel=\"nofollow noopener noreferrer\" data-shared=\"sharing-twitter-36131\" class=\"share-twitter sd-button share-icon no-text\" href=\"http:\/\/www.rtvnoticias.com.ar\/?p=36131&amp;share=twitter\" target=\"_blank\" title=\"Haz clic para compartir en Twitter\"><span><\/span><span class=\"sharing-screen-reader-text\">Haz clic para compartir en Twitter (Se abre en una ventana nueva)<\/span><\/a><\/li><li class=\"share-facebook\"><a rel=\"nofollow noopener noreferrer\" data-shared=\"sharing-facebook-36131\" class=\"share-facebook sd-button share-icon no-text\" href=\"http:\/\/www.rtvnoticias.com.ar\/?p=36131&amp;share=facebook\" target=\"_blank\" title=\"Haz clic para compartir en Facebook\"><span><\/span><span class=\"sharing-screen-reader-text\">Haz clic para compartir en Facebook (Se abre en una ventana nueva)<\/span><\/a><\/li><li class=\"share-jetpack-whatsapp\"><a rel=\"nofollow noopener noreferrer\" data-shared=\"\" class=\"share-jetpack-whatsapp sd-button share-icon no-text\" href=\"http:\/\/www.rtvnoticias.com.ar\/?p=36131&amp;share=jetpack-whatsapp\" target=\"_blank\" title=\"Haz clic para compartir en WhatsApp\"><span><\/span><span class=\"sharing-screen-reader-text\">Haz clic para compartir en WhatsApp (Se abre en una ventana nueva)<\/span><\/a><\/li><li class=\"share-telegram\"><a rel=\"nofollow noopener noreferrer\" data-shared=\"\" class=\"share-telegram sd-button share-icon no-text\" href=\"http:\/\/www.rtvnoticias.com.ar\/?p=36131&amp;share=telegram\" target=\"_blank\" title=\"Haz clic para compartir en Telegram\"><span><\/span><span class=\"sharing-screen-reader-text\">Haz clic para compartir en Telegram (Se abre en una ventana nueva)<\/span><\/a><\/li><li class=\"share-end\"><\/li><\/ul><\/div><\/div><\/div>","protected":false},"excerpt":{"rendered":"<p>El Tribunal Electoral de la Provincia de La Pampa (TEP) oficializ\u00f3 las listas de candidatos\/as que participar\u00e1n de las elecciones provinciales del domingo 14 mayo,<\/p>\n<div class=\"sharedaddy sd-sharing-enabled\"><div class=\"robots-nocontent sd-block sd-social sd-social-icon sd-sharing\"><h3 class=\"sd-title\">Comparte esto:<\/h3><div class=\"sd-content\"><ul><li class=\"share-twitter\"><a rel=\"nofollow noopener noreferrer\" data-shared=\"sharing-twitter-36131\" class=\"share-twitter sd-button share-icon no-text\" href=\"http:\/\/www.rtvnoticias.com.ar\/?p=36131&amp;share=twitter\" target=\"_blank\" title=\"Haz clic para compartir en Twitter\"><span><\/span><span class=\"sharing-screen-reader-text\">Haz clic para compartir en Twitter (Se abre en una ventana nueva)<\/span><\/a><\/li><li class=\"share-facebook\"><a rel=\"nofollow noopener noreferrer\" data-shared=\"sharing-facebook-36131\" class=\"share-facebook sd-button share-icon no-text\" href=\"http:\/\/www.rtvnoticias.com.ar\/?p=36131&amp;share=facebook\" target=\"_blank\" title=\"Haz clic para compartir en Facebook\"><span><\/span><span class=\"sharing-screen-reader-text\">Haz clic para compartir en Facebook (Se abre en una ventana nueva)<\/span><\/a><\/li><li class=\"share-jetpack-whatsapp\"><a rel=\"nofollow noopener noreferrer\" data-shared=\"\" class=\"share-jetpack-whatsapp sd-button share-icon no-text\" href=\"http:\/\/www.rtvnoticias.com.ar\/?p=36131&amp;share=jetpack-whatsapp\" target=\"_blank\" title=\"Haz clic para compartir en WhatsApp\"><span><\/span><span class=\"sharing-screen-reader-text\">Haz clic para compartir en WhatsApp (Se abre en una ventana nueva)<\/span><\/a><\/li><li class=\"share-telegram\"><a rel=\"nofollow noopener noreferrer\" data-shared=\"\" class=\"share-telegram sd-button share-icon no-text\" href=\"http:\/\/www.rtvnoticias.com.ar\/?p=36131&amp;share=telegram\" target=\"_blank\" title=\"Haz clic para compartir en Telegram\"><span><\/span><span class=\"sharing-screen-reader-text\">Haz clic para compartir en Telegram (Se abre en una ventana nueva)<\/span><\/a><\/li><li class=\"share-end\"><\/li><\/ul><\/div><\/div><\/div>","protected":false},"author":7,"featured_media":14077,"comment_status":"closed","ping_status":"closed","sticky":false,"template":"","format":"standard","meta":{"spay_email":"","jetpack_publicize_message":"","jetpack_is_tweetstorm":false,"jetpack_publicize_feature_enabled":true},"categories":[4],"tags":[],"jetpack_featured_media_url":"http:\/\/www.rtvnoticias.com.ar\/wp-content\/uploads\/2019\/08\/1551563920541elecciones-urna.jpg","jetpack_publicize_connections":[],"jetpack_sharing_enabled":true,"_links":{"self":[{"href":"http:\/\/www.rtvnoticias.com.ar\/index.php?rest_route=\/wp\/v2\/posts\/36131"}],"collection":[{"href":"http:\/\/www.rtvnoticias.com.ar\/index.php?rest_route=\/wp\/v2\/posts"}],"about":[{"href":"http:\/\/www.rtvnoticias.com.ar\/index.php?rest_route=\/wp\/v2\/types\/post"}],"author":[{"embeddable":true,"href":"http:\/\/www.rtvnoticias.com.ar\/index.php?rest_route=\/wp\/v2\/users\/7"}],"replies":[{"embeddable":true,"href":"http:\/\/www.rtvnoticias.com.ar\/index.php?rest_route=%2Fwp%2Fv2%2Fcomments&post=36131"}],"version-history":[{"count":1,"href":"http:\/\/www.rtvnoticias.com.ar\/index.php?rest_route=\/wp\/v2\/posts\/36131\/revisions"}],"predecessor-version":[{"id":36132,"href":"http:\/\/www.rtvnoticias.com.ar\/index.php?rest_route=\/wp\/v2\/posts\/36131\/revisions\/36132"}],"wp:featuredmedia":[{"embeddable":true,"href":"http:\/\/www.rtvnoticias.com.ar\/index.php?rest_route=\/wp\/v2\/media\/14077"}],"wp:attachment":[{"href":"http:\/\/www.rtvnoticias.com.ar\/index.php?rest_route=%2Fwp%2Fv2%2Fmedia&parent=36131"}],"wp:term":[{"taxonomy":"category","embeddable":true,"href":"http:\/\/www.rtvnoticias.com.ar\/index.php?rest_route=%2Fwp%2Fv2%2Fcategories&post=36131"},{"taxonomy":"post_tag","embeddable":true,"href":"http:\/\/www.rtvnoticias.com.ar\/index.php?rest_route=%2Fwp%2Fv2%2Ftags&post=36131"}],"curies":[{"name":"wp","href":"https:\/\/api.w.org\/{rel}","templated":true}]}}