{"id":36133,"date":"2023-04-04T19:48:25","date_gmt":"2023-04-04T22:48:25","guid":{"rendered":"http:\/\/www.rtvnoticias.com.ar\/?p=36133"},"modified":"2023-04-04T19:48:28","modified_gmt":"2023-04-04T22:48:28","slug":"la-municipalidad-entrego-43-cascos-la-idea-es-seguir-generando-conciencia","status":"publish","type":"post","link":"http:\/\/www.rtvnoticias.com.ar\/?p=36133","title":{"rendered":"La Municipalidad entreg\u00f3 43 cascos: \u00abLa idea es seguir generando conciencia\u00bb"},"content":{"rendered":"\n<p>La Municipalidad de General Pico, a trav\u00e9s de la Direcci\u00f3n de Prevenci\u00f3n y Convivencia Ciudadana, realiz\u00f3 esta ma\u00f1ana en MEDANO la entrega de 43 cascos y kits de seguridad en el marco del Programa Federal de Cascos y Equipamiento Reflectivo. La iniciativa parte de un convenio firmado entre el municipio local y la Agencia Nacional de Seguridad Vial.<\/p>\n\n\n\n<p>Adem\u00e1s de recibir estos elementos, las y los beneficiarios fueron capacitados previamente en conducci\u00f3n segura. Con ello, se busca concientizar y fomentar el uso del casco protector, orientado a j\u00f3venes motociclistas que obtienen sus primeras licencias, moto delivery, conductores que hayan sido detenidos en operativos de tr\u00e1nsito por no cumplir las normativas viales, entre otros.<\/p>\n\n\n\n<p>Estuvieron presentes la intendenta Fernanda Alonso, el secretario de Gobierno, Seguridad, Educaci\u00f3n y Cultura, Nicol\u00e1s Mendoza; el juez de faltas, Eduardo Lettieri; el director de Prevenci\u00f3n y Convivencia Ciudadana, Pablo Gandino; la directora de Programas Educativos, Gabriela Ram\u00edrez; el subdirector de Tr\u00e1nsito, Rub\u00e9n Iglesias; representantes de la Polic\u00eda, dem\u00e1s autoridades.<\/p>\n\n\n\n<p>El director de Prevenci\u00f3n y Convivencia Ciudadana se refiri\u00f3 a ello: \u201cEsta es la primera entrega de cascos de este a\u00f1o y la quinta en lo que va desde que se produjo la firma del convenio por el programa Conducci\u00f3n Segura de Motocicletas. Para ello, obtuvimos una gran cantidad de estos elementos\u201d.<\/p>\n\n\n\n<p>Asever\u00f3 que en el transcurso de las distintas jornadas \u201cse distribuyeron m\u00e1s de 170 cascos, con 43 el d\u00eda de hoy\u201d.<\/p>\n\n\n\n<p>Explic\u00f3 que el curso que se dicta previamente al acto formal, \u201ctiene como objetivo reforzar las normas viales y otras estrategias para que las personas, al manejar, tengan m\u00e1s herramientas\u201d.<\/p>\n\n\n\n<p>Con respecto a futuras actividades de esta \u00edndole, se\u00f1al\u00f3: \u201cEl programa tiene una determinada cantidad de cascos y nos queda una tanda m\u00e1s peque\u00f1a para entregar. La idea es seguir trabajando sobre esta tem\u00e1tica, generando conciencia sobre su uso, que nos puede salvar la vida\u201d.<\/p>\n<div class=\"sharedaddy sd-sharing-enabled\"><div class=\"robots-nocontent sd-block sd-social sd-social-icon sd-sharing\"><h3 class=\"sd-title\">Comparte esto:<\/h3><div class=\"sd-content\"><ul><li class=\"share-twitter\"><a rel=\"nofollow noopener noreferrer\" data-shared=\"sharing-twitter-36133\" class=\"share-twitter sd-button share-icon no-text\" href=\"http:\/\/www.rtvnoticias.com.ar\/?p=36133&amp;share=twitter\" target=\"_blank\" title=\"Haz clic para compartir en Twitter\"><span><\/span><span class=\"sharing-screen-reader-text\">Haz clic para compartir en Twitter (Se abre en una ventana nueva)<\/span><\/a><\/li><li class=\"share-facebook\"><a rel=\"nofollow noopener noreferrer\" data-shared=\"sharing-facebook-36133\" class=\"share-facebook sd-button share-icon no-text\" href=\"http:\/\/www.rtvnoticias.com.ar\/?p=36133&amp;share=facebook\" target=\"_blank\" title=\"Haz clic para compartir en Facebook\"><span><\/span><span class=\"sharing-screen-reader-text\">Haz clic para compartir en Facebook (Se abre en una ventana nueva)<\/span><\/a><\/li><li class=\"share-jetpack-whatsapp\"><a rel=\"nofollow noopener noreferrer\" data-shared=\"\" class=\"share-jetpack-whatsapp sd-button share-icon no-text\" href=\"http:\/\/www.rtvnoticias.com.ar\/?p=36133&amp;share=jetpack-whatsapp\" target=\"_blank\" title=\"Haz clic para compartir en WhatsApp\"><span><\/span><span class=\"sharing-screen-reader-text\">Haz clic para compartir en WhatsApp (Se abre en una ventana nueva)<\/span><\/a><\/li><li class=\"share-telegram\"><a rel=\"nofollow noopener noreferrer\" data-shared=\"\" class=\"share-telegram sd-button share-icon no-text\" href=\"http:\/\/www.rtvnoticias.com.ar\/?p=36133&amp;share=telegram\" target=\"_blank\" title=\"Haz clic para compartir en Telegram\"><span><\/span><span class=\"sharing-screen-reader-text\">Haz clic para compartir en Telegram (Se abre en una ventana nueva)<\/span><\/a><\/li><li class=\"share-end\"><\/li><\/ul><\/div><\/div><\/div>","protected":false},"excerpt":{"rendered":"<p>La Municipalidad de General Pico, a trav\u00e9s de la Direcci\u00f3n de Prevenci\u00f3n y Convivencia Ciudadana, realiz\u00f3 esta ma\u00f1ana en MEDANO la entrega de 43 cascos<\/p>\n<div class=\"sharedaddy sd-sharing-enabled\"><div class=\"robots-nocontent sd-block sd-social sd-social-icon sd-sharing\"><h3 class=\"sd-title\">Comparte esto:<\/h3><div class=\"sd-content\"><ul><li class=\"share-twitter\"><a rel=\"nofollow noopener noreferrer\" data-shared=\"sharing-twitter-36133\" class=\"share-twitter sd-button share-icon no-text\" href=\"http:\/\/www.rtvnoticias.com.ar\/?p=36133&amp;share=twitter\" target=\"_blank\" title=\"Haz clic para compartir en Twitter\"><span><\/span><span class=\"sharing-screen-reader-text\">Haz clic para compartir en Twitter (Se abre en una ventana nueva)<\/span><\/a><\/li><li class=\"share-facebook\"><a rel=\"nofollow noopener noreferrer\" data-shared=\"sharing-facebook-36133\" class=\"share-facebook sd-button share-icon no-text\" href=\"http:\/\/www.rtvnoticias.com.ar\/?p=36133&amp;share=facebook\" target=\"_blank\" title=\"Haz clic para compartir en Facebook\"><span><\/span><span class=\"sharing-screen-reader-text\">Haz clic para compartir en Facebook (Se abre en una ventana nueva)<\/span><\/a><\/li><li class=\"share-jetpack-whatsapp\"><a rel=\"nofollow noopener noreferrer\" data-shared=\"\" class=\"share-jetpack-whatsapp sd-button share-icon no-text\" href=\"http:\/\/www.rtvnoticias.com.ar\/?p=36133&amp;share=jetpack-whatsapp\" target=\"_blank\" title=\"Haz clic para compartir en WhatsApp\"><span><\/span><span class=\"sharing-screen-reader-text\">Haz clic para compartir en WhatsApp (Se abre en una ventana nueva)<\/span><\/a><\/li><li class=\"share-telegram\"><a rel=\"nofollow noopener noreferrer\" data-shared=\"\" class=\"share-telegram sd-button share-icon no-text\" href=\"http:\/\/www.rtvnoticias.com.ar\/?p=36133&amp;share=telegram\" target=\"_blank\" title=\"Haz clic para compartir en Telegram\"><span><\/span><span class=\"sharing-screen-reader-text\">Haz clic para compartir en Telegram (Se abre en una ventana nueva)<\/span><\/a><\/li><li class=\"share-end\"><\/li><\/ul><\/div><\/div><\/div>","protected":false},"author":7,"featured_media":36134,"comment_status":"closed","ping_status":"closed","sticky":false,"template":"","format":"standard","meta":{"spay_email":"","jetpack_publicize_message":"","jetpack_is_tweetstorm":false,"jetpack_publicize_feature_enabled":true},"categories":[3],"tags":[],"jetpack_featured_media_url":"http:\/\/www.rtvnoticias.com.ar\/wp-content\/uploads\/2023\/04\/cascos.jpg","jetpack_publicize_connections":[],"jetpack_sharing_enabled":true,"_links":{"self":[{"href":"http:\/\/www.rtvnoticias.com.ar\/index.php?rest_route=\/wp\/v2\/posts\/36133"}],"collection":[{"href":"http:\/\/www.rtvnoticias.com.ar\/index.php?rest_route=\/wp\/v2\/posts"}],"about":[{"href":"http:\/\/www.rtvnoticias.com.ar\/index.php?rest_route=\/wp\/v2\/types\/post"}],"author":[{"embeddable":true,"href":"http:\/\/www.rtvnoticias.com.ar\/index.php?rest_route=\/wp\/v2\/users\/7"}],"replies":[{"embeddable":true,"href":"http:\/\/www.rtvnoticias.com.ar\/index.php?rest_route=%2Fwp%2Fv2%2Fcomments&post=36133"}],"version-history":[{"count":1,"href":"http:\/\/www.rtvnoticias.com.ar\/index.php?rest_route=\/wp\/v2\/posts\/36133\/revisions"}],"predecessor-version":[{"id":36135,"href":"http:\/\/www.rtvnoticias.com.ar\/index.php?rest_route=\/wp\/v2\/posts\/36133\/revisions\/36135"}],"wp:featuredmedia":[{"embeddable":true,"href":"http:\/\/www.rtvnoticias.com.ar\/index.php?rest_route=\/wp\/v2\/media\/36134"}],"wp:attachment":[{"href":"http:\/\/www.rtvnoticias.com.ar\/index.php?rest_route=%2Fwp%2Fv2%2Fmedia&parent=36133"}],"wp:term":[{"taxonomy":"category","embeddable":true,"href":"http:\/\/www.rtvnoticias.com.ar\/index.php?rest_route=%2Fwp%2Fv2%2Fcategories&post=36133"},{"taxonomy":"post_tag","embeddable":true,"href":"http:\/\/www.rtvnoticias.com.ar\/index.php?rest_route=%2Fwp%2Fv2%2Ftags&post=36133"}],"curies":[{"name":"wp","href":"https:\/\/api.w.org\/{rel}","templated":true}]}}