{"id":36136,"date":"2023-04-06T08:59:56","date_gmt":"2023-04-06T11:59:56","guid":{"rendered":"http:\/\/www.rtvnoticias.com.ar\/?p=36136"},"modified":"2023-04-06T08:59:59","modified_gmt":"2023-04-06T11:59:59","slug":"anunciaron-actividades-por-el-60o-aniversario-del-colegio-de-farmaceuticos-la-pampa","status":"publish","type":"post","link":"http:\/\/www.rtvnoticias.com.ar\/?p=36136","title":{"rendered":"Anunciaron actividades por el 60\u00ba Aniversario del Colegio de Farmac\u00e9uticos La Pampa"},"content":{"rendered":"\n<p>El Colegio Farmac\u00e9utico de la provincia de La Pampa anunci\u00f3 diversas actividades que realizar\u00e1 a lo largo de 2023 en el marco de su 60\u00ba aniversario.<\/p>\n\n\n\n<p>Los 60 a\u00f1os se cumplieron el 16 de enero pasado, dado que en 1963 un grupo de farmac\u00e9uticos y de id\u00f3neos se reuni\u00f3 con la intenci\u00f3n de avanzar en la creaci\u00f3n de una instituci\u00f3n que mancomunara esfuerzos en defensa de la profesi\u00f3n. El objetivo era \u201ctrabajar de forma conjunta para dar un mejor servicio profesional a la comunidad\u201d, tal como qued\u00f3 establecido en el Acta fundacional.<\/p>\n\n\n\n<figure class=\"wp-block-image\"><img decoding=\"async\" src=\"https:\/\/i1.wp.com\/www.radio37.com.ar\/wp-content\/uploads\/2023\/04\/farm.jpg?fit=920%2C617\" alt=\"\" class=\"wp-image-34202\"\/><\/figure>\n\n\n\n<p>El presidente de la entidad, Miguel Osio, encabez\u00f3 el acto en el que se presentaron los botiquines que ser\u00e1n donados a los colegios de la provincia donde farmac\u00e9uticos y farmac\u00e9uticas ejercen la docencia. Esta actividad busca destacar la importancia que ha tenido el farmac\u00e9utico en la docencia secundaria en los pueblos, donde han dado respuesta a la demanda de la comunidad.<\/p>\n\n\n\n<p>En el evento \u2013que se realiz\u00f3 en el renovado sal\u00f3n de actos \u201cN\u00e9stor C. Bagliani\u201d- se descubrieron adem\u00e1s las placas con los nombres de directivos de estos sesenta a\u00f1os y de la Comisi\u00f3n Directiva actual, y se present\u00f3 la renovada galer\u00eda de fotos de quienes presidieron el Colegio.<\/p>\n\n\n\n<p>La Caja de Previsi\u00f3n Profesional de La Pampa -entidad que agrupa a m\u00e1s de 5.600 profesionales activos, entre ellos farmac\u00e9uticos y farmac\u00e9uticas- entreg\u00f3 una placa de reconocimiento por las seis d\u00e9cadas de historia.<\/p>\n\n\n\n<figure class=\"wp-block-image\"><img decoding=\"async\" src=\"https:\/\/i0.wp.com\/www.radio37.com.ar\/wp-content\/uploads\/2023\/04\/farm1.jpg?fit=920%2C613\" alt=\"\" class=\"wp-image-34203\"\/><\/figure>\n\n\n\n<p>Se anunci\u00f3 tambi\u00e9n una charla p\u00fablica que brindar\u00e1 Carlos Sandoval, director ejecutivo de Federaci\u00f3n Farmac\u00e9utica-FEFARA- y especialista en econom\u00eda de la farmacia comunitaria. Por otra parte, se adelantaron los actos institucionales que se realizar\u00e1n en General Pico (3 de junio) y en Santa Rosa (10 de junio): en sendos eventos se entregar\u00e1n diplomas a directivos anteriores y actuales, y obsequios y diplomas a ex presidentes, empleados y empleadas, asesores, farmacias que tienen m\u00e1s de cien a\u00f1os y a farmac\u00e9uticos docentes. En ambas oportunidades habr\u00e1 un show musical y un \u00e1gape.<\/p>\n\n\n\n<p>Osio agreg\u00f3 que se har\u00e1 una publicaci\u00f3n conmemorativa de los 60 a\u00f1os, con el repaso de todos los eventos que se realicen durante este a\u00f1o, y que se brindar\u00e1 el curso \u201cAtenci\u00f3n farmac\u00e9utica de adultos mayores\u201d, en conjunto con la Direcci\u00f3n de Adultos Mayores del Ministerio de Desarrollo Social. Finalmente, anunci\u00f3 que los festejos cerrar\u00e1n en octubre con una importante fiesta (cena-show) que incluir\u00e1 un espect\u00e1culo musical y otras actividades.<\/p>\n<div class=\"sharedaddy sd-sharing-enabled\"><div class=\"robots-nocontent sd-block sd-social sd-social-icon sd-sharing\"><h3 class=\"sd-title\">Comparte esto:<\/h3><div class=\"sd-content\"><ul><li class=\"share-twitter\"><a rel=\"nofollow noopener noreferrer\" data-shared=\"sharing-twitter-36136\" class=\"share-twitter sd-button share-icon no-text\" href=\"http:\/\/www.rtvnoticias.com.ar\/?p=36136&amp;share=twitter\" target=\"_blank\" title=\"Haz clic para compartir en Twitter\"><span><\/span><span class=\"sharing-screen-reader-text\">Haz clic para compartir en Twitter (Se abre en una ventana nueva)<\/span><\/a><\/li><li class=\"share-facebook\"><a rel=\"nofollow noopener noreferrer\" data-shared=\"sharing-facebook-36136\" class=\"share-facebook sd-button share-icon no-text\" href=\"http:\/\/www.rtvnoticias.com.ar\/?p=36136&amp;share=facebook\" target=\"_blank\" title=\"Haz clic para compartir en Facebook\"><span><\/span><span class=\"sharing-screen-reader-text\">Haz clic para compartir en Facebook (Se abre en una ventana nueva)<\/span><\/a><\/li><li class=\"share-jetpack-whatsapp\"><a rel=\"nofollow noopener noreferrer\" data-shared=\"\" class=\"share-jetpack-whatsapp sd-button share-icon no-text\" href=\"http:\/\/www.rtvnoticias.com.ar\/?p=36136&amp;share=jetpack-whatsapp\" target=\"_blank\" title=\"Haz clic para compartir en WhatsApp\"><span><\/span><span class=\"sharing-screen-reader-text\">Haz clic para compartir en WhatsApp (Se abre en una ventana nueva)<\/span><\/a><\/li><li class=\"share-telegram\"><a rel=\"nofollow noopener noreferrer\" data-shared=\"\" class=\"share-telegram sd-button share-icon no-text\" href=\"http:\/\/www.rtvnoticias.com.ar\/?p=36136&amp;share=telegram\" target=\"_blank\" title=\"Haz clic para compartir en Telegram\"><span><\/span><span class=\"sharing-screen-reader-text\">Haz clic para compartir en Telegram (Se abre en una ventana nueva)<\/span><\/a><\/li><li class=\"share-end\"><\/li><\/ul><\/div><\/div><\/div>","protected":false},"excerpt":{"rendered":"<p>El Colegio Farmac\u00e9utico de la provincia de La Pampa anunci\u00f3 diversas actividades que realizar\u00e1 a lo largo de 2023 en el marco de su 60\u00ba<\/p>\n<div class=\"sharedaddy sd-sharing-enabled\"><div class=\"robots-nocontent sd-block sd-social sd-social-icon sd-sharing\"><h3 class=\"sd-title\">Comparte esto:<\/h3><div class=\"sd-content\"><ul><li class=\"share-twitter\"><a rel=\"nofollow noopener noreferrer\" data-shared=\"sharing-twitter-36136\" class=\"share-twitter sd-button share-icon no-text\" href=\"http:\/\/www.rtvnoticias.com.ar\/?p=36136&amp;share=twitter\" target=\"_blank\" title=\"Haz clic para compartir en Twitter\"><span><\/span><span class=\"sharing-screen-reader-text\">Haz clic para compartir en Twitter (Se abre en una ventana nueva)<\/span><\/a><\/li><li class=\"share-facebook\"><a rel=\"nofollow noopener noreferrer\" data-shared=\"sharing-facebook-36136\" class=\"share-facebook sd-button share-icon no-text\" href=\"http:\/\/www.rtvnoticias.com.ar\/?p=36136&amp;share=facebook\" target=\"_blank\" title=\"Haz clic para compartir en Facebook\"><span><\/span><span class=\"sharing-screen-reader-text\">Haz clic para compartir en Facebook (Se abre en una ventana nueva)<\/span><\/a><\/li><li class=\"share-jetpack-whatsapp\"><a rel=\"nofollow noopener noreferrer\" data-shared=\"\" class=\"share-jetpack-whatsapp sd-button share-icon no-text\" href=\"http:\/\/www.rtvnoticias.com.ar\/?p=36136&amp;share=jetpack-whatsapp\" target=\"_blank\" title=\"Haz clic para compartir en WhatsApp\"><span><\/span><span class=\"sharing-screen-reader-text\">Haz clic para compartir en WhatsApp (Se abre en una ventana nueva)<\/span><\/a><\/li><li class=\"share-telegram\"><a rel=\"nofollow noopener noreferrer\" data-shared=\"\" class=\"share-telegram sd-button share-icon no-text\" href=\"http:\/\/www.rtvnoticias.com.ar\/?p=36136&amp;share=telegram\" target=\"_blank\" title=\"Haz clic para compartir en Telegram\"><span><\/span><span class=\"sharing-screen-reader-text\">Haz clic para compartir en Telegram (Se abre en una ventana nueva)<\/span><\/a><\/li><li class=\"share-end\"><\/li><\/ul><\/div><\/div><\/div>","protected":false},"author":7,"featured_media":36152,"comment_status":"closed","ping_status":"closed","sticky":false,"template":"","format":"standard","meta":{"spay_email":"","jetpack_publicize_message":"","jetpack_is_tweetstorm":false,"jetpack_publicize_feature_enabled":true},"categories":[1],"tags":[],"jetpack_featured_media_url":"http:\/\/www.rtvnoticias.com.ar\/wp-content\/uploads\/2023\/04\/farm2.jpg","jetpack_publicize_connections":[],"jetpack_sharing_enabled":true,"_links":{"self":[{"href":"http:\/\/www.rtvnoticias.com.ar\/index.php?rest_route=\/wp\/v2\/posts\/36136"}],"collection":[{"href":"http:\/\/www.rtvnoticias.com.ar\/index.php?rest_route=\/wp\/v2\/posts"}],"about":[{"href":"http:\/\/www.rtvnoticias.com.ar\/index.php?rest_route=\/wp\/v2\/types\/post"}],"author":[{"embeddable":true,"href":"http:\/\/www.rtvnoticias.com.ar\/index.php?rest_route=\/wp\/v2\/users\/7"}],"replies":[{"embeddable":true,"href":"http:\/\/www.rtvnoticias.com.ar\/index.php?rest_route=%2Fwp%2Fv2%2Fcomments&post=36136"}],"version-history":[{"count":1,"href":"http:\/\/www.rtvnoticias.com.ar\/index.php?rest_route=\/wp\/v2\/posts\/36136\/revisions"}],"predecessor-version":[{"id":36153,"href":"http:\/\/www.rtvnoticias.com.ar\/index.php?rest_route=\/wp\/v2\/posts\/36136\/revisions\/36153"}],"wp:featuredmedia":[{"embeddable":true,"href":"http:\/\/www.rtvnoticias.com.ar\/index.php?rest_route=\/wp\/v2\/media\/36152"}],"wp:attachment":[{"href":"http:\/\/www.rtvnoticias.com.ar\/index.php?rest_route=%2Fwp%2Fv2%2Fmedia&parent=36136"}],"wp:term":[{"taxonomy":"category","embeddable":true,"href":"http:\/\/www.rtvnoticias.com.ar\/index.php?rest_route=%2Fwp%2Fv2%2Fcategories&post=36136"},{"taxonomy":"post_tag","embeddable":true,"href":"http:\/\/www.rtvnoticias.com.ar\/index.php?rest_route=%2Fwp%2Fv2%2Ftags&post=36136"}],"curies":[{"name":"wp","href":"https:\/\/api.w.org\/{rel}","templated":true}]}}