{"id":36142,"date":"2023-04-05T10:36:40","date_gmt":"2023-04-05T13:36:40","guid":{"rendered":"http:\/\/www.rtvnoticias.com.ar\/?p=36142"},"modified":"2023-04-05T10:36:43","modified_gmt":"2023-04-05T13:36:43","slug":"continuan-abiertas-la-inscripciones-para-el-iv-congreso-nacional-saplat","status":"publish","type":"post","link":"http:\/\/www.rtvnoticias.com.ar\/?p=36142","title":{"rendered":"Contin\u00faan abiertas la inscripciones para el IV Congreso Nacional SAPLAT"},"content":{"rendered":"\n<p>General Pico albergar\u00e1 del 26 al 28 de abril el IV Congreso Nacional que organiza la Sociedad Argentina de Planificaci\u00f3n Territorial. La actividad, que tendr\u00e1 lugar en MEDANO, se llevar\u00e1 adelante gracias al acompa\u00f1amiento de la Municipalidad local y el Gobierno de La Pampa.<\/p>\n\n\n\n<p>La Regional Centro de SAPLAT, que integran C\u00f3rdoba y La Pampa, convoca a participar de este evento, que en formato presencial\/virtual volver\u00e1 a dar lugar al mayor encuentro multidisciplinar y federal, dirigido a debatir e intercambiar experiencias, consensuar ideas, abordar conflictos interjurisdiccionales e incidir en las agendas p\u00fablicas.&nbsp;<\/p>\n\n\n\n<p>El IV Congreso se llevar\u00e1 a cabo bajo el lema \u201cConstruyendo la agenda de Planificaci\u00f3n Territorial post pandemia\u201d, abarcando el an\u00e1lisis desde la crisis ambiental y sanitaria a la crisis econ\u00f3mica, energ\u00e9tica y alimentaria, bajo cinco ejes tem\u00e1ticos: Gesti\u00f3n territorial, gobernabilidad y gobernanza; marco jur\u00eddico de la Planificaci\u00f3n Urbana y del Ordenamiento Territorial y Ambiental; pol\u00edticas para el h\u00e1bitat, acceso a la vivienda y gesti\u00f3n del suelo; abordaje ambiental de la Planificaci\u00f3n Territorial y la Planificaci\u00f3n y Gesti\u00f3n P\u00fablica del transporte y la movilidad.<\/p>\n\n\n\n<p><br>Cabe mencionar que se encuentra abierto el \u00faltimo plazo de inscripci\u00f3n tanto para socios, no socios como para estudiantes interesados en ser parte del encuentro. Esta etapa se extender\u00e1 hasta el 26 de abril.<\/p>\n\n\n\n<p>Para efectivizar el registro en el mencionado evento, se deben concretar dos pasos. En primer lugar, transferir el monto correspondiente y, una vez concluido, responder el formulario de inscripci\u00f3n pertinente. Para ello, las y los interesados deben ingresar al siguiente enlace<a href=\"https:\/\/saplat.org.ar\/congresos\/inscripcion\/\" target=\"_blank\" rel=\"noreferrer noopener\"> <\/a><a href=\"https:\/\/saplat.org.ar\/congresos\/inscripcion\/\" target=\"_blank\" rel=\"noreferrer noopener\">https:\/\/saplat.org.ar\/congresos\/inscripcion\/<\/a>.<br>Quienes deseen obtener mayor informaci\u00f3n sobre el Congreso, las bases de presentaci\u00f3n y aranceles de inscripci\u00f3n y programa editorial visite nuestra web<a href=\"https:\/\/saplat.org.ar\/\" target=\"_blank\" rel=\"noreferrer noopener\"> https:\/\/saplat.org.ar\/<\/a> o cont\u00e1ctenos a <a href=\"mailto:congreso@saplat.org.ar\" target=\"_blank\" rel=\"noreferrer noopener\">congreso@saplat.org.ar<\/a>.<\/p>\n<div class=\"sharedaddy sd-sharing-enabled\"><div class=\"robots-nocontent sd-block sd-social sd-social-icon sd-sharing\"><h3 class=\"sd-title\">Comparte esto:<\/h3><div class=\"sd-content\"><ul><li class=\"share-twitter\"><a rel=\"nofollow noopener noreferrer\" data-shared=\"sharing-twitter-36142\" class=\"share-twitter sd-button share-icon no-text\" href=\"http:\/\/www.rtvnoticias.com.ar\/?p=36142&amp;share=twitter\" target=\"_blank\" title=\"Haz clic para compartir en Twitter\"><span><\/span><span class=\"sharing-screen-reader-text\">Haz clic para compartir en Twitter (Se abre en una ventana nueva)<\/span><\/a><\/li><li class=\"share-facebook\"><a rel=\"nofollow noopener noreferrer\" data-shared=\"sharing-facebook-36142\" class=\"share-facebook sd-button share-icon no-text\" href=\"http:\/\/www.rtvnoticias.com.ar\/?p=36142&amp;share=facebook\" target=\"_blank\" title=\"Haz clic para compartir en Facebook\"><span><\/span><span class=\"sharing-screen-reader-text\">Haz clic para compartir en Facebook (Se abre en una ventana nueva)<\/span><\/a><\/li><li class=\"share-jetpack-whatsapp\"><a rel=\"nofollow noopener noreferrer\" data-shared=\"\" class=\"share-jetpack-whatsapp sd-button share-icon no-text\" href=\"http:\/\/www.rtvnoticias.com.ar\/?p=36142&amp;share=jetpack-whatsapp\" target=\"_blank\" title=\"Haz clic para compartir en WhatsApp\"><span><\/span><span class=\"sharing-screen-reader-text\">Haz clic para compartir en WhatsApp (Se abre en una ventana nueva)<\/span><\/a><\/li><li class=\"share-telegram\"><a rel=\"nofollow noopener noreferrer\" data-shared=\"\" class=\"share-telegram sd-button share-icon no-text\" href=\"http:\/\/www.rtvnoticias.com.ar\/?p=36142&amp;share=telegram\" target=\"_blank\" title=\"Haz clic para compartir en Telegram\"><span><\/span><span class=\"sharing-screen-reader-text\">Haz clic para compartir en Telegram (Se abre en una ventana nueva)<\/span><\/a><\/li><li class=\"share-end\"><\/li><\/ul><\/div><\/div><\/div>","protected":false},"excerpt":{"rendered":"<p>General Pico albergar\u00e1 del 26 al 28 de abril el IV Congreso Nacional que organiza la Sociedad Argentina de Planificaci\u00f3n Territorial. La actividad, que tendr\u00e1<\/p>\n<div class=\"sharedaddy sd-sharing-enabled\"><div class=\"robots-nocontent sd-block sd-social sd-social-icon sd-sharing\"><h3 class=\"sd-title\">Comparte esto:<\/h3><div class=\"sd-content\"><ul><li class=\"share-twitter\"><a rel=\"nofollow noopener noreferrer\" data-shared=\"sharing-twitter-36142\" class=\"share-twitter sd-button share-icon no-text\" href=\"http:\/\/www.rtvnoticias.com.ar\/?p=36142&amp;share=twitter\" target=\"_blank\" title=\"Haz clic para compartir en Twitter\"><span><\/span><span class=\"sharing-screen-reader-text\">Haz clic para compartir en Twitter (Se abre en una ventana nueva)<\/span><\/a><\/li><li class=\"share-facebook\"><a rel=\"nofollow noopener noreferrer\" data-shared=\"sharing-facebook-36142\" class=\"share-facebook sd-button share-icon no-text\" href=\"http:\/\/www.rtvnoticias.com.ar\/?p=36142&amp;share=facebook\" target=\"_blank\" title=\"Haz clic para compartir en Facebook\"><span><\/span><span class=\"sharing-screen-reader-text\">Haz clic para compartir en Facebook (Se abre en una ventana nueva)<\/span><\/a><\/li><li class=\"share-jetpack-whatsapp\"><a rel=\"nofollow noopener noreferrer\" data-shared=\"\" class=\"share-jetpack-whatsapp sd-button share-icon no-text\" href=\"http:\/\/www.rtvnoticias.com.ar\/?p=36142&amp;share=jetpack-whatsapp\" target=\"_blank\" title=\"Haz clic para compartir en WhatsApp\"><span><\/span><span class=\"sharing-screen-reader-text\">Haz clic para compartir en WhatsApp (Se abre en una ventana nueva)<\/span><\/a><\/li><li class=\"share-telegram\"><a rel=\"nofollow noopener noreferrer\" data-shared=\"\" class=\"share-telegram sd-button share-icon no-text\" href=\"http:\/\/www.rtvnoticias.com.ar\/?p=36142&amp;share=telegram\" target=\"_blank\" title=\"Haz clic para compartir en Telegram\"><span><\/span><span class=\"sharing-screen-reader-text\">Haz clic para compartir en Telegram (Se abre en una ventana nueva)<\/span><\/a><\/li><li class=\"share-end\"><\/li><\/ul><\/div><\/div><\/div>","protected":false},"author":7,"featured_media":0,"comment_status":"closed","ping_status":"closed","sticky":false,"template":"","format":"standard","meta":{"spay_email":"","jetpack_publicize_message":"","jetpack_is_tweetstorm":false,"jetpack_publicize_feature_enabled":true},"categories":[1],"tags":[],"jetpack_featured_media_url":"","jetpack_publicize_connections":[],"jetpack_sharing_enabled":true,"_links":{"self":[{"href":"http:\/\/www.rtvnoticias.com.ar\/index.php?rest_route=\/wp\/v2\/posts\/36142"}],"collection":[{"href":"http:\/\/www.rtvnoticias.com.ar\/index.php?rest_route=\/wp\/v2\/posts"}],"about":[{"href":"http:\/\/www.rtvnoticias.com.ar\/index.php?rest_route=\/wp\/v2\/types\/post"}],"author":[{"embeddable":true,"href":"http:\/\/www.rtvnoticias.com.ar\/index.php?rest_route=\/wp\/v2\/users\/7"}],"replies":[{"embeddable":true,"href":"http:\/\/www.rtvnoticias.com.ar\/index.php?rest_route=%2Fwp%2Fv2%2Fcomments&post=36142"}],"version-history":[{"count":1,"href":"http:\/\/www.rtvnoticias.com.ar\/index.php?rest_route=\/wp\/v2\/posts\/36142\/revisions"}],"predecessor-version":[{"id":36143,"href":"http:\/\/www.rtvnoticias.com.ar\/index.php?rest_route=\/wp\/v2\/posts\/36142\/revisions\/36143"}],"wp:attachment":[{"href":"http:\/\/www.rtvnoticias.com.ar\/index.php?rest_route=%2Fwp%2Fv2%2Fmedia&parent=36142"}],"wp:term":[{"taxonomy":"category","embeddable":true,"href":"http:\/\/www.rtvnoticias.com.ar\/index.php?rest_route=%2Fwp%2Fv2%2Fcategories&post=36142"},{"taxonomy":"post_tag","embeddable":true,"href":"http:\/\/www.rtvnoticias.com.ar\/index.php?rest_route=%2Fwp%2Fv2%2Ftags&post=36142"}],"curies":[{"name":"wp","href":"https:\/\/api.w.org\/{rel}","templated":true}]}}