{"id":36182,"date":"2023-04-10T08:36:58","date_gmt":"2023-04-10T11:36:58","guid":{"rendered":"http:\/\/www.rtvnoticias.com.ar\/?p=36182"},"modified":"2023-04-10T08:37:01","modified_gmt":"2023-04-10T11:37:01","slug":"empieza-a-regir-el-dolar-agro-el-gobierno-espera-que-ingresen-us5-000-millones","status":"publish","type":"post","link":"http:\/\/www.rtvnoticias.com.ar\/?p=36182","title":{"rendered":"Empieza a regir el d\u00f3lar agro: el Gobierno espera que ingresen u$s5.000 millones"},"content":{"rendered":"\n<p>El Gobierno public\u00f3 dos decretos este lunes en el Bolet\u00edn Oficial para poner en vigencia al Programa de Incremento Exportador, tambi\u00e9n conocido como \u201cd\u00f3lar agro\u201d, pero antes llamado \u201cd\u00f3lar soja\u201d 1 y 2.<\/p>\n\n\n\n<p>Ambos son el 193\/2023 y 194\/2023 y, entre las cosas que se mencionan, se encuentran las de que el tipo de cambio para los exportadores ser\u00e1 de $300 por d\u00f3lar, tal como se anunci\u00f3 la semana pasada.<\/p>\n\n\n\n<p>Por otro lado, tambi\u00e9n se menciona la fijaci\u00f3n de los plazos de liquidaci\u00f3n de divisas y de pago de retenci\u00f3n y otros tributos, la adhesi\u00f3n al programa de manera \u201cvoluntaria\u201d siempre y cuando se cumplan algunos requisitos.<\/p>\n\n\n\n<p>Dentro del decreto 194, que trata sobre el d\u00f3lar soja y el d\u00f3lar agro, menciona que una parte de lo que perciba el Estado por derechos de exportaci\u00f3n servir\u00e1 para financiar \u201cprogramas que tengan como objeto atender a los efectos negativos de la sequ\u00eda\u201d.<\/p>\n\n\n\n<p>Tambi\u00e9n se atiende a que la Secretar\u00eda de Agricultura, la Administraci\u00f3n Federal de Ingresos P\u00fablicos (AFIP), el Banco Naci\u00f3n, la Secretar\u00eda de Comercio Interior y la Comisi\u00f3n Nacional de Valores establezcan normas complementarias.<\/p>\n\n\n\n<p>El decreto 193 se refiere a las exenciones, suspensiones de juicio y medidas por la emergencia agropecuaria por la sequ\u00eda.<\/p>\n\n\n\n<p>As\u00ed, menciona que m\u00e1s de 173 millones de hect\u00e1reas del campo argentino \u201cse encuentran en condiciones de sequ\u00eda\u201d, de modo que representa un aumento en 19 millones de hect\u00e1reas en comparaci\u00f3n a previsiones anteriores.<\/p>\n\n\n\n<p><strong>C\u00f3mo afect\u00f3 la sequ\u00eda, por regiones<\/strong><\/p>\n\n\n\n<p>El decreto menciona que el Noroeste Argentino (NOA) se vio afectado por la sequ\u00eda en los cultivos de soja, ma\u00edz y ca\u00f1a de az\u00facar y en la ganader\u00eda, en el Noreste Argentina (NEA), en el abastecimiento de agua para bebida animal e impacto en cultivos de verano y en frutales; en el Centro, en horticultura, frutales y animales de granja; en la Patagonia, en el aumento de incendios; y en Cuyo, en la ganader\u00eda y en diques bajos y restricciones en agua.<\/p>\n\n\n\n<p>Ante esto, se otorga a la AFIP el poder de instrumentar un mecanismo con el fin de encuadrar a contribuyentes del sector con actividad \u201cen una zona de emergencia y\/o desastre agropecuario por sequ\u00eda\u201d para que reciban los beneficios que se mencionan en el segundo art\u00edculo.<\/p>\n\n\n\n<p>Esto implican la suspensi\u00f3n hasta el pr\u00f3ximo ciclo productivo tras el per\u00edodo de emergencia y\/o desastre agropecuario por sequ\u00eda, de la iniciaci\u00f3n de juicios de ejecuci\u00f3n fiscal y medidas cautelares.<\/p>\n\n\n\n<p><strong>Suspensi\u00f3n de ejecuci\u00f3n fiscales<\/strong><\/p>\n\n\n\n<p>Otros de los aspectos que se mencionan tienen que ver con la suspensi\u00f3n de ejecuciones fiscales \u201cpor el cobro de impuestos adeudados iniciadas con posterioridad al 1\u00b0 de febrero de 2023 inclusive\u201d.<\/p>\n\n\n\n<p>\u201cSi en el marco de dichos procesos se hubieran trabado embargos sobre fondos y\/o valores de cualquier naturaleza depositados en cuentas bancarias, no bancarias o de pago, o se hubiera efectivizado la intervenci\u00f3n judicial de caja\u201d, se\u00f1alan, la AFIP \u201cdeber\u00e1 arbitrar los medios pertinentes para el levantamiento de la respectiva medida cautelar, sin transferencia de las sumas efectivamente incautadas, las que quedar\u00e1n a disposici\u00f3n del contribuyente\u201d.<\/p>\n\n\n\n<p>Adem\u00e1s, se suspende \u201chasta la finalizaci\u00f3n del ciclo productivo siguiente a aquel en que concluya el estado de emergencia y\/o desastre agropecuario\u201d el pago obligatorio de los anticipos a los impuestos a las Ganancias, Bienes Personales con vencimientos que hubieran sido fijados entre el 1 de febrero de 2023 y la fecha de finalizaci\u00f3n del per\u00edodo de vigencia del estado de emergencia y\/o desastre, seg\u00fan se se\u00f1ala en el art\u00edculo 2.<\/p>\n\n\n\n<p><strong>Deducciones impositivas<\/strong><\/p>\n\n\n\n<p>Respecto del art\u00edculo 3 del primer decreto, menciona que los beneficiarios del art\u00edculo 1 \u201cpodr\u00e1n deducir en el balance impositivo del impuesto a las ganancias el 100% de los beneficios derivados de la venta forzosa de hacienda bovina, ovina, caprina o porcina\u201d.<\/p>\n\n\n\n<p>El cuarto, delega a la AFIP a instrumentar para los beneficiarios planes de facilidades de pago de hasta 48 cuotas mensuales, iguales y consecutivas con el objetivo de que sean aplicables \u201cpara la cancelaci\u00f3n, total o parcial, de todos los tributos y de los recursos de la seguridad social, incluyendo sus intereses, multas y dem\u00e1s sanciones\u201d.<\/p>\n\n\n\n<p>\u201cLas deudas originadas en aportes y contribuciones destinados al R\u00e9gimen Nacional de Obras Sociales y las cuotas correspondientes a las Aseguradoras de Riesgos del Trabajo (ART)\u201d, aclararon.<\/p>\n\n\n\n<p><strong>D\u00f3lar a 300 pesos<\/strong><\/p>\n\n\n\n<p>A su vez, el decreto 194 habla del d\u00f3lar agro y sostiene que \u201cel aumento en la oferta de divisas contribuye a aliviar el impacto negativo en las importaciones locales de la suba en los precios de combustibles y energ\u00eda que afecta severamente la disponibilidad de reservas externas\u201d.<\/p>\n\n\n\n<p>En su primer art\u00edculo destaca la importante de incentivar la exportaci\u00f3n, de adhesi\u00f3n voluntaria \u201cpara aquellos sujetos que hayan exportado en alg\u00fan momento de los 18 meses inmediatos anteriores a la entrada en vigencia de este decreto\u201d.<\/p>\n\n\n\n<p>Respecto de la soja, es aplicable hasta el 31 de mayo, aunque con la obligaci\u00f3n para todos aquellos a liquiden divisas no m\u00e1s all\u00e1 del 31 de mayo de 2023 inclusive, \u201cincluidos los supuestos de prefinanciaci\u00f3n y\/o postfinanciaci\u00f3n de exportaciones del exterior o un anticipo de liquidaci\u00f3n\u201d.<\/p>\n\n\n\n<p>Quienes se vean beneficiados con el d\u00f3lar soja tendr\u00e1n que pagar al menos el 20% de los derechos y tributos en abril y el 80% restante en los dos meses siguientes \u201cen partes iguales, no pudiendo superar dicho plazo, en ning\u00fan caso, el 29 de junio de 2023, inclusive\u201d.<\/p>\n\n\n\n<p>La liquidez se podr\u00e1 derivar a cuentas especiales en pesos con actualizaci\u00f3n autom\u00e1tica seg\u00fan el tipo de cambio de referencia mayorista \u201cen los plazos y condiciones que establezca la normativa complementaria de dicha instituci\u00f3n\u201d.<\/p>\n\n\n\n<p>Para las econom\u00edas regionales, ampl\u00eda \u201cde manera extraordinaria y transitoria del mencionado Programa de Incremento Exportador\u201d, siempre y cuando hayan exportado dentro de los 18 meses previos al programa.<\/p>\n\n\n\n<p>Es en el art\u00edculo 12 en el que se confirma el valor del d\u00f3lar para los exportadores de soja y producciones regionales a $300. El l\u00edmite de la liquidaci\u00f3n de esas divisas es hasta el 31 de agosto.<\/p>\n<div class=\"sharedaddy sd-sharing-enabled\"><div class=\"robots-nocontent sd-block sd-social sd-social-icon sd-sharing\"><h3 class=\"sd-title\">Comparte esto:<\/h3><div class=\"sd-content\"><ul><li class=\"share-twitter\"><a rel=\"nofollow noopener noreferrer\" data-shared=\"sharing-twitter-36182\" class=\"share-twitter sd-button share-icon no-text\" href=\"http:\/\/www.rtvnoticias.com.ar\/?p=36182&amp;share=twitter\" target=\"_blank\" title=\"Haz clic para compartir en Twitter\"><span><\/span><span class=\"sharing-screen-reader-text\">Haz clic para compartir en Twitter (Se abre en una ventana nueva)<\/span><\/a><\/li><li class=\"share-facebook\"><a rel=\"nofollow noopener noreferrer\" data-shared=\"sharing-facebook-36182\" class=\"share-facebook sd-button share-icon no-text\" href=\"http:\/\/www.rtvnoticias.com.ar\/?p=36182&amp;share=facebook\" target=\"_blank\" title=\"Haz clic para compartir en Facebook\"><span><\/span><span class=\"sharing-screen-reader-text\">Haz clic para compartir en Facebook (Se abre en una ventana nueva)<\/span><\/a><\/li><li class=\"share-jetpack-whatsapp\"><a rel=\"nofollow noopener noreferrer\" data-shared=\"\" class=\"share-jetpack-whatsapp sd-button share-icon no-text\" href=\"http:\/\/www.rtvnoticias.com.ar\/?p=36182&amp;share=jetpack-whatsapp\" target=\"_blank\" title=\"Haz clic para compartir en WhatsApp\"><span><\/span><span class=\"sharing-screen-reader-text\">Haz clic para compartir en WhatsApp (Se abre en una ventana nueva)<\/span><\/a><\/li><li class=\"share-telegram\"><a rel=\"nofollow noopener noreferrer\" data-shared=\"\" class=\"share-telegram sd-button share-icon no-text\" href=\"http:\/\/www.rtvnoticias.com.ar\/?p=36182&amp;share=telegram\" target=\"_blank\" title=\"Haz clic para compartir en Telegram\"><span><\/span><span class=\"sharing-screen-reader-text\">Haz clic para compartir en Telegram (Se abre en una ventana nueva)<\/span><\/a><\/li><li class=\"share-end\"><\/li><\/ul><\/div><\/div><\/div>","protected":false},"excerpt":{"rendered":"<p>El Gobierno public\u00f3 dos decretos este lunes en el Bolet\u00edn Oficial para poner en vigencia al Programa de Incremento Exportador, tambi\u00e9n conocido como \u201cd\u00f3lar agro\u201d,<\/p>\n<div class=\"sharedaddy sd-sharing-enabled\"><div class=\"robots-nocontent sd-block sd-social sd-social-icon sd-sharing\"><h3 class=\"sd-title\">Comparte esto:<\/h3><div class=\"sd-content\"><ul><li class=\"share-twitter\"><a rel=\"nofollow noopener noreferrer\" data-shared=\"sharing-twitter-36182\" class=\"share-twitter sd-button share-icon no-text\" href=\"http:\/\/www.rtvnoticias.com.ar\/?p=36182&amp;share=twitter\" target=\"_blank\" title=\"Haz clic para compartir en Twitter\"><span><\/span><span class=\"sharing-screen-reader-text\">Haz clic para compartir en Twitter (Se abre en una ventana nueva)<\/span><\/a><\/li><li class=\"share-facebook\"><a rel=\"nofollow noopener noreferrer\" data-shared=\"sharing-facebook-36182\" class=\"share-facebook sd-button share-icon no-text\" href=\"http:\/\/www.rtvnoticias.com.ar\/?p=36182&amp;share=facebook\" target=\"_blank\" title=\"Haz clic para compartir en Facebook\"><span><\/span><span class=\"sharing-screen-reader-text\">Haz clic para compartir en Facebook (Se abre en una ventana nueva)<\/span><\/a><\/li><li class=\"share-jetpack-whatsapp\"><a rel=\"nofollow noopener noreferrer\" data-shared=\"\" class=\"share-jetpack-whatsapp sd-button share-icon no-text\" href=\"http:\/\/www.rtvnoticias.com.ar\/?p=36182&amp;share=jetpack-whatsapp\" target=\"_blank\" title=\"Haz clic para compartir en WhatsApp\"><span><\/span><span class=\"sharing-screen-reader-text\">Haz clic para compartir en WhatsApp (Se abre en una ventana nueva)<\/span><\/a><\/li><li class=\"share-telegram\"><a rel=\"nofollow noopener noreferrer\" data-shared=\"\" class=\"share-telegram sd-button share-icon no-text\" href=\"http:\/\/www.rtvnoticias.com.ar\/?p=36182&amp;share=telegram\" target=\"_blank\" title=\"Haz clic para compartir en Telegram\"><span><\/span><span class=\"sharing-screen-reader-text\">Haz clic para compartir en Telegram (Se abre en una ventana nueva)<\/span><\/a><\/li><li class=\"share-end\"><\/li><\/ul><\/div><\/div><\/div>","protected":false},"author":7,"featured_media":36184,"comment_status":"closed","ping_status":"closed","sticky":false,"template":"","format":"standard","meta":{"spay_email":"","jetpack_publicize_message":"","jetpack_is_tweetstorm":false,"jetpack_publicize_feature_enabled":true},"categories":[1],"tags":[],"jetpack_featured_media_url":"http:\/\/www.rtvnoticias.com.ar\/wp-content\/uploads\/2023\/04\/massa-bahilo.jpg","jetpack_publicize_connections":[],"jetpack_sharing_enabled":true,"_links":{"self":[{"href":"http:\/\/www.rtvnoticias.com.ar\/index.php?rest_route=\/wp\/v2\/posts\/36182"}],"collection":[{"href":"http:\/\/www.rtvnoticias.com.ar\/index.php?rest_route=\/wp\/v2\/posts"}],"about":[{"href":"http:\/\/www.rtvnoticias.com.ar\/index.php?rest_route=\/wp\/v2\/types\/post"}],"author":[{"embeddable":true,"href":"http:\/\/www.rtvnoticias.com.ar\/index.php?rest_route=\/wp\/v2\/users\/7"}],"replies":[{"embeddable":true,"href":"http:\/\/www.rtvnoticias.com.ar\/index.php?rest_route=%2Fwp%2Fv2%2Fcomments&post=36182"}],"version-history":[{"count":1,"href":"http:\/\/www.rtvnoticias.com.ar\/index.php?rest_route=\/wp\/v2\/posts\/36182\/revisions"}],"predecessor-version":[{"id":36185,"href":"http:\/\/www.rtvnoticias.com.ar\/index.php?rest_route=\/wp\/v2\/posts\/36182\/revisions\/36185"}],"wp:featuredmedia":[{"embeddable":true,"href":"http:\/\/www.rtvnoticias.com.ar\/index.php?rest_route=\/wp\/v2\/media\/36184"}],"wp:attachment":[{"href":"http:\/\/www.rtvnoticias.com.ar\/index.php?rest_route=%2Fwp%2Fv2%2Fmedia&parent=36182"}],"wp:term":[{"taxonomy":"category","embeddable":true,"href":"http:\/\/www.rtvnoticias.com.ar\/index.php?rest_route=%2Fwp%2Fv2%2Fcategories&post=36182"},{"taxonomy":"post_tag","embeddable":true,"href":"http:\/\/www.rtvnoticias.com.ar\/index.php?rest_route=%2Fwp%2Fv2%2Ftags&post=36182"}],"curies":[{"name":"wp","href":"https:\/\/api.w.org\/{rel}","templated":true}]}}