{"id":36192,"date":"2023-04-10T10:32:51","date_gmt":"2023-04-10T13:32:51","guid":{"rendered":"http:\/\/www.rtvnoticias.com.ar\/?p=36192"},"modified":"2023-04-10T10:32:54","modified_gmt":"2023-04-10T13:32:54","slug":"un-nene-de-5-anos-esta-grave-tras-ser-atacado-por-una-jauria-en-mendoza","status":"publish","type":"post","link":"http:\/\/www.rtvnoticias.com.ar\/?p=36192","title":{"rendered":"Un nene de 5 a\u00f1os est\u00e1 grave tras ser atacado por una jaur\u00eda en Mendoza"},"content":{"rendered":"\n<p class=\"has-text-align-center\"><strong>Qued\u00f3 internado y fue operado. La Polic\u00eda detuvo al due\u00f1o de los animales.<\/strong><\/p>\n\n\n\n<p>Un nene de 5 a\u00f1os fue atacado por una jaur\u00eda en la localidad de RIvadavia, Mendoza y est\u00e1 en grave estado en el Hospital Pedi\u00e1trico Humberto Notti. Por el hecho, detuvieron al due\u00f1o de los animales.<\/p>\n\n\n\n<p>Existen distintas versiones del caso que sucedi\u00f3 pasadas las 12 de este domingo, seg\u00fan informaron fuentes judiciales. Por un lado, hay quienes dicen que el ni\u00f1o entr\u00f3 a una finca donde hab\u00eda perros, mientras que, por otro, que \u00e9l estaba jugando en la calle con otros chicos del barrio cuando los perros salieron y lo atacaron.<\/p>\n\n\n\n<p>El reporte policial indica que la finca se encuentra en el carril Moyano y los vecinos aseguran que esos perros tienen un car\u00e1cter agresivo.<\/p>\n\n\n\n<p>Efectivos asistieron al lugar y constataron que el ni\u00f1o estaba herido, por lo que fue trasladado de urgencia al Hospital Perrupato por sus familiares. Posteriormente, lo llevaron al Hospital pedi\u00e1trico Humberto Notti. El menor fue operado en estado grave por sus mordeduras.<\/p>\n\n\n\n<p>Los primeros datos obtenidos de la investigaci\u00f3n indican que el nene jugaba con otros chicos, vieron a los perros, corrieron por el susto y los animales lo alcanzaron y arrastraron 100 metros hacia dentro de la finca.<\/p>\n\n\n\n<p>Seg\u00fan remarca el parte policial, el due\u00f1o de los canes encontr\u00f3 al herido y lo llev\u00f3 con sus padres. Ante esto, los vecinos cortaron media calle, ya que est\u00e1n cansados de la actitud agresiva de esos perros y de la falta de acciones por parte de su propietario.<\/p>\n\n\n\n<p>De ese modo, el hombre de 61 a\u00f1os que posee la jaur\u00eda fue detenido y lo llevaron a la Comisar\u00eda 19\u00ba.<\/p>\n<div class=\"sharedaddy sd-sharing-enabled\"><div class=\"robots-nocontent sd-block sd-social sd-social-icon sd-sharing\"><h3 class=\"sd-title\">Comparte esto:<\/h3><div class=\"sd-content\"><ul><li class=\"share-twitter\"><a rel=\"nofollow noopener noreferrer\" data-shared=\"sharing-twitter-36192\" class=\"share-twitter sd-button share-icon no-text\" href=\"http:\/\/www.rtvnoticias.com.ar\/?p=36192&amp;share=twitter\" target=\"_blank\" title=\"Haz clic para compartir en Twitter\"><span><\/span><span class=\"sharing-screen-reader-text\">Haz clic para compartir en Twitter (Se abre en una ventana nueva)<\/span><\/a><\/li><li class=\"share-facebook\"><a rel=\"nofollow noopener noreferrer\" data-shared=\"sharing-facebook-36192\" class=\"share-facebook sd-button share-icon no-text\" href=\"http:\/\/www.rtvnoticias.com.ar\/?p=36192&amp;share=facebook\" target=\"_blank\" title=\"Haz clic para compartir en Facebook\"><span><\/span><span class=\"sharing-screen-reader-text\">Haz clic para compartir en Facebook (Se abre en una ventana nueva)<\/span><\/a><\/li><li class=\"share-jetpack-whatsapp\"><a rel=\"nofollow noopener noreferrer\" data-shared=\"\" class=\"share-jetpack-whatsapp sd-button share-icon no-text\" href=\"http:\/\/www.rtvnoticias.com.ar\/?p=36192&amp;share=jetpack-whatsapp\" target=\"_blank\" title=\"Haz clic para compartir en WhatsApp\"><span><\/span><span class=\"sharing-screen-reader-text\">Haz clic para compartir en WhatsApp (Se abre en una ventana nueva)<\/span><\/a><\/li><li class=\"share-telegram\"><a rel=\"nofollow noopener noreferrer\" data-shared=\"\" class=\"share-telegram sd-button share-icon no-text\" href=\"http:\/\/www.rtvnoticias.com.ar\/?p=36192&amp;share=telegram\" target=\"_blank\" title=\"Haz clic para compartir en Telegram\"><span><\/span><span class=\"sharing-screen-reader-text\">Haz clic para compartir en Telegram (Se abre en una ventana nueva)<\/span><\/a><\/li><li class=\"share-end\"><\/li><\/ul><\/div><\/div><\/div>","protected":false},"excerpt":{"rendered":"<p>Qued\u00f3 internado y fue operado. La Polic\u00eda detuvo al due\u00f1o de los animales. Un nene de 5 a\u00f1os fue atacado por una jaur\u00eda en la<\/p>\n<div class=\"sharedaddy sd-sharing-enabled\"><div class=\"robots-nocontent sd-block sd-social sd-social-icon sd-sharing\"><h3 class=\"sd-title\">Comparte esto:<\/h3><div class=\"sd-content\"><ul><li class=\"share-twitter\"><a rel=\"nofollow noopener noreferrer\" data-shared=\"sharing-twitter-36192\" class=\"share-twitter sd-button share-icon no-text\" href=\"http:\/\/www.rtvnoticias.com.ar\/?p=36192&amp;share=twitter\" target=\"_blank\" title=\"Haz clic para compartir en Twitter\"><span><\/span><span class=\"sharing-screen-reader-text\">Haz clic para compartir en Twitter (Se abre en una ventana nueva)<\/span><\/a><\/li><li class=\"share-facebook\"><a rel=\"nofollow noopener noreferrer\" data-shared=\"sharing-facebook-36192\" class=\"share-facebook sd-button share-icon no-text\" href=\"http:\/\/www.rtvnoticias.com.ar\/?p=36192&amp;share=facebook\" target=\"_blank\" title=\"Haz clic para compartir en Facebook\"><span><\/span><span class=\"sharing-screen-reader-text\">Haz clic para compartir en Facebook (Se abre en una ventana nueva)<\/span><\/a><\/li><li class=\"share-jetpack-whatsapp\"><a rel=\"nofollow noopener noreferrer\" data-shared=\"\" class=\"share-jetpack-whatsapp sd-button share-icon no-text\" href=\"http:\/\/www.rtvnoticias.com.ar\/?p=36192&amp;share=jetpack-whatsapp\" target=\"_blank\" title=\"Haz clic para compartir en WhatsApp\"><span><\/span><span class=\"sharing-screen-reader-text\">Haz clic para compartir en WhatsApp (Se abre en una ventana nueva)<\/span><\/a><\/li><li class=\"share-telegram\"><a rel=\"nofollow noopener noreferrer\" data-shared=\"\" class=\"share-telegram sd-button share-icon no-text\" href=\"http:\/\/www.rtvnoticias.com.ar\/?p=36192&amp;share=telegram\" target=\"_blank\" title=\"Haz clic para compartir en Telegram\"><span><\/span><span class=\"sharing-screen-reader-text\">Haz clic para compartir en Telegram (Se abre en una ventana nueva)<\/span><\/a><\/li><li class=\"share-end\"><\/li><\/ul><\/div><\/div><\/div>","protected":false},"author":7,"featured_media":36193,"comment_status":"closed","ping_status":"closed","sticky":false,"template":"","format":"standard","meta":{"spay_email":"","jetpack_publicize_message":"","jetpack_is_tweetstorm":false,"jetpack_publicize_feature_enabled":true},"categories":[4],"tags":[],"jetpack_featured_media_url":"http:\/\/www.rtvnoticias.com.ar\/wp-content\/uploads\/2023\/04\/hospital-notti.jpg","jetpack_publicize_connections":[],"jetpack_sharing_enabled":true,"_links":{"self":[{"href":"http:\/\/www.rtvnoticias.com.ar\/index.php?rest_route=\/wp\/v2\/posts\/36192"}],"collection":[{"href":"http:\/\/www.rtvnoticias.com.ar\/index.php?rest_route=\/wp\/v2\/posts"}],"about":[{"href":"http:\/\/www.rtvnoticias.com.ar\/index.php?rest_route=\/wp\/v2\/types\/post"}],"author":[{"embeddable":true,"href":"http:\/\/www.rtvnoticias.com.ar\/index.php?rest_route=\/wp\/v2\/users\/7"}],"replies":[{"embeddable":true,"href":"http:\/\/www.rtvnoticias.com.ar\/index.php?rest_route=%2Fwp%2Fv2%2Fcomments&post=36192"}],"version-history":[{"count":1,"href":"http:\/\/www.rtvnoticias.com.ar\/index.php?rest_route=\/wp\/v2\/posts\/36192\/revisions"}],"predecessor-version":[{"id":36194,"href":"http:\/\/www.rtvnoticias.com.ar\/index.php?rest_route=\/wp\/v2\/posts\/36192\/revisions\/36194"}],"wp:featuredmedia":[{"embeddable":true,"href":"http:\/\/www.rtvnoticias.com.ar\/index.php?rest_route=\/wp\/v2\/media\/36193"}],"wp:attachment":[{"href":"http:\/\/www.rtvnoticias.com.ar\/index.php?rest_route=%2Fwp%2Fv2%2Fmedia&parent=36192"}],"wp:term":[{"taxonomy":"category","embeddable":true,"href":"http:\/\/www.rtvnoticias.com.ar\/index.php?rest_route=%2Fwp%2Fv2%2Fcategories&post=36192"},{"taxonomy":"post_tag","embeddable":true,"href":"http:\/\/www.rtvnoticias.com.ar\/index.php?rest_route=%2Fwp%2Fv2%2Ftags&post=36192"}],"curies":[{"name":"wp","href":"https:\/\/api.w.org\/{rel}","templated":true}]}}