{"id":36195,"date":"2023-04-10T10:59:20","date_gmt":"2023-04-10T13:59:20","guid":{"rendered":"http:\/\/www.rtvnoticias.com.ar\/?p=36195"},"modified":"2023-04-10T10:59:23","modified_gmt":"2023-04-10T13:59:23","slug":"horacio-rodriguez-larreta-opto-por-una-eleccion-concurrente-en-la-ciudad-y-con-boleta-unica","status":"publish","type":"post","link":"http:\/\/www.rtvnoticias.com.ar\/?p=36195","title":{"rendered":"Horacio Rodr\u00edguez Larreta opt\u00f3 por una \u00abelecci\u00f3n concurrente\u00bb en la Ciudad y con Boleta \u00danica"},"content":{"rendered":"\n<p class=\"has-text-align-center\"><strong>En una muestra de autoridad partidaria, el jefe de Gobierno porte\u00f1o opt\u00f3 por realizar los comicios el mismo d\u00eda que las elecciones nacional.<\/strong><\/p>\n\n\n\n<p class=\"has-text-align-left\">El jefe de Gobierno de la ciudad de Buenos Aires y precandidato a presidente del PRO, Horacio Rodr\u00edguez Larreta, decidi\u00f3 plegar las elecciones porte\u00f1as a las PASO nacionales en un gesto de autonom\u00eda al l\u00edder del partido, Mauricio Macri, que cuestion\u00f3 la estrategia.<\/p>\n\n\n\n<p>Se trata de una decisi\u00f3n que le corresponde por ley a Rodr\u00edguez Larreta, quien tiene potestad para adoptarla, y que respeta el c\u00f3digo electoral vigente de la Ciudad (ley 6031), que aprob\u00f3 por amplia mayor\u00eda la Legislatura en octubre de 2018, seg\u00fan indicaron fuentes del Gobierno porte\u00f1o a NA.<\/p>\n\n\n\n<p>Adem\u00e1s, resaltaron que es una se\u00f1al de \u00abautoridad\u00bb, ante los cuestionamientos del PRO nacional. Por lo tanto, el aspirante a la Casa Rosada optar\u00e1 por una elecci\u00f3n concurrente y con boleta \u00fanica.<\/p>\n\n\n\n<p>La ley establece la Boleta \u00danica, formato papel o electr\u00f3nica, una bandera de Juntos por el Cambio desde el inicio de su gobierno en el 2015. Durante la gesti\u00f3n de Macri, la ley fue discutida y votada en el Congreso, en el marco de sesiones extraordinarias, pero la oposici\u00f3n la trab\u00f3 y no sali\u00f3.<\/p>\n\n\n\n<p>El sistema de voto se utiliza actualmente en provincias como C\u00f3rdoba, Santa Fe, Salta, Mendoza y Capital Federal, y en una elecci\u00f3n ejecutiva de CABA en 2015, que termin\u00f3 en balotaje entre Larreta y el senador Mart\u00edn Lousteau. En tanto, en 2019 se decidi\u00f3 unificar con la nacional por el contexto de ese momento.<\/p>\n\n\n\n<p>Teniendo en cuenta la ley electoral porte\u00f1a, la convocatoria a las elecciones primarias, abiertas, simult\u00e1neas y obligatorias (PASO) debe realizarse \u201cal menos ciento veinte (120) d\u00edas corridos antes de su realizaci\u00f3n\u201d. Por esa raz\u00f3n, desde el equipo del presidencialista apuran la definici\u00f3n que podr\u00eda ser comunicada ma\u00f1ana.<\/p>\n<div class=\"sharedaddy sd-sharing-enabled\"><div class=\"robots-nocontent sd-block sd-social sd-social-icon sd-sharing\"><h3 class=\"sd-title\">Comparte esto:<\/h3><div class=\"sd-content\"><ul><li class=\"share-twitter\"><a rel=\"nofollow noopener noreferrer\" data-shared=\"sharing-twitter-36195\" class=\"share-twitter sd-button share-icon no-text\" href=\"http:\/\/www.rtvnoticias.com.ar\/?p=36195&amp;share=twitter\" target=\"_blank\" title=\"Haz clic para compartir en Twitter\"><span><\/span><span class=\"sharing-screen-reader-text\">Haz clic para compartir en Twitter (Se abre en una ventana nueva)<\/span><\/a><\/li><li class=\"share-facebook\"><a rel=\"nofollow noopener noreferrer\" data-shared=\"sharing-facebook-36195\" class=\"share-facebook sd-button share-icon no-text\" href=\"http:\/\/www.rtvnoticias.com.ar\/?p=36195&amp;share=facebook\" target=\"_blank\" title=\"Haz clic para compartir en Facebook\"><span><\/span><span class=\"sharing-screen-reader-text\">Haz clic para compartir en Facebook (Se abre en una ventana nueva)<\/span><\/a><\/li><li class=\"share-jetpack-whatsapp\"><a rel=\"nofollow noopener noreferrer\" data-shared=\"\" class=\"share-jetpack-whatsapp sd-button share-icon no-text\" href=\"http:\/\/www.rtvnoticias.com.ar\/?p=36195&amp;share=jetpack-whatsapp\" target=\"_blank\" title=\"Haz clic para compartir en WhatsApp\"><span><\/span><span class=\"sharing-screen-reader-text\">Haz clic para compartir en WhatsApp (Se abre en una ventana nueva)<\/span><\/a><\/li><li class=\"share-telegram\"><a rel=\"nofollow noopener noreferrer\" data-shared=\"\" class=\"share-telegram sd-button share-icon no-text\" href=\"http:\/\/www.rtvnoticias.com.ar\/?p=36195&amp;share=telegram\" target=\"_blank\" title=\"Haz clic para compartir en Telegram\"><span><\/span><span class=\"sharing-screen-reader-text\">Haz clic para compartir en Telegram (Se abre en una ventana nueva)<\/span><\/a><\/li><li class=\"share-end\"><\/li><\/ul><\/div><\/div><\/div>","protected":false},"excerpt":{"rendered":"<p>En una muestra de autoridad partidaria, el jefe de Gobierno porte\u00f1o opt\u00f3 por realizar los comicios el mismo d\u00eda que las elecciones nacional. El jefe<\/p>\n<div class=\"sharedaddy sd-sharing-enabled\"><div class=\"robots-nocontent sd-block sd-social sd-social-icon sd-sharing\"><h3 class=\"sd-title\">Comparte esto:<\/h3><div class=\"sd-content\"><ul><li class=\"share-twitter\"><a rel=\"nofollow noopener noreferrer\" data-shared=\"sharing-twitter-36195\" class=\"share-twitter sd-button share-icon no-text\" href=\"http:\/\/www.rtvnoticias.com.ar\/?p=36195&amp;share=twitter\" target=\"_blank\" title=\"Haz clic para compartir en Twitter\"><span><\/span><span class=\"sharing-screen-reader-text\">Haz clic para compartir en Twitter (Se abre en una ventana nueva)<\/span><\/a><\/li><li class=\"share-facebook\"><a rel=\"nofollow noopener noreferrer\" data-shared=\"sharing-facebook-36195\" class=\"share-facebook sd-button share-icon no-text\" href=\"http:\/\/www.rtvnoticias.com.ar\/?p=36195&amp;share=facebook\" target=\"_blank\" title=\"Haz clic para compartir en Facebook\"><span><\/span><span class=\"sharing-screen-reader-text\">Haz clic para compartir en Facebook (Se abre en una ventana nueva)<\/span><\/a><\/li><li class=\"share-jetpack-whatsapp\"><a rel=\"nofollow noopener noreferrer\" data-shared=\"\" class=\"share-jetpack-whatsapp sd-button share-icon no-text\" href=\"http:\/\/www.rtvnoticias.com.ar\/?p=36195&amp;share=jetpack-whatsapp\" target=\"_blank\" title=\"Haz clic para compartir en WhatsApp\"><span><\/span><span class=\"sharing-screen-reader-text\">Haz clic para compartir en WhatsApp (Se abre en una ventana nueva)<\/span><\/a><\/li><li class=\"share-telegram\"><a rel=\"nofollow noopener noreferrer\" data-shared=\"\" class=\"share-telegram sd-button share-icon no-text\" href=\"http:\/\/www.rtvnoticias.com.ar\/?p=36195&amp;share=telegram\" target=\"_blank\" title=\"Haz clic para compartir en Telegram\"><span><\/span><span class=\"sharing-screen-reader-text\">Haz clic para compartir en Telegram (Se abre en una ventana nueva)<\/span><\/a><\/li><li class=\"share-end\"><\/li><\/ul><\/div><\/div><\/div>","protected":false},"author":7,"featured_media":36196,"comment_status":"closed","ping_status":"closed","sticky":false,"template":"","format":"standard","meta":{"spay_email":"","jetpack_publicize_message":"","jetpack_is_tweetstorm":false,"jetpack_publicize_feature_enabled":true},"categories":[5],"tags":[],"jetpack_featured_media_url":"http:\/\/www.rtvnoticias.com.ar\/wp-content\/uploads\/2023\/04\/Rodriguez-Larreta.jpg","jetpack_publicize_connections":[],"jetpack_sharing_enabled":true,"_links":{"self":[{"href":"http:\/\/www.rtvnoticias.com.ar\/index.php?rest_route=\/wp\/v2\/posts\/36195"}],"collection":[{"href":"http:\/\/www.rtvnoticias.com.ar\/index.php?rest_route=\/wp\/v2\/posts"}],"about":[{"href":"http:\/\/www.rtvnoticias.com.ar\/index.php?rest_route=\/wp\/v2\/types\/post"}],"author":[{"embeddable":true,"href":"http:\/\/www.rtvnoticias.com.ar\/index.php?rest_route=\/wp\/v2\/users\/7"}],"replies":[{"embeddable":true,"href":"http:\/\/www.rtvnoticias.com.ar\/index.php?rest_route=%2Fwp%2Fv2%2Fcomments&post=36195"}],"version-history":[{"count":1,"href":"http:\/\/www.rtvnoticias.com.ar\/index.php?rest_route=\/wp\/v2\/posts\/36195\/revisions"}],"predecessor-version":[{"id":36197,"href":"http:\/\/www.rtvnoticias.com.ar\/index.php?rest_route=\/wp\/v2\/posts\/36195\/revisions\/36197"}],"wp:featuredmedia":[{"embeddable":true,"href":"http:\/\/www.rtvnoticias.com.ar\/index.php?rest_route=\/wp\/v2\/media\/36196"}],"wp:attachment":[{"href":"http:\/\/www.rtvnoticias.com.ar\/index.php?rest_route=%2Fwp%2Fv2%2Fmedia&parent=36195"}],"wp:term":[{"taxonomy":"category","embeddable":true,"href":"http:\/\/www.rtvnoticias.com.ar\/index.php?rest_route=%2Fwp%2Fv2%2Fcategories&post=36195"},{"taxonomy":"post_tag","embeddable":true,"href":"http:\/\/www.rtvnoticias.com.ar\/index.php?rest_route=%2Fwp%2Fv2%2Ftags&post=36195"}],"curies":[{"name":"wp","href":"https:\/\/api.w.org\/{rel}","templated":true}]}}