{"id":36199,"date":"2023-04-11T13:02:17","date_gmt":"2023-04-11T16:02:17","guid":{"rendered":"http:\/\/www.rtvnoticias.com.ar\/?p=36199"},"modified":"2023-04-11T13:02:20","modified_gmt":"2023-04-11T16:02:20","slug":"indignacion-por-un-video-del-dalai-lama-en-el-que-besa-a-un-chico-y-le-pide-que-le-chupe-la-lengua","status":"publish","type":"post","link":"http:\/\/www.rtvnoticias.com.ar\/?p=36199","title":{"rendered":"Indignaci\u00f3n por un video del Dalai Lama en el que besa a un chico y le pide que le chupe la lengua"},"content":{"rendered":"\n<p class=\"has-text-align-center\"><strong>El l\u00edder espiritual tibetano tiene 87 a\u00f1os; \u201cSu santidad suele bromear con la gente\u201d, explica en un comunicado que public\u00f3 en su cuenta oficial de Twitter; las im\u00e1genes fueron grabadas en febrero de este a\u00f1o; Dalai Lama hab\u00eda generado pol\u00e9mica en 2018 por comentarios xen\u00f3fobos<\/strong><\/p>\n\n\n\n<p>El Dalai Lama, l\u00edder espiritual tibetano, le pidi\u00f3 disculpas hoy a un chico por haberle pedido chuparle la lengua hace unas semanas durante una audiencia, cuyo video se hizo viral y gener\u00f3 una ola de indignaci\u00f3n en las redes sociales.<\/p>\n\n\n\n<p>\u201cSu santidad desea pedir disculpas al ni\u00f1o y a su familia, as\u00ed como a sus muchos amigos de todo el mundo, por cualquier dolor que sus palabras hayan podido causar\u201d, indica un comunicado en su cuenta oficial de Twitter.<\/p>\n\n\n\n<p>\u201cSu santidad suele bromear con la gente que conoce de forma inocente y juguetona, incluso en p\u00fablico y ante las c\u00e1maras. Lamenta este incidente\u201d, a\u00f1ade el mensaje.<\/p>\n\n\n\n<p>En un video que se hizo viral, el Dalai Lama, de 87 a\u00f1os, besa al chico en la boca y luego le pregunta \u201c\u00bfpuedes chuparme la lengua?\u201d y luego saca su lengua, desatando la hilaridad de los presentes.<\/p>\n\n\n\n<p>El video se grab\u00f3 el 28 de febrero, durante una audiencia del Dalai Lama en McLeod Ganj, un suburbio de Dharamsala, en el norte de la India, donde el l\u00edder espiritual vive exiliado desde el fracaso del levantamiento tibetano de 1951 contra el poder chino.<\/p>\n\n\n\n<p>Algunos internautas calificaron su actitud de \u201crepugnante\u201d y \u201cabsolutamente malsana\u201d.<\/p>\n\n\n\n<p>En 2018, el Dalai Lama fue criticado por unos comentarios xen\u00f3fobos. Dijo en Malm\u00f6, Suecia, que \u201cEuropa pertenece a los europeos\u201d y que, a largo plazo, los refugiados deber\u00edan regresar a casa \u201cpara reconstruir su propio pa\u00eds\u201d.<\/p>\n\n\n\n<p>Un a\u00f1o despu\u00e9s, el Dalai Lama ya tuvo que disculparse por decir que si una mujer fuera a sucederle, tendr\u00eda que ser \u201catractiva\u201d. Estos comentarios, en una entrevista con la BBC, causaron controversia.<\/p>\n\n\n\n<p>El Dalai Lama es el representante del movimiento por la autonom\u00eda del T\u00edbet, pero la presencia internacional de la que gozaba cuando se le concedi\u00f3 el Premio Nobel de la Paz, en 1989, ha deca\u00eddo en parte por su edad pero tambi\u00e9n por la creciente influencia econ\u00f3mica y pol\u00edtica de China.<\/p>\n<div class=\"sharedaddy sd-sharing-enabled\"><div class=\"robots-nocontent sd-block sd-social sd-social-icon sd-sharing\"><h3 class=\"sd-title\">Comparte esto:<\/h3><div class=\"sd-content\"><ul><li class=\"share-twitter\"><a rel=\"nofollow noopener noreferrer\" data-shared=\"sharing-twitter-36199\" class=\"share-twitter sd-button share-icon no-text\" href=\"http:\/\/www.rtvnoticias.com.ar\/?p=36199&amp;share=twitter\" target=\"_blank\" title=\"Haz clic para compartir en Twitter\"><span><\/span><span class=\"sharing-screen-reader-text\">Haz clic para compartir en Twitter (Se abre en una ventana nueva)<\/span><\/a><\/li><li class=\"share-facebook\"><a rel=\"nofollow noopener noreferrer\" data-shared=\"sharing-facebook-36199\" class=\"share-facebook sd-button share-icon no-text\" href=\"http:\/\/www.rtvnoticias.com.ar\/?p=36199&amp;share=facebook\" target=\"_blank\" title=\"Haz clic para compartir en Facebook\"><span><\/span><span class=\"sharing-screen-reader-text\">Haz clic para compartir en Facebook (Se abre en una ventana nueva)<\/span><\/a><\/li><li class=\"share-jetpack-whatsapp\"><a rel=\"nofollow noopener noreferrer\" data-shared=\"\" class=\"share-jetpack-whatsapp sd-button share-icon no-text\" href=\"http:\/\/www.rtvnoticias.com.ar\/?p=36199&amp;share=jetpack-whatsapp\" target=\"_blank\" title=\"Haz clic para compartir en WhatsApp\"><span><\/span><span class=\"sharing-screen-reader-text\">Haz clic para compartir en WhatsApp (Se abre en una ventana nueva)<\/span><\/a><\/li><li class=\"share-telegram\"><a rel=\"nofollow noopener noreferrer\" data-shared=\"\" class=\"share-telegram sd-button share-icon no-text\" href=\"http:\/\/www.rtvnoticias.com.ar\/?p=36199&amp;share=telegram\" target=\"_blank\" title=\"Haz clic para compartir en Telegram\"><span><\/span><span class=\"sharing-screen-reader-text\">Haz clic para compartir en Telegram (Se abre en una ventana nueva)<\/span><\/a><\/li><li class=\"share-end\"><\/li><\/ul><\/div><\/div><\/div>","protected":false},"excerpt":{"rendered":"<p>El l\u00edder espiritual tibetano tiene 87 a\u00f1os; \u201cSu santidad suele bromear con la gente\u201d, explica en un comunicado que public\u00f3 en su cuenta oficial de<\/p>\n<div class=\"sharedaddy sd-sharing-enabled\"><div class=\"robots-nocontent sd-block sd-social sd-social-icon sd-sharing\"><h3 class=\"sd-title\">Comparte esto:<\/h3><div class=\"sd-content\"><ul><li class=\"share-twitter\"><a rel=\"nofollow noopener noreferrer\" data-shared=\"sharing-twitter-36199\" class=\"share-twitter sd-button share-icon no-text\" href=\"http:\/\/www.rtvnoticias.com.ar\/?p=36199&amp;share=twitter\" target=\"_blank\" title=\"Haz clic para compartir en Twitter\"><span><\/span><span class=\"sharing-screen-reader-text\">Haz clic para compartir en Twitter (Se abre en una ventana nueva)<\/span><\/a><\/li><li class=\"share-facebook\"><a rel=\"nofollow noopener noreferrer\" data-shared=\"sharing-facebook-36199\" class=\"share-facebook sd-button share-icon no-text\" href=\"http:\/\/www.rtvnoticias.com.ar\/?p=36199&amp;share=facebook\" target=\"_blank\" title=\"Haz clic para compartir en Facebook\"><span><\/span><span class=\"sharing-screen-reader-text\">Haz clic para compartir en Facebook (Se abre en una ventana nueva)<\/span><\/a><\/li><li class=\"share-jetpack-whatsapp\"><a rel=\"nofollow noopener noreferrer\" data-shared=\"\" class=\"share-jetpack-whatsapp sd-button share-icon no-text\" href=\"http:\/\/www.rtvnoticias.com.ar\/?p=36199&amp;share=jetpack-whatsapp\" target=\"_blank\" title=\"Haz clic para compartir en WhatsApp\"><span><\/span><span class=\"sharing-screen-reader-text\">Haz clic para compartir en WhatsApp (Se abre en una ventana nueva)<\/span><\/a><\/li><li class=\"share-telegram\"><a rel=\"nofollow noopener noreferrer\" data-shared=\"\" class=\"share-telegram sd-button share-icon no-text\" href=\"http:\/\/www.rtvnoticias.com.ar\/?p=36199&amp;share=telegram\" target=\"_blank\" title=\"Haz clic para compartir en Telegram\"><span><\/span><span class=\"sharing-screen-reader-text\">Haz clic para compartir en Telegram (Se abre en una ventana nueva)<\/span><\/a><\/li><li class=\"share-end\"><\/li><\/ul><\/div><\/div><\/div>","protected":false},"author":7,"featured_media":36200,"comment_status":"closed","ping_status":"closed","sticky":false,"template":"","format":"standard","meta":{"spay_email":"","jetpack_publicize_message":"","jetpack_is_tweetstorm":false,"jetpack_publicize_feature_enabled":true},"categories":[7],"tags":[],"jetpack_featured_media_url":"http:\/\/www.rtvnoticias.com.ar\/wp-content\/uploads\/2023\/04\/dalai-lama.jpeg","jetpack_publicize_connections":[],"jetpack_sharing_enabled":true,"_links":{"self":[{"href":"http:\/\/www.rtvnoticias.com.ar\/index.php?rest_route=\/wp\/v2\/posts\/36199"}],"collection":[{"href":"http:\/\/www.rtvnoticias.com.ar\/index.php?rest_route=\/wp\/v2\/posts"}],"about":[{"href":"http:\/\/www.rtvnoticias.com.ar\/index.php?rest_route=\/wp\/v2\/types\/post"}],"author":[{"embeddable":true,"href":"http:\/\/www.rtvnoticias.com.ar\/index.php?rest_route=\/wp\/v2\/users\/7"}],"replies":[{"embeddable":true,"href":"http:\/\/www.rtvnoticias.com.ar\/index.php?rest_route=%2Fwp%2Fv2%2Fcomments&post=36199"}],"version-history":[{"count":1,"href":"http:\/\/www.rtvnoticias.com.ar\/index.php?rest_route=\/wp\/v2\/posts\/36199\/revisions"}],"predecessor-version":[{"id":36201,"href":"http:\/\/www.rtvnoticias.com.ar\/index.php?rest_route=\/wp\/v2\/posts\/36199\/revisions\/36201"}],"wp:featuredmedia":[{"embeddable":true,"href":"http:\/\/www.rtvnoticias.com.ar\/index.php?rest_route=\/wp\/v2\/media\/36200"}],"wp:attachment":[{"href":"http:\/\/www.rtvnoticias.com.ar\/index.php?rest_route=%2Fwp%2Fv2%2Fmedia&parent=36199"}],"wp:term":[{"taxonomy":"category","embeddable":true,"href":"http:\/\/www.rtvnoticias.com.ar\/index.php?rest_route=%2Fwp%2Fv2%2Fcategories&post=36199"},{"taxonomy":"post_tag","embeddable":true,"href":"http:\/\/www.rtvnoticias.com.ar\/index.php?rest_route=%2Fwp%2Fv2%2Ftags&post=36199"}],"curies":[{"name":"wp","href":"https:\/\/api.w.org\/{rel}","templated":true}]}}