{"id":36219,"date":"2023-04-13T08:13:19","date_gmt":"2023-04-13T11:13:19","guid":{"rendered":"http:\/\/www.rtvnoticias.com.ar\/?p=36219"},"modified":"2023-04-13T08:13:22","modified_gmt":"2023-04-13T11:13:22","slug":"ziliotto-y-soria-entregaron-equipamiento-para-todos-los-registros-civiles-y-juzgados-de-paz-de-la-pampa","status":"publish","type":"post","link":"http:\/\/www.rtvnoticias.com.ar\/?p=36219","title":{"rendered":"Ziliotto y Soria entregaron equipamiento para todos los Registros Civiles y Juzgados de Paz de La Pampa"},"content":{"rendered":"\n<p class=\"has-text-align-center\"><strong>\u201cEstas son pol\u00edticas p\u00fablicas que trascienden en el tiempo\u201d, asegur\u00f3 el gobernador Sergio Ziliotto en Lonquimay, donde junto al ministro de Justicia y Derechos Humanos de la Naci\u00f3n, Mart\u00edn Soria, hizo entrega de 80 equipos de computaci\u00f3n y 80 impresoras para los Juzgados de Paz y Registros Civiles de La Pampa.<\/strong><\/p>\n\n\n\n<p>El equipamiento asignado a las reparticiones de toda la Provincia permitir\u00e1 mejorar la calidad del servicio, al tiempo que facilitar\u00e1n la tarea cotidiana y, en definitiva, impactar\u00e1n en el acceso a la Justicia, un derecho inalienable que otorga equidad e igualdad a las y los pampeanos. La inversi\u00f3n conjunta de los gobiernos nacional y provincial ascendi\u00f3 a $ 32.719.920.<br>Ziliotto y Soria fueron recibidos por el intendente municipal, Manuel Feito y, junto a el ministro de Gobierno, Justicia y Derechos Humanos, Ariel Rauschenberger; los ministros del Superior Tribunal de Justicia, Fabricio Losi y Eduardo Fern\u00e1ndez Mend\u00eda; intendentas e intendentes y titulares de Registros Civiles y Juzgados de Paz participaron del acto<br>El intendente anfitri\u00f3n celebr\u00f3 que \u201cpor primera vez un ministro nacional visita nuestro pueblo\u201d y agradeci\u00f3 al gobernador Ziliotto, quien \u201cdesde el regreso de la democracia a la fecha es el Gobernador que m\u00e1s veces ha venido a Lonquimay\u201d.<br>Destac\u00f3 el criterio \u201cfederal\u201d con el que trabajan los gobiernos nacional y provincial y puso de relieve que \u201cesas pol\u00edticas posibilitaron que localidades chicas como la nuestra hayamos recibido, como la dem\u00e1s de la Provincia: ambulancias, viviendas y hoy este equipamiento\u201d.<\/p>\n\n\n\n<p><strong>Calidad institucional y trabajo articulado<br><\/strong>El gobernador Ziliotto dio la bienvenida a Mart\u00edn Soria y enfatiz\u00f3 que \u201csalir al territorio es una caracter\u00edstica del Gobierno nacional y del provincial, pero tambi\u00e9n forma parte de esa integraci\u00f3n patag\u00f3nica que nos incluy\u00f3 a trav\u00e9s de pol\u00edticas p\u00fablicas\u201d.<br>\u201cEsta entrega -dijo el mandatario- se enmarca en la concepci\u00f3n de un Gobierno nacional que impuso una agenda federal que se complementa con la vocaci\u00f3n de La Pampa de una pol\u00edtica de Estado que llamamos descentralizaci\u00f3n y tienen un eje en com\u00fan: llegar a cada rinc\u00f3n con pol\u00edticas de inclusi\u00f3n e igualdad de oportunidades\u201d.<br>\u201cHoy llegamos con equipamiento tecnol\u00f3gico a cada una de las 80 localidades pampeanas. Es un derecho que tienen las y los pampeanos, vivan cerca o lejos, tengan pocos o muchos habitantes. M\u00e1s a\u00fan en los tiempos que vivimos, miramos a partir de la necesidad que genera un derecho y no a partir de la cuant\u00eda del padr\u00f3n electoral. Estas son pol\u00edticas p\u00fablicas que trascienden en el tiempo\u201d dijo el Gobernador.<br>A p\u00e1rrafo seguido enfatiz\u00f3 que \u201cse trata de la calidad institucional que construimos entre todas y todos en La Pampa desde que somos Provincia, con respeto a la divisi\u00f3n de poderes y en el marco de la obligaci\u00f3n de trabajar en conjunto, lo hacemos permanentemente con el Poder Judicial en una articulaci\u00f3n que significa espacios comunes, obligaciones y decisiones comunes\u201d.<br>Detall\u00f3 adem\u00e1s que en La Pampa se lleva adelante \u201cun proceso de despapelizaci\u00f3n del Estado, en conjunto con la Jefatura de Gabinete de la Naci\u00f3n, que nos permitir\u00e1 trabajar de forma remota y totalmente integrados. Avanzamos en ese proceso junto al Poder Judicial. La pandemia provoc\u00f3 el aceleramiento de la digitalizaci\u00f3n, que pas\u00f3 de ser un proceso a ser un suceso, hubo que resolverlo de inmediato\u201d.<\/p>\n\n\n\n<p><strong>Federalizar las pol\u00edticas de Estado<br><\/strong>El ministro Mart\u00edn Soria precis\u00f3 que \u201cel acuerdo que hoy se est\u00e1 convirtiendo en realidad, permite fortalecer el eslab\u00f3n del sistema de justicia provincial m\u00e1s cercano a la gente, como lo son los registros civiles y los juzgados de paz. Quienes venimos del interior sabemos que estos organismos cumplen una funci\u00f3n social, legal y de acompa\u00f1amiento permanente en cada localidad. Estamos dando un paso fundamental en La Pampa en materia de acceso a la justicia para todos los pampeanos y pampeanas\u201d expres\u00f3 Soria.<br>Detall\u00f3 que \u201ceste proyecto arranc\u00f3 en 2017. Otro era el Gobierno, uno al que no le interesaba que las localidades m\u00e1s peque\u00f1as de La Pampa, o del interior profundo de la Argentina, tuvieran en sus Registros Civiles y sus Juzgados de Paz la posibilidad de contar con tecnolog\u00eda. El acuerdo se firm\u00f3, pero al equipamiento no lo trajeron. Por eso la importancia de federalizar este tipo de pol\u00edticas\u201d.<br>\u201cLos registros son el primer lugar donde un vecino va a buscar ayuda, a hacer un tr\u00e1mite, y tener tecnolog\u00eda resulta fundamental. Por eso trabajamos y seguimos trabajando. Me siento orgulloso porque hoy concretamos algo que arranc\u00f3 hace seis a\u00f1os y no se hab\u00eda querido cumplir, pero no cumplir con un gobernador o con un intendente, no quisieron cumplir con la Argentina, con las y los vecinos de cada provincia, y hoy lo estamos haciendo\u201d, concluy\u00f3 el ministro.<\/p>\n<div class=\"sharedaddy sd-sharing-enabled\"><div class=\"robots-nocontent sd-block sd-social sd-social-icon sd-sharing\"><h3 class=\"sd-title\">Comparte esto:<\/h3><div class=\"sd-content\"><ul><li class=\"share-twitter\"><a rel=\"nofollow noopener noreferrer\" data-shared=\"sharing-twitter-36219\" class=\"share-twitter sd-button share-icon no-text\" href=\"http:\/\/www.rtvnoticias.com.ar\/?p=36219&amp;share=twitter\" target=\"_blank\" title=\"Haz clic para compartir en Twitter\"><span><\/span><span class=\"sharing-screen-reader-text\">Haz clic para compartir en Twitter (Se abre en una ventana nueva)<\/span><\/a><\/li><li class=\"share-facebook\"><a rel=\"nofollow noopener noreferrer\" data-shared=\"sharing-facebook-36219\" class=\"share-facebook sd-button share-icon no-text\" href=\"http:\/\/www.rtvnoticias.com.ar\/?p=36219&amp;share=facebook\" target=\"_blank\" title=\"Haz clic para compartir en Facebook\"><span><\/span><span class=\"sharing-screen-reader-text\">Haz clic para compartir en Facebook (Se abre en una ventana nueva)<\/span><\/a><\/li><li class=\"share-jetpack-whatsapp\"><a rel=\"nofollow noopener noreferrer\" data-shared=\"\" class=\"share-jetpack-whatsapp sd-button share-icon no-text\" href=\"http:\/\/www.rtvnoticias.com.ar\/?p=36219&amp;share=jetpack-whatsapp\" target=\"_blank\" title=\"Haz clic para compartir en WhatsApp\"><span><\/span><span class=\"sharing-screen-reader-text\">Haz clic para compartir en WhatsApp (Se abre en una ventana nueva)<\/span><\/a><\/li><li class=\"share-telegram\"><a rel=\"nofollow noopener noreferrer\" data-shared=\"\" class=\"share-telegram sd-button share-icon no-text\" href=\"http:\/\/www.rtvnoticias.com.ar\/?p=36219&amp;share=telegram\" target=\"_blank\" title=\"Haz clic para compartir en Telegram\"><span><\/span><span class=\"sharing-screen-reader-text\">Haz clic para compartir en Telegram (Se abre en una ventana nueva)<\/span><\/a><\/li><li class=\"share-end\"><\/li><\/ul><\/div><\/div><\/div>","protected":false},"excerpt":{"rendered":"<p>\u201cEstas son pol\u00edticas p\u00fablicas que trascienden en el tiempo\u201d, asegur\u00f3 el gobernador Sergio Ziliotto en Lonquimay, donde junto al ministro de Justicia y Derechos Humanos<\/p>\n<div class=\"sharedaddy sd-sharing-enabled\"><div class=\"robots-nocontent sd-block sd-social sd-social-icon sd-sharing\"><h3 class=\"sd-title\">Comparte esto:<\/h3><div class=\"sd-content\"><ul><li class=\"share-twitter\"><a rel=\"nofollow noopener noreferrer\" data-shared=\"sharing-twitter-36219\" class=\"share-twitter sd-button share-icon no-text\" href=\"http:\/\/www.rtvnoticias.com.ar\/?p=36219&amp;share=twitter\" target=\"_blank\" title=\"Haz clic para compartir en Twitter\"><span><\/span><span class=\"sharing-screen-reader-text\">Haz clic para compartir en Twitter (Se abre en una ventana nueva)<\/span><\/a><\/li><li class=\"share-facebook\"><a rel=\"nofollow noopener noreferrer\" data-shared=\"sharing-facebook-36219\" class=\"share-facebook sd-button share-icon no-text\" href=\"http:\/\/www.rtvnoticias.com.ar\/?p=36219&amp;share=facebook\" target=\"_blank\" title=\"Haz clic para compartir en Facebook\"><span><\/span><span class=\"sharing-screen-reader-text\">Haz clic para compartir en Facebook (Se abre en una ventana nueva)<\/span><\/a><\/li><li class=\"share-jetpack-whatsapp\"><a rel=\"nofollow noopener noreferrer\" data-shared=\"\" class=\"share-jetpack-whatsapp sd-button share-icon no-text\" href=\"http:\/\/www.rtvnoticias.com.ar\/?p=36219&amp;share=jetpack-whatsapp\" target=\"_blank\" title=\"Haz clic para compartir en WhatsApp\"><span><\/span><span class=\"sharing-screen-reader-text\">Haz clic para compartir en WhatsApp (Se abre en una ventana nueva)<\/span><\/a><\/li><li class=\"share-telegram\"><a rel=\"nofollow noopener noreferrer\" data-shared=\"\" class=\"share-telegram sd-button share-icon no-text\" href=\"http:\/\/www.rtvnoticias.com.ar\/?p=36219&amp;share=telegram\" target=\"_blank\" title=\"Haz clic para compartir en Telegram\"><span><\/span><span class=\"sharing-screen-reader-text\">Haz clic para compartir en Telegram (Se abre en una ventana nueva)<\/span><\/a><\/li><li class=\"share-end\"><\/li><\/ul><\/div><\/div><\/div>","protected":false},"author":7,"featured_media":36220,"comment_status":"closed","ping_status":"closed","sticky":false,"template":"","format":"standard","meta":{"spay_email":"","jetpack_publicize_message":"","jetpack_is_tweetstorm":false,"jetpack_publicize_feature_enabled":true},"categories":[4],"tags":[],"jetpack_featured_media_url":"http:\/\/www.rtvnoticias.com.ar\/wp-content\/uploads\/2023\/04\/ziliotto-dgrc-scaled.jpg","jetpack_publicize_connections":[],"jetpack_sharing_enabled":true,"_links":{"self":[{"href":"http:\/\/www.rtvnoticias.com.ar\/index.php?rest_route=\/wp\/v2\/posts\/36219"}],"collection":[{"href":"http:\/\/www.rtvnoticias.com.ar\/index.php?rest_route=\/wp\/v2\/posts"}],"about":[{"href":"http:\/\/www.rtvnoticias.com.ar\/index.php?rest_route=\/wp\/v2\/types\/post"}],"author":[{"embeddable":true,"href":"http:\/\/www.rtvnoticias.com.ar\/index.php?rest_route=\/wp\/v2\/users\/7"}],"replies":[{"embeddable":true,"href":"http:\/\/www.rtvnoticias.com.ar\/index.php?rest_route=%2Fwp%2Fv2%2Fcomments&post=36219"}],"version-history":[{"count":1,"href":"http:\/\/www.rtvnoticias.com.ar\/index.php?rest_route=\/wp\/v2\/posts\/36219\/revisions"}],"predecessor-version":[{"id":36221,"href":"http:\/\/www.rtvnoticias.com.ar\/index.php?rest_route=\/wp\/v2\/posts\/36219\/revisions\/36221"}],"wp:featuredmedia":[{"embeddable":true,"href":"http:\/\/www.rtvnoticias.com.ar\/index.php?rest_route=\/wp\/v2\/media\/36220"}],"wp:attachment":[{"href":"http:\/\/www.rtvnoticias.com.ar\/index.php?rest_route=%2Fwp%2Fv2%2Fmedia&parent=36219"}],"wp:term":[{"taxonomy":"category","embeddable":true,"href":"http:\/\/www.rtvnoticias.com.ar\/index.php?rest_route=%2Fwp%2Fv2%2Fcategories&post=36219"},{"taxonomy":"post_tag","embeddable":true,"href":"http:\/\/www.rtvnoticias.com.ar\/index.php?rest_route=%2Fwp%2Fv2%2Ftags&post=36219"}],"curies":[{"name":"wp","href":"https:\/\/api.w.org\/{rel}","templated":true}]}}