{"id":36228,"date":"2023-04-13T08:46:19","date_gmt":"2023-04-13T11:46:19","guid":{"rendered":"http:\/\/www.rtvnoticias.com.ar\/?p=36228"},"modified":"2023-04-13T08:46:23","modified_gmt":"2023-04-13T11:46:23","slug":"la-unlpam-tendra-facultad-de-ciencias-de-la-salud","status":"publish","type":"post","link":"http:\/\/www.rtvnoticias.com.ar\/?p=36228","title":{"rendered":"La UNLPam tendr\u00e1 Facultad de Ciencias de la Salud"},"content":{"rendered":"\n<p>Por unanimidad, la asamblea universitaria cre\u00f3 la Facultad de Ciencias de la Salud. Tendr\u00e1 dos sedes: una en Santa Rosa y otra en General Pico.<br>\u201cLa Asamblea de la Universitaria Nacional de La Pampa aprob\u00f3 la creaci\u00f3n de la nueva Facultad de Ciencias de la Salud. Con la coherencia hist\u00f3rica de sostener la Salud P\u00fablica como pol\u00edtica de Estado, seguiremos apoyando fuertemente a nuestra Universidad en este enorme desaf\u00edo\u201d, afirm\u00f3 el gobernador Sergio Ziliotto en redes sociales.<\/p>\n\n\n\n<p>Despu\u00e9s de tres horas de debate, la Asamblea Universitaria de la Universidad Nacional de La Pampa -realizada en el Aula Magna de esa instituci\u00f3n- aprob\u00f3 por unanimidad la creaci\u00f3n de la Facultad de Ciencias de la Salud. La asamblea fue convocada por la vicerrectora Mar\u00eda Emma Mart\u00edn, despu\u00e9s de 22 a\u00f1os de la anterior reuni\u00f3n de ese cuerpo.<\/p>\n\n\n\n<p>Hubo cuestionamientos a la rapidez de la convocatoria -incluso que la haya hecho el rectorado y no el Consejo Superior- pero al momento de la votaci\u00f3n no logr\u00f3 respaldo. Y tampoco no hubo asamble\u00edstas que quisieran figurar como abstenciones en el recuento de votos.<\/p>\n\n\n\n<p>Tambi\u00e9n se vot\u00f3 el Estatuto de la nueva Facultad, donde hay cl\u00e1usulas transitorias para la puesta en marcha de la casa de estudios y la transici\u00f3n hacia la elecci\u00f3n de autoridades y la conformaci\u00f3n de los claustros.<\/p>\n\n\n\n<p>La consejera Marianela Pfund (estudiante, Sumate) brind\u00f3 un sentido discurso: \u00abVenimos a crear una Facultad de Ciencias Humanas al servicio de la salud P\u00fablica\u00bb, expres\u00f3. \u00abTuve un diagn\u00f3stico de c\u00e1ncer hace dos a\u00f1os, la Salud P\u00fabica me acogi\u00f3 y me salv\u00f3. Y me dio otra oportunidad\u00bb, dijo. Asegur\u00f3 que la universidad debe estar \u00abal servicio de las mayor\u00edas\u00bb.<\/p>\n\n\n\n<p>La consejera Mar\u00eda Graciela di Franco afirm\u00f3 que la Facultad a crear debe tener un \u00abfuerte perfil human\u00edstico y comunitario\u00bb. Dijo que la formaci\u00f3n de esa facultad debe apuntar a \u00abla salud integral, bio-sico-social, como lo exige la universidad\u00bb. Pidi\u00f3 que el mandato estatutario incluya ese perfil, adem\u00e1s que remarc\u00f3 lo positivo de una formaci\u00f3n de profesionales de la salud \u00aba partir de escenarios propios\u00bb.<\/p>\n\n\n\n<p>La decana de Humanas, Beatriz Cossio pidi\u00f3 la inclusi\u00f3n de la docencia preuniversitaria en el estatuto de la UNLPam. Apunt\u00f3 a los docentes del Colegio Secundario de la Universidad.<\/p>\n\n\n\n<p>La docente Leticia Garc\u00eda pidi\u00f3 \u00abderecho a la ciudadan\u00eda pol\u00edtica universitaria\u00bb para los docentes preuniversitario que a\u00fan no pueden participar de la elecci\u00f3n de autoridades. Record\u00f3 que el colegio tiene 40 a\u00f1os. \u00abExigimos la ciudadan\u00eda pol\u00edtica\u00bb, dijo.<\/p>\n\n\n\n<p>La docente Claudia Trota apunt\u00f3 a la urgencia de la convocatoria. Advirti\u00f3 la \u00abceleridad\u00bb del llamado a la asamblea universitaria. \u00abLo m\u00ednimo que necesitamos, informaci\u00f3n y tiempo para consultar a los docentes, estudiantes y quienes representamos. Actuando de esta manera no damos el ejemplo a nuestros estudiantes\u00bb, dijo.<\/p>\n\n\n\n<p>La decana de la Facultad de Agronom\u00eda, L\u00eda Molas, fue la primera voz que advirti\u00f3 por la cuesti\u00f3n presupuestaria. \u00abApoyo la iniciativa. Pero necesitamos informaci\u00f3n, del financiamiento. Tenemos que actuar responsablemente\u00bb, dijo. Advirti\u00f3 que en el a\u00f1o 2022 el presupuesto de la UNLPam \u00abse termin\u00f3 en octubre\u00bb. De esta manera; Molas dej\u00f3 flotando que el respaldo a la creaci\u00f3n estaba sujeto a una fehaciente informaci\u00f3n. Apunt\u00f3 a los cargos y a las dos sedes que prev\u00e9 la nueva facultad a crear.<\/p>\n\n\n\n<p>Otros de los cuestionamientos es la falta proyectos de investigaci\u00f3n y extensi\u00f3n universitaria.<\/p>\n\n\n\n<p>El docente y abogado Sebasti\u00e1n Pa\u00eds Rojo (integrante de la lista de Oscar Alpa, consejero superior docente auxiliar) consider\u00f3 \u00ableg\u00edtimas\u00bb las dudas sobre el financiamiento de la nueva carrera. Dijo que el presupuesto de la UNLPam, en el marco nacional, creci\u00f3 un 0,5% entre 2019-2023. \u00abFue gesti\u00f3n pol\u00edtica, porque el decano Oscar Alpa es secretario de Pol\u00edticas Universitarias. Creci\u00f3 389 millones de pesos. Pero este a\u00f1o hay elecciones (generales), esto puede cambiar\u00bb, dijo.<\/p>\n\n\n\n<p>Consider\u00f3 que en ese marco los consejeros defender\u00e1n los recursos de cada Facultad de cada al Presupuesto 2023. Pero al mismo tiempo, mencion\u00f3 que est\u00e1 en funcionamiento la carrera de Enfermer\u00eda.: tiene 184 cargos que est\u00e1n financiados por el presupuesto propio de la Facultad de Exactas y Naturales. Y que no habr\u00e1 fondos para Ciencias de la Salud en detrimento de otros presupuestos.<\/p>\n\n\n\n<p>Afirm\u00f3 que la decisi\u00f3n presupuestaria para la nueva Facultad es del Consejo Superior. \u00abEn la actualidad el financiamiento de la carrera de Enfermer\u00eda es de 382 millones de pesos\u00bb, dijo Pa\u00eds Rojo al salir al cruce de las advertencias por el financiamiento. Admiti\u00f3 que a la asamblea universitaria se lleg\u00f3 sin informaci\u00f3n sobre los n\u00fameros y presupuestos sobre la creaci\u00f3n de la Facultad.<\/p>\n\n\n\n<p>\u00abEl tiempo pol\u00edtico es hoy, el tiempo presupuestario ahora para hacer una universidad nacional de La Pampa m\u00e1s grande\u00bb, dijo Pa\u00eds Rojo quien tuvo la intervenci\u00f3n m\u00e1s extensa y desat\u00f3 el aplauso m\u00e1s encendido de los asamble\u00edstas.<\/p>\n\n\n\n<p>El consejero Federico Martocci tambi\u00e9n advirti\u00f3 por la decisi\u00f3n de crear una nueva facultad. Record\u00f3 que en otros momentos, en la nacionalizaci\u00f3n, hubo recursos y fondos para edificios, sedes, laboratorios y cargos. Pero que la actual crisis econ\u00f3mica impacta en la vida universitaria, con salarios universitarios bajos y conflictos salariales.<\/p>\n\n\n\n<p>La docente auxiliar Mar\u00eda Delgado plante\u00f3 sus dudas por la falta de informaci\u00f3n. Y reclam\u00f3 datos. \u00abQuieren convertir la asamblea en un tr\u00e1mite administrativo\u00bb, dijo por el proceso vertiginoso del llamado a la asamblea universitaria. Consider\u00f3 que se debi\u00f3 democratizar y brindar informaci\u00f3n en otras instancias. \u00abNo me alcanza con lo que se dijo\u00bb, expres\u00f3 Delgado.<\/p>\n\n\n\n<p>El decano de la Facultad de Ciencias Veterinarias y exministro de la Producci\u00f3n, Abelardo Ferr\u00e1n, apoy\u00f3 enf\u00e1ticamente la creaci\u00f3n de la facultad, Pidi\u00f3 dejar de lado las objeciones y reconocer la lucha de los que pusieron en marcha la carrera de enfermer\u00eda.<\/p>\n\n\n\n<p>Las consejeras Roxana Moreta y L\u00eda Norverto cuestionaron la convocatoria urgente, Norverto habl\u00f3 de \u00abdesconcierto\u00bb sobre el modo que se realiz\u00f3 el llamado. Consider\u00f3 que hubo una falla en el ejercicio democr\u00e1tico por la falta de posibilidad de consulta. \u00abSeamos responsables\u00bb, dijo la docente que respald\u00f3 la creaci\u00f3n de la facultad, pero que no debe darse en un contexto de incertidumbre financiera.<\/p>\n\n\n\n<p>\u00abNo se trata de aprovechar que tengamos acceso por a los fondos por una cuesti\u00f3n pol\u00edtica\u00bb, dijo Norverto.<\/p>\n\n\n\n<p>La convocatoria se hizo en los t\u00e9rminos de los Art\u00edculos 80\u00ba a 83\u00ba del Estatuto de la UNLPam.<\/p>\n\n\n\n<p>Fuente: El Diario de La Pampa<\/p>\n<div class=\"sharedaddy sd-sharing-enabled\"><div class=\"robots-nocontent sd-block sd-social sd-social-icon sd-sharing\"><h3 class=\"sd-title\">Comparte esto:<\/h3><div class=\"sd-content\"><ul><li class=\"share-twitter\"><a rel=\"nofollow noopener noreferrer\" data-shared=\"sharing-twitter-36228\" class=\"share-twitter sd-button share-icon no-text\" href=\"http:\/\/www.rtvnoticias.com.ar\/?p=36228&amp;share=twitter\" target=\"_blank\" title=\"Haz clic para compartir en Twitter\"><span><\/span><span class=\"sharing-screen-reader-text\">Haz clic para compartir en Twitter (Se abre en una ventana nueva)<\/span><\/a><\/li><li class=\"share-facebook\"><a rel=\"nofollow noopener noreferrer\" data-shared=\"sharing-facebook-36228\" class=\"share-facebook sd-button share-icon no-text\" href=\"http:\/\/www.rtvnoticias.com.ar\/?p=36228&amp;share=facebook\" target=\"_blank\" title=\"Haz clic para compartir en Facebook\"><span><\/span><span class=\"sharing-screen-reader-text\">Haz clic para compartir en Facebook (Se abre en una ventana nueva)<\/span><\/a><\/li><li class=\"share-jetpack-whatsapp\"><a rel=\"nofollow noopener noreferrer\" data-shared=\"\" class=\"share-jetpack-whatsapp sd-button share-icon no-text\" href=\"http:\/\/www.rtvnoticias.com.ar\/?p=36228&amp;share=jetpack-whatsapp\" target=\"_blank\" title=\"Haz clic para compartir en WhatsApp\"><span><\/span><span class=\"sharing-screen-reader-text\">Haz clic para compartir en WhatsApp (Se abre en una ventana nueva)<\/span><\/a><\/li><li class=\"share-telegram\"><a rel=\"nofollow noopener noreferrer\" data-shared=\"\" class=\"share-telegram sd-button share-icon no-text\" href=\"http:\/\/www.rtvnoticias.com.ar\/?p=36228&amp;share=telegram\" target=\"_blank\" title=\"Haz clic para compartir en Telegram\"><span><\/span><span class=\"sharing-screen-reader-text\">Haz clic para compartir en Telegram (Se abre en una ventana nueva)<\/span><\/a><\/li><li class=\"share-end\"><\/li><\/ul><\/div><\/div><\/div>","protected":false},"excerpt":{"rendered":"<p>Por unanimidad, la asamblea universitaria cre\u00f3 la Facultad de Ciencias de la Salud. Tendr\u00e1 dos sedes: una en Santa Rosa y otra en General Pico.\u201cLa<\/p>\n<div class=\"sharedaddy sd-sharing-enabled\"><div class=\"robots-nocontent sd-block sd-social sd-social-icon sd-sharing\"><h3 class=\"sd-title\">Comparte esto:<\/h3><div class=\"sd-content\"><ul><li class=\"share-twitter\"><a rel=\"nofollow noopener noreferrer\" data-shared=\"sharing-twitter-36228\" class=\"share-twitter sd-button share-icon no-text\" href=\"http:\/\/www.rtvnoticias.com.ar\/?p=36228&amp;share=twitter\" target=\"_blank\" title=\"Haz clic para compartir en Twitter\"><span><\/span><span class=\"sharing-screen-reader-text\">Haz clic para compartir en Twitter (Se abre en una ventana nueva)<\/span><\/a><\/li><li class=\"share-facebook\"><a rel=\"nofollow noopener noreferrer\" data-shared=\"sharing-facebook-36228\" class=\"share-facebook sd-button share-icon no-text\" href=\"http:\/\/www.rtvnoticias.com.ar\/?p=36228&amp;share=facebook\" target=\"_blank\" title=\"Haz clic para compartir en Facebook\"><span><\/span><span class=\"sharing-screen-reader-text\">Haz clic para compartir en Facebook (Se abre en una ventana nueva)<\/span><\/a><\/li><li class=\"share-jetpack-whatsapp\"><a rel=\"nofollow noopener noreferrer\" data-shared=\"\" class=\"share-jetpack-whatsapp sd-button share-icon no-text\" href=\"http:\/\/www.rtvnoticias.com.ar\/?p=36228&amp;share=jetpack-whatsapp\" target=\"_blank\" title=\"Haz clic para compartir en WhatsApp\"><span><\/span><span class=\"sharing-screen-reader-text\">Haz clic para compartir en WhatsApp (Se abre en una ventana nueva)<\/span><\/a><\/li><li class=\"share-telegram\"><a rel=\"nofollow noopener noreferrer\" data-shared=\"\" class=\"share-telegram sd-button share-icon no-text\" href=\"http:\/\/www.rtvnoticias.com.ar\/?p=36228&amp;share=telegram\" target=\"_blank\" title=\"Haz clic para compartir en Telegram\"><span><\/span><span class=\"sharing-screen-reader-text\">Haz clic para compartir en Telegram (Se abre en una ventana nueva)<\/span><\/a><\/li><li class=\"share-end\"><\/li><\/ul><\/div><\/div><\/div>","protected":false},"author":7,"featured_media":36229,"comment_status":"closed","ping_status":"closed","sticky":false,"template":"","format":"standard","meta":{"spay_email":"","jetpack_publicize_message":"","jetpack_is_tweetstorm":false,"jetpack_publicize_feature_enabled":true},"categories":[4],"tags":[],"jetpack_featured_media_url":"http:\/\/www.rtvnoticias.com.ar\/wp-content\/uploads\/2023\/04\/unlpam-facultad-salud.jpg","jetpack_publicize_connections":[],"jetpack_sharing_enabled":true,"_links":{"self":[{"href":"http:\/\/www.rtvnoticias.com.ar\/index.php?rest_route=\/wp\/v2\/posts\/36228"}],"collection":[{"href":"http:\/\/www.rtvnoticias.com.ar\/index.php?rest_route=\/wp\/v2\/posts"}],"about":[{"href":"http:\/\/www.rtvnoticias.com.ar\/index.php?rest_route=\/wp\/v2\/types\/post"}],"author":[{"embeddable":true,"href":"http:\/\/www.rtvnoticias.com.ar\/index.php?rest_route=\/wp\/v2\/users\/7"}],"replies":[{"embeddable":true,"href":"http:\/\/www.rtvnoticias.com.ar\/index.php?rest_route=%2Fwp%2Fv2%2Fcomments&post=36228"}],"version-history":[{"count":1,"href":"http:\/\/www.rtvnoticias.com.ar\/index.php?rest_route=\/wp\/v2\/posts\/36228\/revisions"}],"predecessor-version":[{"id":36230,"href":"http:\/\/www.rtvnoticias.com.ar\/index.php?rest_route=\/wp\/v2\/posts\/36228\/revisions\/36230"}],"wp:featuredmedia":[{"embeddable":true,"href":"http:\/\/www.rtvnoticias.com.ar\/index.php?rest_route=\/wp\/v2\/media\/36229"}],"wp:attachment":[{"href":"http:\/\/www.rtvnoticias.com.ar\/index.php?rest_route=%2Fwp%2Fv2%2Fmedia&parent=36228"}],"wp:term":[{"taxonomy":"category","embeddable":true,"href":"http:\/\/www.rtvnoticias.com.ar\/index.php?rest_route=%2Fwp%2Fv2%2Fcategories&post=36228"},{"taxonomy":"post_tag","embeddable":true,"href":"http:\/\/www.rtvnoticias.com.ar\/index.php?rest_route=%2Fwp%2Fv2%2Ftags&post=36228"}],"curies":[{"name":"wp","href":"https:\/\/api.w.org\/{rel}","templated":true}]}}