{"id":36233,"date":"2023-04-13T18:11:13","date_gmt":"2023-04-13T21:11:13","guid":{"rendered":"http:\/\/www.rtvnoticias.com.ar\/?p=36233"},"modified":"2023-04-13T18:11:16","modified_gmt":"2023-04-13T21:11:16","slug":"katopodis-en-pico-vinimos-a-cumplir-con-un-paso-mas-y-con-un-compromiso","status":"publish","type":"post","link":"http:\/\/www.rtvnoticias.com.ar\/?p=36233","title":{"rendered":"Katopodis en Pico: \u00abVinimos a cumplir con un paso m\u00e1s y con un compromiso\u00bb"},"content":{"rendered":"\n<p>Este jueves arrib\u00f3 a esta ciudad el ministro de Obras P\u00fablicas de la Naci\u00f3n, Gabriel Katopodis, quien vino a anunciar junto al gobernador Sergio Ziliotto y a la intendenta piquense, Fernanda Alonso, la adjudicaci\u00f3n para la ejecuci\u00f3n de la segunda etapa del Acueducto del R\u00edo Colorado, y obras complementarias.<\/p>\n\n\n\n<p>Dicho anuncio tuvo lugar en la sala de exposiciones de MEDANO donde adem\u00e1s detallaron que la construcci\u00f3n de esta importante obra estar\u00e1 a cargo de la uni\u00f3n transitoria conformada por las empresas CPC SA., Supercemento S.A.I.C, Rovella Carranza SA. y C&amp;E Construcciones SA. El acueducto permitir\u00e1 enlazar Santa Rosa con nuestra ciudad y las localidades intermedias, beneficiando con este proyecto a Winifreda, Eduardo Castex, Monte Nievas y Metileo.<\/p>\n\n\n\n<p>Los trabajos consistir\u00e1n en la elaboraci\u00f3n de un acueducto de 140 kil\u00f3metros que comprender\u00e1 la instalaci\u00f3n de una estaci\u00f3n de bombeo troncal en Santa Rosa, una cisterna de reserva de 5.000 m3 en Eduardo Castex y la adecuaci\u00f3n de la Planta Potabilizadora Pichi Mahuida. Adem\u00e1s, contar\u00e1 con tres cisternas de 50m3, 500 m3 y 2.500 m3.<\/p>\n\n\n\n<p>Una vez finalizada, dotar\u00e1 de agua potable a 158 mil vecinos y vecinas, quienes hasta el momento se abastecen de aguas subterr\u00e1neas con excesivas concentraciones de fl\u00faor y de ars\u00e9nico, provenientes de acu\u00edferos con limitada capacidad para atender demandas.<\/p>\n\n\n\n<p>Estuvieron presentes en dicho anuncio el ministro de Obras P\u00fablicas de la Naci\u00f3n, Gabriel Katopodis; el gobernador de La Pampa, Sergio Ziliotto; la intendenta Fernanda Alonso; el ministro de Obras y Servicios P\u00fablicos de La Pampa, Julio Rojo; el subadministrador de Vialidad Nacional, Alejandro Urdapilleta; el subadministrador de ENOHSA, N\u00e9stor \u00c1lvarez; dem\u00e1s autoridades locales, provinciales y nacionales.<\/p>\n\n\n\n<p>La jefa comunal piquense se refiri\u00f3 a esta importante posibilidad: \u201cEstamos m\u00e1s que contentos de vivir todo este proceso del que hemos podido ser parte y protagonistas, de cada uno de los pasos que se fueron dando para poder contar hoy con una empresa que va a llevar a cabo esta conexi\u00f3n entre el acueducto de Santa Rosa y llegar a General Pico\u201d.<\/p>\n\n\n\n<p>En esta misma l\u00ednea, destac\u00f3 y valor\u00f3 \u201cque podamos contar con esa calidad de agua que buscamos para el consumo humano, para todos nuestros vecinos y vecinas piquenses. Es un honor. Esta oportunidad de trabajar en forma conjunta entre los gobiernos y con las mismas intenciones, hace todo mucho m\u00e1s f\u00e1cil\u201d.<\/p>\n\n\n\n<p>El mandatario provincial, a su turno, afirm\u00f3: \u201cLa construcci\u00f3n de la segunda etapa del acueducto del R\u00edo Colorado es una obra de 35 mil millones de pesos. Est\u00e1 planificada hace mucho tiempo, ya que en el a\u00f1o 2016 logramos incluirla en el presupuesto 2017 siendo aprobada por el Congreso Nacional\u201d.<\/p>\n\n\n\n<p>Destac\u00f3, en torno a ello, que \u201cesos 1.980 millones de pesos nunca vinieron a La Pampa porque el presidente de turno decidi\u00f3 aumentar los recursos para el Paseo del Bajo de la ciudad de Buenos Aires\u201d. \u201cNo se trata de discursos o relatos, sino realidades y La Pampa volvi\u00f3 a estar en el radar nacional\u201d, apunt\u00f3.<\/p>\n\n\n\n<p>Ziliotto continu\u00f3: \u201cCon esa plata que ten\u00edamos que recibir los pampeanos, y que eran recursos de todos los argentinos, quiz\u00e1s el Acueducto ser\u00eda una realidad. Pero hoy va a ser construido, va a ser una realidad, en virtud del trabajo en conjunto con el municipio, provincia y naci\u00f3n\u201d.<\/p>\n\n\n\n<p>Por su parte, el ministro Katopodis, se\u00f1al\u00f3: \u201cVinimos a cumplir con un paso m\u00e1s y con un compromiso. Estuvo en el presupuesto que el gobernador Ziliotto impuls\u00f3, tambi\u00e9n Verna y fue el Gobierno de La Pampa el que gestion\u00f3 esta segunda etapa en el Gobierno de la Naci\u00f3n. Vengo a cumplir con ello, pero a dar un paso m\u00e1s que es la adjudicaci\u00f3n de estos 145 kil\u00f3metros que van a permitir cumplir con una deuda para toda la regi\u00f3n\u201d.<\/p>\n\n\n\n<p>En este sentido, asegur\u00f3 que \u201cla obra ya fue licitada, con un presupuesto asignado, con lo cual pr\u00f3ximamente se firmar\u00e1 el contrato y vamos a tener el obrador en General Pico\u201d.<\/p>\n\n\n\n<p>El responsable de la cartera de Obras P\u00fablicas de la Naci\u00f3n, a\u00f1adi\u00f3: \u201cQue empiece la ejecuci\u00f3n de esta segunda etapa del acueducto es muy importante y habla de la decisi\u00f3n de un Presidente que sigue sosteniendo la obra p\u00fablica. Por ello, no podemos destruir o frenar aquello que nos funcion\u00f3 y lo que nos va a permitir superar obst\u00e1culos\u201d<\/p>\n\n\n\n<p>El funcionario nacional, destac\u00f3 el progreso de la provincia: \u201cHoy La Pampa tiene, de parte del Gobierno Nacional, la inversi\u00f3n en obra p\u00fablica m\u00e1s extraordinaria de la historia de la provincia, m\u00e1s de 80 mil millones de pesos, m\u00e1s de 150 proyectos y obras, muchas con esfuerzo conjunto entre los gobiernos. No hay dudas de que hay un gobernador muy comprometido desde el primer d\u00eda defendiendo los intereses de las y los pampeanos\u201d.<\/p>\n\n\n\n<p><strong>Recorrido<\/strong><\/p>\n\n\n\n<p>Tras ello, las autoridades realizaron un recorrido por diferentes obras que est\u00e1n en pleno estado de desarrollo en General Pico, como la correspondiente a la cisterna central, de 5.000 m3 que se ubica en el predio de APySU, en calle 11 entre 104 y 106. Luego visitaron las labores de la nueva cisterna de 1.000 m3 y tanque elevado de 400 m3, en barrio Sur.<\/p>\n\n\n\n<p>Una vez all\u00ed, la intendenta Alonso se\u00f1al\u00f3: \u201cVer el avance de las obras y a cu\u00e1ntos vecinos va a alcanzar, nos reconforta. Vamos muy bien en tiempo y en forma, lo que nos dar\u00e1 la posibilidad que en breve podamos acceder a 24 horas de acopio aut\u00f3nomo de agua potable\u201d.<\/p>\n\n\n\n<p>Por su parte, el secretario de Ambiente y Servicios P\u00fablicos, tambi\u00e9n se refiri\u00f3 a ello: \u201cTodas estas obras son muy importantes para el desarrollo y crecimiento de nuestro casco urbano, con un elemento vital que es el agua. Las cisternas que visitamos hoy van a servir como complemento del lanzamiento del acueducto del norte para abastecernos de agua de calidad y garantizar el derecho de las y los piquenses\u201d.<\/p>\n\n\n\n<p>A raz\u00f3n de ello, manifest\u00f3 que \u201cel trabajo en conjunto con provincia y naci\u00f3n se ve reflejado en la cantidad de obras que tiene Pico en este momento\u201d, se\u00f1alando que en la actual gesti\u00f3n hay alrededor de 200 obras incluyendo las ejecutadas y las que se encuentran en proceso, muchas de ellas construidas con fondos provinciales y nacionales.<\/p>\n<div class=\"sharedaddy sd-sharing-enabled\"><div class=\"robots-nocontent sd-block sd-social sd-social-icon sd-sharing\"><h3 class=\"sd-title\">Comparte esto:<\/h3><div class=\"sd-content\"><ul><li class=\"share-twitter\"><a rel=\"nofollow noopener noreferrer\" data-shared=\"sharing-twitter-36233\" class=\"share-twitter sd-button share-icon no-text\" href=\"http:\/\/www.rtvnoticias.com.ar\/?p=36233&amp;share=twitter\" target=\"_blank\" title=\"Haz clic para compartir en Twitter\"><span><\/span><span class=\"sharing-screen-reader-text\">Haz clic para compartir en Twitter (Se abre en una ventana nueva)<\/span><\/a><\/li><li class=\"share-facebook\"><a rel=\"nofollow noopener noreferrer\" data-shared=\"sharing-facebook-36233\" class=\"share-facebook sd-button share-icon no-text\" href=\"http:\/\/www.rtvnoticias.com.ar\/?p=36233&amp;share=facebook\" target=\"_blank\" title=\"Haz clic para compartir en Facebook\"><span><\/span><span class=\"sharing-screen-reader-text\">Haz clic para compartir en Facebook (Se abre en una ventana nueva)<\/span><\/a><\/li><li class=\"share-jetpack-whatsapp\"><a rel=\"nofollow noopener noreferrer\" data-shared=\"\" class=\"share-jetpack-whatsapp sd-button share-icon no-text\" href=\"http:\/\/www.rtvnoticias.com.ar\/?p=36233&amp;share=jetpack-whatsapp\" target=\"_blank\" title=\"Haz clic para compartir en WhatsApp\"><span><\/span><span class=\"sharing-screen-reader-text\">Haz clic para compartir en WhatsApp (Se abre en una ventana nueva)<\/span><\/a><\/li><li class=\"share-telegram\"><a rel=\"nofollow noopener noreferrer\" data-shared=\"\" class=\"share-telegram sd-button share-icon no-text\" href=\"http:\/\/www.rtvnoticias.com.ar\/?p=36233&amp;share=telegram\" target=\"_blank\" title=\"Haz clic para compartir en Telegram\"><span><\/span><span class=\"sharing-screen-reader-text\">Haz clic para compartir en Telegram (Se abre en una ventana nueva)<\/span><\/a><\/li><li class=\"share-end\"><\/li><\/ul><\/div><\/div><\/div>","protected":false},"excerpt":{"rendered":"<p>Este jueves arrib\u00f3 a esta ciudad el ministro de Obras P\u00fablicas de la Naci\u00f3n, Gabriel Katopodis, quien vino a anunciar junto al gobernador Sergio Ziliotto<\/p>\n<div class=\"sharedaddy sd-sharing-enabled\"><div class=\"robots-nocontent sd-block sd-social sd-social-icon sd-sharing\"><h3 class=\"sd-title\">Comparte esto:<\/h3><div class=\"sd-content\"><ul><li class=\"share-twitter\"><a rel=\"nofollow noopener noreferrer\" data-shared=\"sharing-twitter-36233\" class=\"share-twitter sd-button share-icon no-text\" href=\"http:\/\/www.rtvnoticias.com.ar\/?p=36233&amp;share=twitter\" target=\"_blank\" title=\"Haz clic para compartir en Twitter\"><span><\/span><span class=\"sharing-screen-reader-text\">Haz clic para compartir en Twitter (Se abre en una ventana nueva)<\/span><\/a><\/li><li class=\"share-facebook\"><a rel=\"nofollow noopener noreferrer\" data-shared=\"sharing-facebook-36233\" class=\"share-facebook sd-button share-icon no-text\" href=\"http:\/\/www.rtvnoticias.com.ar\/?p=36233&amp;share=facebook\" target=\"_blank\" title=\"Haz clic para compartir en Facebook\"><span><\/span><span class=\"sharing-screen-reader-text\">Haz clic para compartir en Facebook (Se abre en una ventana nueva)<\/span><\/a><\/li><li class=\"share-jetpack-whatsapp\"><a rel=\"nofollow noopener noreferrer\" data-shared=\"\" class=\"share-jetpack-whatsapp sd-button share-icon no-text\" href=\"http:\/\/www.rtvnoticias.com.ar\/?p=36233&amp;share=jetpack-whatsapp\" target=\"_blank\" title=\"Haz clic para compartir en WhatsApp\"><span><\/span><span class=\"sharing-screen-reader-text\">Haz clic para compartir en WhatsApp (Se abre en una ventana nueva)<\/span><\/a><\/li><li class=\"share-telegram\"><a rel=\"nofollow noopener noreferrer\" data-shared=\"\" class=\"share-telegram sd-button share-icon no-text\" href=\"http:\/\/www.rtvnoticias.com.ar\/?p=36233&amp;share=telegram\" target=\"_blank\" title=\"Haz clic para compartir en Telegram\"><span><\/span><span class=\"sharing-screen-reader-text\">Haz clic para compartir en Telegram (Se abre en una ventana nueva)<\/span><\/a><\/li><li class=\"share-end\"><\/li><\/ul><\/div><\/div><\/div>","protected":false},"author":7,"featured_media":36235,"comment_status":"closed","ping_status":"closed","sticky":false,"template":"","format":"standard","meta":{"spay_email":"","jetpack_publicize_message":"","jetpack_is_tweetstorm":false,"jetpack_publicize_feature_enabled":true},"categories":[1],"tags":[],"jetpack_featured_media_url":"http:\/\/www.rtvnoticias.com.ar\/wp-content\/uploads\/2023\/04\/katopodis-en-pico.jpg","jetpack_publicize_connections":[],"jetpack_sharing_enabled":true,"_links":{"self":[{"href":"http:\/\/www.rtvnoticias.com.ar\/index.php?rest_route=\/wp\/v2\/posts\/36233"}],"collection":[{"href":"http:\/\/www.rtvnoticias.com.ar\/index.php?rest_route=\/wp\/v2\/posts"}],"about":[{"href":"http:\/\/www.rtvnoticias.com.ar\/index.php?rest_route=\/wp\/v2\/types\/post"}],"author":[{"embeddable":true,"href":"http:\/\/www.rtvnoticias.com.ar\/index.php?rest_route=\/wp\/v2\/users\/7"}],"replies":[{"embeddable":true,"href":"http:\/\/www.rtvnoticias.com.ar\/index.php?rest_route=%2Fwp%2Fv2%2Fcomments&post=36233"}],"version-history":[{"count":1,"href":"http:\/\/www.rtvnoticias.com.ar\/index.php?rest_route=\/wp\/v2\/posts\/36233\/revisions"}],"predecessor-version":[{"id":36234,"href":"http:\/\/www.rtvnoticias.com.ar\/index.php?rest_route=\/wp\/v2\/posts\/36233\/revisions\/36234"}],"wp:featuredmedia":[{"embeddable":true,"href":"http:\/\/www.rtvnoticias.com.ar\/index.php?rest_route=\/wp\/v2\/media\/36235"}],"wp:attachment":[{"href":"http:\/\/www.rtvnoticias.com.ar\/index.php?rest_route=%2Fwp%2Fv2%2Fmedia&parent=36233"}],"wp:term":[{"taxonomy":"category","embeddable":true,"href":"http:\/\/www.rtvnoticias.com.ar\/index.php?rest_route=%2Fwp%2Fv2%2Fcategories&post=36233"},{"taxonomy":"post_tag","embeddable":true,"href":"http:\/\/www.rtvnoticias.com.ar\/index.php?rest_route=%2Fwp%2Fv2%2Ftags&post=36233"}],"curies":[{"name":"wp","href":"https:\/\/api.w.org\/{rel}","templated":true}]}}