{"id":36236,"date":"2023-04-14T11:22:04","date_gmt":"2023-04-14T14:22:04","guid":{"rendered":"http:\/\/www.rtvnoticias.com.ar\/?p=36236"},"modified":"2023-04-14T11:22:07","modified_gmt":"2023-04-14T14:22:07","slug":"importadores-internacionales-visitaron-la-zona-franca-general-pico","status":"publish","type":"post","link":"http:\/\/www.rtvnoticias.com.ar\/?p=36236","title":{"rendered":"Importadores internacionales visitaron la Zona Franca General Pico"},"content":{"rendered":"\n<p>Diez importadores internacionales de seis pa\u00edses recorrieron hoy empresas de Zona Franca con el objetivo de conocer los beneficios que \u00e9sta le ofrece a las empresas pampeanas, as\u00ed como tambi\u00e9n para que las contrapartes conozcan de cerca la oferta de productos y servicios exportables que tiene la Provincia.<\/p>\n\n\n\n<p>Participaron de la visita, Sebasti\u00e1n Lastiri, director Ejecutivo de la Agencia I-COMEX La Pampa; Germ\u00e1n Luqui, presidente de Comit\u00e9 de Vigilancia de la Zona Franca General Pico; Alejandra Alonso, directora de Relaciones Institucionales en Comit\u00e9 de Vigilancia Zona Franca; Eugenia Paturlanne, gerenta de Comercio Exterior, I-COMEX La Pampa; t\u00e9cnicos del CFI e importadores internacionales de Espa\u00f1a, Colombia, Per\u00fa, Ecuador, Brasil y Chile.<br>Sebasti\u00e1n Lastiri y Germ\u00e1n Luqui brindaron la bienvenida y dieron una explicaci\u00f3n sobre el funcionamiento y beneficios de la Zona Franca, con empresas radicadas que llevan adelante diversas actividades. Luego la delegaci\u00f3n internacional recorri\u00f3 las instalaciones de las empresas Pentasilo y Tecro Ingenier\u00eda.<\/p>\n\n\n\n<p><strong>I-COMEX<br><\/strong>El director Ejecutivo de la Agencia cont\u00f3 a la Agencia Provincial de Noticias que en el marco de las pol\u00edticas de promoci\u00f3n de exportaciones que puso en marcha el gobernador Sergio Ziliotto, entre otras cosas con la creaci\u00f3n de la Agencia I-COMEX La Pampa, \u201cen esta ocasi\u00f3n, en conjunto con el Ministerio de la Producci\u00f3n y el trabajo en el marco de la EXPOPyMEs 2023 y las rondas de negocios internacionales que vamos a desarrollar, est\u00e1 la presencia de 10 importadores de seis pa\u00edses, cinco de Latinoam\u00e9rica, uno europeo, con inter\u00e9s en distintos productos y servicios de La Pampa, algunos ya tradicionales como alimentos y bebidas, cereales y alimentos animales, silo bolsas, y otros, que este a\u00f1o nos pusimos un desaf\u00edo, con un sector tan importante como el de servicios basados en el conocimiento\u201d.<br>En ese contexto, Lastiri hizo hincapi\u00e9 en la presencia de la Agencia Internacional Madrid+D, \u201cque se dedica a vincular empresas pymes de Madrid con empresas pymes de otros lugares del mundo. As\u00ed que buscando espacios donde nuestras empresas puedan crecer y vender sus servicios y conocimientos\u201d. Este a\u00f1o, otra novedad es la incorporaci\u00f3n de un vendedor internacional de servicios tur\u00edsticos, \u201cpara que en lo que queda del d\u00eda, junto con la Secretar\u00eda de Turismo de La Pampa, podamos contarle cu\u00e1les son los atractivos y productos tur\u00edsticos que tiene la Provincia para ofrecer al mundo\u201d.<\/p>\n\n\n\n<p><strong>Zona Franca<br><\/strong>Germ\u00e1n Luqui explic\u00f3 que a partir de la propuesta de I-COMEX de esta visita de empresas importadoras, vinculadas a la EXPOPyMEs y rondas de negocios, \u201cme pareci\u00f3 interesante que conozcan la Zona Franca, esta herramienta tan importante que tenemos dentro de la Provincia para lo que es radicaci\u00f3n de inversiones, as\u00ed que estuvimos contando sobre las particularidades de nuestro predio, los beneficios impositivos y tributarios, el tipo de empresas que est\u00e1n radicadas, as\u00ed tiene los ejemplos de los productos a la hora de generar alg\u00fan tipo de negocio\u201d.<\/p>\n\n\n\n<p><strong>Fundaci\u00f3n para el conocimiento Madrid+D<br><\/strong>Jes\u00fas Rojo, de Madrid+D consider\u00f3 muy interesante conocer la Zona Franca y sus beneficios para las empresas, \u201cestamos participando en la EXPOPyMEs para poder acercar a las empresas madrile\u00f1as el ecosistema de La Pampa, para poder cerrar cooperaci\u00f3n tecnol\u00f3gica y cooperaci\u00f3n en investigaci\u00f3n entre empresas madrile\u00f1as y empresas pampeanas\u201d.<br>\u201cPara nosotros es muy novedoso porque en Espa\u00f1a no tenemos Zona Franca, me ha parecido muy interesante el tema de beneficios a las empresas en recursos humanos, el beneficiarse con esos descuentos a la hora de contratar personal, que creo es interesante a la hora de atraer personal capacitado a la Zona Franca y desarrollar actividades de I+D, como las empresas que nos han presentado de conocimiento, digitales y software\u201d.<br>Consultado sobre la EXPOPyMEs y las rondas de negocios, el importador europeo dijo: \u201cmi objetivo es intentar conocer todas las empresas de La Pampa que trabajen en investigaci\u00f3n y en innovaci\u00f3n y a posteriori quer\u00edamos, con I-COMEX La Pampa, organizar encuentros virtuales con empresas no solamente madrile\u00f1as sino tambi\u00e9n de toda Espa\u00f1a para que haya ese primer contacto entre La Pampa y Espa\u00f1a y que surja, a futuro, cooperaci\u00f3n tecnol\u00f3gica\u201d.<\/p>\n<div class=\"sharedaddy sd-sharing-enabled\"><div class=\"robots-nocontent sd-block sd-social sd-social-icon sd-sharing\"><h3 class=\"sd-title\">Comparte esto:<\/h3><div class=\"sd-content\"><ul><li class=\"share-twitter\"><a rel=\"nofollow noopener noreferrer\" data-shared=\"sharing-twitter-36236\" class=\"share-twitter sd-button share-icon no-text\" href=\"http:\/\/www.rtvnoticias.com.ar\/?p=36236&amp;share=twitter\" target=\"_blank\" title=\"Haz clic para compartir en Twitter\"><span><\/span><span class=\"sharing-screen-reader-text\">Haz clic para compartir en Twitter (Se abre en una ventana nueva)<\/span><\/a><\/li><li class=\"share-facebook\"><a rel=\"nofollow noopener noreferrer\" data-shared=\"sharing-facebook-36236\" class=\"share-facebook sd-button share-icon no-text\" href=\"http:\/\/www.rtvnoticias.com.ar\/?p=36236&amp;share=facebook\" target=\"_blank\" title=\"Haz clic para compartir en Facebook\"><span><\/span><span class=\"sharing-screen-reader-text\">Haz clic para compartir en Facebook (Se abre en una ventana nueva)<\/span><\/a><\/li><li class=\"share-jetpack-whatsapp\"><a rel=\"nofollow noopener noreferrer\" data-shared=\"\" class=\"share-jetpack-whatsapp sd-button share-icon no-text\" href=\"http:\/\/www.rtvnoticias.com.ar\/?p=36236&amp;share=jetpack-whatsapp\" target=\"_blank\" title=\"Haz clic para compartir en WhatsApp\"><span><\/span><span class=\"sharing-screen-reader-text\">Haz clic para compartir en WhatsApp (Se abre en una ventana nueva)<\/span><\/a><\/li><li class=\"share-telegram\"><a rel=\"nofollow noopener noreferrer\" data-shared=\"\" class=\"share-telegram sd-button share-icon no-text\" href=\"http:\/\/www.rtvnoticias.com.ar\/?p=36236&amp;share=telegram\" target=\"_blank\" title=\"Haz clic para compartir en Telegram\"><span><\/span><span class=\"sharing-screen-reader-text\">Haz clic para compartir en Telegram (Se abre en una ventana nueva)<\/span><\/a><\/li><li class=\"share-end\"><\/li><\/ul><\/div><\/div><\/div>","protected":false},"excerpt":{"rendered":"<p>Diez importadores internacionales de seis pa\u00edses recorrieron hoy empresas de Zona Franca con el objetivo de conocer los beneficios que \u00e9sta le ofrece a las<\/p>\n<div class=\"sharedaddy sd-sharing-enabled\"><div class=\"robots-nocontent sd-block sd-social sd-social-icon sd-sharing\"><h3 class=\"sd-title\">Comparte esto:<\/h3><div class=\"sd-content\"><ul><li class=\"share-twitter\"><a rel=\"nofollow noopener noreferrer\" data-shared=\"sharing-twitter-36236\" class=\"share-twitter sd-button share-icon no-text\" href=\"http:\/\/www.rtvnoticias.com.ar\/?p=36236&amp;share=twitter\" target=\"_blank\" title=\"Haz clic para compartir en Twitter\"><span><\/span><span class=\"sharing-screen-reader-text\">Haz clic para compartir en Twitter (Se abre en una ventana nueva)<\/span><\/a><\/li><li class=\"share-facebook\"><a rel=\"nofollow noopener noreferrer\" data-shared=\"sharing-facebook-36236\" class=\"share-facebook sd-button share-icon no-text\" href=\"http:\/\/www.rtvnoticias.com.ar\/?p=36236&amp;share=facebook\" target=\"_blank\" title=\"Haz clic para compartir en Facebook\"><span><\/span><span class=\"sharing-screen-reader-text\">Haz clic para compartir en Facebook (Se abre en una ventana nueva)<\/span><\/a><\/li><li class=\"share-jetpack-whatsapp\"><a rel=\"nofollow noopener noreferrer\" data-shared=\"\" class=\"share-jetpack-whatsapp sd-button share-icon no-text\" href=\"http:\/\/www.rtvnoticias.com.ar\/?p=36236&amp;share=jetpack-whatsapp\" target=\"_blank\" title=\"Haz clic para compartir en WhatsApp\"><span><\/span><span class=\"sharing-screen-reader-text\">Haz clic para compartir en WhatsApp (Se abre en una ventana nueva)<\/span><\/a><\/li><li class=\"share-telegram\"><a rel=\"nofollow noopener noreferrer\" data-shared=\"\" class=\"share-telegram sd-button share-icon no-text\" href=\"http:\/\/www.rtvnoticias.com.ar\/?p=36236&amp;share=telegram\" target=\"_blank\" title=\"Haz clic para compartir en Telegram\"><span><\/span><span class=\"sharing-screen-reader-text\">Haz clic para compartir en Telegram (Se abre en una ventana nueva)<\/span><\/a><\/li><li class=\"share-end\"><\/li><\/ul><\/div><\/div><\/div>","protected":false},"author":7,"featured_media":36244,"comment_status":"closed","ping_status":"closed","sticky":false,"template":"","format":"standard","meta":{"spay_email":"","jetpack_publicize_message":"","jetpack_is_tweetstorm":false,"jetpack_publicize_feature_enabled":true},"categories":[1],"tags":[],"jetpack_featured_media_url":"http:\/\/www.rtvnoticias.com.ar\/wp-content\/uploads\/2023\/04\/rtadores.jpg","jetpack_publicize_connections":[],"jetpack_sharing_enabled":true,"_links":{"self":[{"href":"http:\/\/www.rtvnoticias.com.ar\/index.php?rest_route=\/wp\/v2\/posts\/36236"}],"collection":[{"href":"http:\/\/www.rtvnoticias.com.ar\/index.php?rest_route=\/wp\/v2\/posts"}],"about":[{"href":"http:\/\/www.rtvnoticias.com.ar\/index.php?rest_route=\/wp\/v2\/types\/post"}],"author":[{"embeddable":true,"href":"http:\/\/www.rtvnoticias.com.ar\/index.php?rest_route=\/wp\/v2\/users\/7"}],"replies":[{"embeddable":true,"href":"http:\/\/www.rtvnoticias.com.ar\/index.php?rest_route=%2Fwp%2Fv2%2Fcomments&post=36236"}],"version-history":[{"count":1,"href":"http:\/\/www.rtvnoticias.com.ar\/index.php?rest_route=\/wp\/v2\/posts\/36236\/revisions"}],"predecessor-version":[{"id":36245,"href":"http:\/\/www.rtvnoticias.com.ar\/index.php?rest_route=\/wp\/v2\/posts\/36236\/revisions\/36245"}],"wp:featuredmedia":[{"embeddable":true,"href":"http:\/\/www.rtvnoticias.com.ar\/index.php?rest_route=\/wp\/v2\/media\/36244"}],"wp:attachment":[{"href":"http:\/\/www.rtvnoticias.com.ar\/index.php?rest_route=%2Fwp%2Fv2%2Fmedia&parent=36236"}],"wp:term":[{"taxonomy":"category","embeddable":true,"href":"http:\/\/www.rtvnoticias.com.ar\/index.php?rest_route=%2Fwp%2Fv2%2Fcategories&post=36236"},{"taxonomy":"post_tag","embeddable":true,"href":"http:\/\/www.rtvnoticias.com.ar\/index.php?rest_route=%2Fwp%2Fv2%2Ftags&post=36236"}],"curies":[{"name":"wp","href":"https:\/\/api.w.org\/{rel}","templated":true}]}}