{"id":36239,"date":"2023-04-13T22:57:00","date_gmt":"2023-04-14T01:57:00","guid":{"rendered":"http:\/\/www.rtvnoticias.com.ar\/?p=36239"},"modified":"2023-04-14T11:08:27","modified_gmt":"2023-04-14T14:08:27","slug":"infancias-y-adolescencias-ya-tienen-la-ley-lucio","status":"publish","type":"post","link":"http:\/\/www.rtvnoticias.com.ar\/?p=36239","title":{"rendered":"Infancias y adolescencias ya tienen la Ley Lucio"},"content":{"rendered":"\n<p>El Senado de la Naci\u00f3n transform\u00f3 en ley al Plan Federal de Capacitaci\u00f3n Sobre Derechos de Ni\u00f1as, Ni\u00f1os y Adolescentes, tambi\u00e9n conocido como Ley Lucio, en la sesi\u00f3n del mediod\u00eda del jueves.<\/p>\n\n\n\n<p>El senador Daniel Bensus\u00e1n fue el miembro informante del proyecto, que ya contaba con media sanci\u00f3n de la C\u00e1mara de Diputados, en su calidad de presidente de la comisi\u00f3n de Legislaci\u00f3n General, donde obtuvo dictamen favorable durante las \u00faltimas reuniones del 2022.<\/p>\n\n\n\n<p>\u201cEl apoyo al tratamiento de esta ley es un compromiso ante la familia de Lucio, y de todas aquellas que han sufrido hechos similares, y ante toda la sociedad. La protecci\u00f3n de los derechos de nuestras infancias nos tiene que encontrar a todas y todos comprometidos con esa causa\u201d, dijo el legislador.<\/p>\n\n\n\n<p>El proyecto, ahora ley, propone la creaci\u00f3n de un Plan Federal de capacitaci\u00f3n obligatoria, continua y permanente en derechos de infancias y adolescencias para las y los agentes de los tres poderes del Estado, participes del Sistema de Protecci\u00f3n integral.<\/p>\n\n\n\n<p>\u201cEs evidente que con las leyes solas no alcanza, tampoco con la voluntad sola de los gobiernos. Este es un tema que atraviesa a toda la sociedad. Pero debemos tener en claro un actor fundamental, sin el cual todo lo anterior no tendr\u00eda sentido: el compromiso social de todas y todos contra la violencia en las infancias. La vulneraci\u00f3n de los derechos de las infancias nos interpela y pone en claro la necesidad de conformar un verdadero Pacto Social tendiente a terminar con estas pr\u00e1cticas\u201d, fundament\u00f3 en su presentaci\u00f3n.<\/p>\n\n\n\n<p>M\u00e1s adelante agreg\u00f3 \u201cmientras existan algunos medios de comunicaci\u00f3n que recurran al morbo en el asesinato de ni\u00f1os para aumentar sus audiencias; mientras existan qui\u00e9nes usen estos aberrantes hechos para fines electorales; mientras todav\u00eda se piense que el maltrato a nuestras infancias y adolescencias son cuestiones en las que no hay que meterse porque son puertas adentro y se mire para otro lado; no estaremos respondiendo en forma madura, como sociedad\u201d.<\/p>\n\n\n\n<p>Bensus\u00e1n pidi\u00f3 que no se revictimice a las personas menores que sufren situaciones de violencia o abuso. \u201cEsto se empieza a cambiar haciendo lo que hacemos hoy, legislando. Dando herramientas para que el estado act\u00fae, para que las y los agentes de ese estado tengan a\u00fan m\u00e1s claro lo que deben hacer. Fortaleciendo el accionar institucional del estado, y no debilit\u00e1ndolo\u201d.<\/p>\n\n\n\n<p>Antes de la votaci\u00f3n, Bensus\u00e1n se reuni\u00f3 con Ram\u00f3n Dupuy y Silvia G\u00f3mez, abuelos de Lucio, qui\u00e9nes concurrieron especialmente para participar de la sesi\u00f3n del Senado.<\/p>\n<div class=\"sharedaddy sd-sharing-enabled\"><div class=\"robots-nocontent sd-block sd-social sd-social-icon sd-sharing\"><h3 class=\"sd-title\">Comparte esto:<\/h3><div class=\"sd-content\"><ul><li class=\"share-twitter\"><a rel=\"nofollow noopener noreferrer\" data-shared=\"sharing-twitter-36239\" class=\"share-twitter sd-button share-icon no-text\" href=\"http:\/\/www.rtvnoticias.com.ar\/?p=36239&amp;share=twitter\" target=\"_blank\" title=\"Haz clic para compartir en Twitter\"><span><\/span><span class=\"sharing-screen-reader-text\">Haz clic para compartir en Twitter (Se abre en una ventana nueva)<\/span><\/a><\/li><li class=\"share-facebook\"><a rel=\"nofollow noopener noreferrer\" data-shared=\"sharing-facebook-36239\" class=\"share-facebook sd-button share-icon no-text\" href=\"http:\/\/www.rtvnoticias.com.ar\/?p=36239&amp;share=facebook\" target=\"_blank\" title=\"Haz clic para compartir en Facebook\"><span><\/span><span class=\"sharing-screen-reader-text\">Haz clic para compartir en Facebook (Se abre en una ventana nueva)<\/span><\/a><\/li><li class=\"share-jetpack-whatsapp\"><a rel=\"nofollow noopener noreferrer\" data-shared=\"\" class=\"share-jetpack-whatsapp sd-button share-icon no-text\" href=\"http:\/\/www.rtvnoticias.com.ar\/?p=36239&amp;share=jetpack-whatsapp\" target=\"_blank\" title=\"Haz clic para compartir en WhatsApp\"><span><\/span><span class=\"sharing-screen-reader-text\">Haz clic para compartir en WhatsApp (Se abre en una ventana nueva)<\/span><\/a><\/li><li class=\"share-telegram\"><a rel=\"nofollow noopener noreferrer\" data-shared=\"\" class=\"share-telegram sd-button share-icon no-text\" href=\"http:\/\/www.rtvnoticias.com.ar\/?p=36239&amp;share=telegram\" target=\"_blank\" title=\"Haz clic para compartir en Telegram\"><span><\/span><span class=\"sharing-screen-reader-text\">Haz clic para compartir en Telegram (Se abre en una ventana nueva)<\/span><\/a><\/li><li class=\"share-end\"><\/li><\/ul><\/div><\/div><\/div>","protected":false},"excerpt":{"rendered":"<p>El Senado de la Naci\u00f3n transform\u00f3 en ley al Plan Federal de Capacitaci\u00f3n Sobre Derechos de Ni\u00f1as, Ni\u00f1os y Adolescentes, tambi\u00e9n conocido como Ley Lucio,<\/p>\n<div class=\"sharedaddy sd-sharing-enabled\"><div class=\"robots-nocontent sd-block sd-social sd-social-icon sd-sharing\"><h3 class=\"sd-title\">Comparte esto:<\/h3><div class=\"sd-content\"><ul><li class=\"share-twitter\"><a rel=\"nofollow noopener noreferrer\" data-shared=\"sharing-twitter-36239\" class=\"share-twitter sd-button share-icon no-text\" href=\"http:\/\/www.rtvnoticias.com.ar\/?p=36239&amp;share=twitter\" target=\"_blank\" title=\"Haz clic para compartir en Twitter\"><span><\/span><span class=\"sharing-screen-reader-text\">Haz clic para compartir en Twitter (Se abre en una ventana nueva)<\/span><\/a><\/li><li class=\"share-facebook\"><a rel=\"nofollow noopener noreferrer\" data-shared=\"sharing-facebook-36239\" class=\"share-facebook sd-button share-icon no-text\" href=\"http:\/\/www.rtvnoticias.com.ar\/?p=36239&amp;share=facebook\" target=\"_blank\" title=\"Haz clic para compartir en Facebook\"><span><\/span><span class=\"sharing-screen-reader-text\">Haz clic para compartir en Facebook (Se abre en una ventana nueva)<\/span><\/a><\/li><li class=\"share-jetpack-whatsapp\"><a rel=\"nofollow noopener noreferrer\" data-shared=\"\" class=\"share-jetpack-whatsapp sd-button share-icon no-text\" href=\"http:\/\/www.rtvnoticias.com.ar\/?p=36239&amp;share=jetpack-whatsapp\" target=\"_blank\" title=\"Haz clic para compartir en WhatsApp\"><span><\/span><span class=\"sharing-screen-reader-text\">Haz clic para compartir en WhatsApp (Se abre en una ventana nueva)<\/span><\/a><\/li><li class=\"share-telegram\"><a rel=\"nofollow noopener noreferrer\" data-shared=\"\" class=\"share-telegram sd-button share-icon no-text\" href=\"http:\/\/www.rtvnoticias.com.ar\/?p=36239&amp;share=telegram\" target=\"_blank\" title=\"Haz clic para compartir en Telegram\"><span><\/span><span class=\"sharing-screen-reader-text\">Haz clic para compartir en Telegram (Se abre en una ventana nueva)<\/span><\/a><\/li><li class=\"share-end\"><\/li><\/ul><\/div><\/div><\/div>","protected":false},"author":7,"featured_media":0,"comment_status":"closed","ping_status":"closed","sticky":false,"template":"","format":"standard","meta":{"spay_email":"","jetpack_publicize_message":"","jetpack_is_tweetstorm":false,"jetpack_publicize_feature_enabled":true},"categories":[1],"tags":[],"jetpack_featured_media_url":"","jetpack_publicize_connections":[],"jetpack_sharing_enabled":true,"_links":{"self":[{"href":"http:\/\/www.rtvnoticias.com.ar\/index.php?rest_route=\/wp\/v2\/posts\/36239"}],"collection":[{"href":"http:\/\/www.rtvnoticias.com.ar\/index.php?rest_route=\/wp\/v2\/posts"}],"about":[{"href":"http:\/\/www.rtvnoticias.com.ar\/index.php?rest_route=\/wp\/v2\/types\/post"}],"author":[{"embeddable":true,"href":"http:\/\/www.rtvnoticias.com.ar\/index.php?rest_route=\/wp\/v2\/users\/7"}],"replies":[{"embeddable":true,"href":"http:\/\/www.rtvnoticias.com.ar\/index.php?rest_route=%2Fwp%2Fv2%2Fcomments&post=36239"}],"version-history":[{"count":1,"href":"http:\/\/www.rtvnoticias.com.ar\/index.php?rest_route=\/wp\/v2\/posts\/36239\/revisions"}],"predecessor-version":[{"id":36240,"href":"http:\/\/www.rtvnoticias.com.ar\/index.php?rest_route=\/wp\/v2\/posts\/36239\/revisions\/36240"}],"wp:attachment":[{"href":"http:\/\/www.rtvnoticias.com.ar\/index.php?rest_route=%2Fwp%2Fv2%2Fmedia&parent=36239"}],"wp:term":[{"taxonomy":"category","embeddable":true,"href":"http:\/\/www.rtvnoticias.com.ar\/index.php?rest_route=%2Fwp%2Fv2%2Fcategories&post=36239"},{"taxonomy":"post_tag","embeddable":true,"href":"http:\/\/www.rtvnoticias.com.ar\/index.php?rest_route=%2Fwp%2Fv2%2Ftags&post=36239"}],"curies":[{"name":"wp","href":"https:\/\/api.w.org\/{rel}","templated":true}]}}