{"id":36241,"date":"2023-04-14T11:19:47","date_gmt":"2023-04-14T14:19:47","guid":{"rendered":"http:\/\/www.rtvnoticias.com.ar\/?p=36241"},"modified":"2023-04-14T11:19:50","modified_gmt":"2023-04-14T14:19:50","slug":"kroneberger-la-ley-lucio-viene-a-visibilizar-y-a-cuidar-el-presente-y-el-futuro-de-los-ninos-ninas-y-adolescentes","status":"publish","type":"post","link":"http:\/\/www.rtvnoticias.com.ar\/?p=36241","title":{"rendered":"Kroneberger: \u201cLa Ley Lucio viene a visibilizar y a cuidar el presente y el futuro de los ni\u00f1os, ni\u00f1as y adolescentes"},"content":{"rendered":"\n<p>En la tarde de este jueves, el Senado de la Naci\u00f3n aprob\u00f3 de forma un\u00e1nime la Ley de Creaci\u00f3n del Plan Federal de Capacitaci\u00f3n sobre Derechos de Ni\u00f1as, Ni\u00f1os y Adolescentes, conocida como Ley Lucio. Al respecto, el senador nacional de La Pampa Daniel Kroneberger, valor\u00f3 el procedimiento: \u201cEsta ley fue aprobada en el marco de una sesi\u00f3n regular, respetando los reglamentos como corresponde, y como cada senador de esta casa debe cumplir\u201d.<\/p>\n\n\n\n<p>Durante su intervenci\u00f3n en el recinto, el senador por la UCR-Juntos por el Cambio, destac\u00f3: \u201cNo caben dudas de que es muy importante y necesario que en el Senado de la Naci\u00f3n hoy estemos tratando una Ley trascendental para estos tiempos; tiempos en que comienzan a visibilizarse algunas problem\u00e1ticas no solo en Argentina, sino en el mundo. Y visibilizar implica estudiar los problemas, ponerles un nombre, describirlos y abordarlos desde distintas miradas. Se trata de debatir con madurez, con certezas y con responsabilidad, para encontrar soluciones en conjunto. Eso es visibilizar\u201d.<\/p>\n\n\n\n<p>Adem\u00e1s, el senador oriundo de Colonia Bar\u00f3n dijo: \u201cSabemos que Argentina atraviesa un momento muy particular. Y esta vez no me refiero a la compleja situaci\u00f3n econ\u00f3mica o social que vive el pa\u00eds, me refiero a los 40 a\u00f1os de Democracia ininterrumpida que estamos a punto de alcanzar. Este tiempo nos invita a reflexionar; a mirar para atr\u00e1s, a observar el presente y no perder de vista el futuro que queremos; ese futuro que a\u00fan podemos hacer que sea mejor, en especial, para los ni\u00f1os, ni\u00f1as y adolescentes\u201d.<\/p>\n\n\n\n<p>En relaci\u00f3n a los contenidos de la Ley, Kroneberger resalt\u00f3: \u201cEsta iniciativa que a partir de esta votaci\u00f3n se convierte en Ley abarca a todas las personas que se desempe\u00f1an en dependencias de los poderes legislativo, ejecutivo y judicial\u2026 as\u00ed como al personal de administraciones provinciales, municipales y de organizaciones vinculadas al deporte, la recreaci\u00f3n, la sociedad y la cultura.<\/p>\n\n\n\n<p>Por \u00faltimo, Kroneberger resalt\u00f3: \u201cLa Ley Lucio se convirti\u00f3 en una bandera no solo en la provincia de La Pampa, sino en el pa\u00eds. Las familias, las organizaciones de la sociedad civil, la ciudadan\u00eda y los vecinos de La Pampa y de cada rinc\u00f3n de la Argentina nos han marcado un camino. Ese camino se ha materializado en esta Ley. Porque esta Ley viene a visibilizar, a quitar velos, a ponerle voz a quienes a veces no la tienen, a proteger a los ni\u00f1os, ni\u00f1as y adolescentes. Viene a cuidarles su presente y futuro\u201d.<\/p>\n<div class=\"sharedaddy sd-sharing-enabled\"><div class=\"robots-nocontent sd-block sd-social sd-social-icon sd-sharing\"><h3 class=\"sd-title\">Comparte esto:<\/h3><div class=\"sd-content\"><ul><li class=\"share-twitter\"><a rel=\"nofollow noopener noreferrer\" data-shared=\"sharing-twitter-36241\" class=\"share-twitter sd-button share-icon no-text\" href=\"http:\/\/www.rtvnoticias.com.ar\/?p=36241&amp;share=twitter\" target=\"_blank\" title=\"Haz clic para compartir en Twitter\"><span><\/span><span class=\"sharing-screen-reader-text\">Haz clic para compartir en Twitter (Se abre en una ventana nueva)<\/span><\/a><\/li><li class=\"share-facebook\"><a rel=\"nofollow noopener noreferrer\" data-shared=\"sharing-facebook-36241\" class=\"share-facebook sd-button share-icon no-text\" href=\"http:\/\/www.rtvnoticias.com.ar\/?p=36241&amp;share=facebook\" target=\"_blank\" title=\"Haz clic para compartir en Facebook\"><span><\/span><span class=\"sharing-screen-reader-text\">Haz clic para compartir en Facebook (Se abre en una ventana nueva)<\/span><\/a><\/li><li class=\"share-jetpack-whatsapp\"><a rel=\"nofollow noopener noreferrer\" data-shared=\"\" class=\"share-jetpack-whatsapp sd-button share-icon no-text\" href=\"http:\/\/www.rtvnoticias.com.ar\/?p=36241&amp;share=jetpack-whatsapp\" target=\"_blank\" title=\"Haz clic para compartir en WhatsApp\"><span><\/span><span class=\"sharing-screen-reader-text\">Haz clic para compartir en WhatsApp (Se abre en una ventana nueva)<\/span><\/a><\/li><li class=\"share-telegram\"><a rel=\"nofollow noopener noreferrer\" data-shared=\"\" class=\"share-telegram sd-button share-icon no-text\" href=\"http:\/\/www.rtvnoticias.com.ar\/?p=36241&amp;share=telegram\" target=\"_blank\" title=\"Haz clic para compartir en Telegram\"><span><\/span><span class=\"sharing-screen-reader-text\">Haz clic para compartir en Telegram (Se abre en una ventana nueva)<\/span><\/a><\/li><li class=\"share-end\"><\/li><\/ul><\/div><\/div><\/div>","protected":false},"excerpt":{"rendered":"<p>En la tarde de este jueves, el Senado de la Naci\u00f3n aprob\u00f3 de forma un\u00e1nime la Ley de Creaci\u00f3n del Plan Federal de Capacitaci\u00f3n sobre<\/p>\n<div class=\"sharedaddy sd-sharing-enabled\"><div class=\"robots-nocontent sd-block sd-social sd-social-icon sd-sharing\"><h3 class=\"sd-title\">Comparte esto:<\/h3><div class=\"sd-content\"><ul><li class=\"share-twitter\"><a rel=\"nofollow noopener noreferrer\" data-shared=\"sharing-twitter-36241\" class=\"share-twitter sd-button share-icon no-text\" href=\"http:\/\/www.rtvnoticias.com.ar\/?p=36241&amp;share=twitter\" target=\"_blank\" title=\"Haz clic para compartir en Twitter\"><span><\/span><span class=\"sharing-screen-reader-text\">Haz clic para compartir en Twitter (Se abre en una ventana nueva)<\/span><\/a><\/li><li class=\"share-facebook\"><a rel=\"nofollow noopener noreferrer\" data-shared=\"sharing-facebook-36241\" class=\"share-facebook sd-button share-icon no-text\" href=\"http:\/\/www.rtvnoticias.com.ar\/?p=36241&amp;share=facebook\" target=\"_blank\" title=\"Haz clic para compartir en Facebook\"><span><\/span><span class=\"sharing-screen-reader-text\">Haz clic para compartir en Facebook (Se abre en una ventana nueva)<\/span><\/a><\/li><li class=\"share-jetpack-whatsapp\"><a rel=\"nofollow noopener noreferrer\" data-shared=\"\" class=\"share-jetpack-whatsapp sd-button share-icon no-text\" href=\"http:\/\/www.rtvnoticias.com.ar\/?p=36241&amp;share=jetpack-whatsapp\" target=\"_blank\" title=\"Haz clic para compartir en WhatsApp\"><span><\/span><span class=\"sharing-screen-reader-text\">Haz clic para compartir en WhatsApp (Se abre en una ventana nueva)<\/span><\/a><\/li><li class=\"share-telegram\"><a rel=\"nofollow noopener noreferrer\" data-shared=\"\" class=\"share-telegram sd-button share-icon no-text\" href=\"http:\/\/www.rtvnoticias.com.ar\/?p=36241&amp;share=telegram\" target=\"_blank\" title=\"Haz clic para compartir en Telegram\"><span><\/span><span class=\"sharing-screen-reader-text\">Haz clic para compartir en Telegram (Se abre en una ventana nueva)<\/span><\/a><\/li><li class=\"share-end\"><\/li><\/ul><\/div><\/div><\/div>","protected":false},"author":7,"featured_media":36242,"comment_status":"closed","ping_status":"closed","sticky":false,"template":"","format":"standard","meta":{"spay_email":"","jetpack_publicize_message":"","jetpack_is_tweetstorm":false,"jetpack_publicize_feature_enabled":true},"categories":[4],"tags":[],"jetpack_featured_media_url":"http:\/\/www.rtvnoticias.com.ar\/wp-content\/uploads\/2023\/04\/krone3.jpg","jetpack_publicize_connections":[],"jetpack_sharing_enabled":true,"_links":{"self":[{"href":"http:\/\/www.rtvnoticias.com.ar\/index.php?rest_route=\/wp\/v2\/posts\/36241"}],"collection":[{"href":"http:\/\/www.rtvnoticias.com.ar\/index.php?rest_route=\/wp\/v2\/posts"}],"about":[{"href":"http:\/\/www.rtvnoticias.com.ar\/index.php?rest_route=\/wp\/v2\/types\/post"}],"author":[{"embeddable":true,"href":"http:\/\/www.rtvnoticias.com.ar\/index.php?rest_route=\/wp\/v2\/users\/7"}],"replies":[{"embeddable":true,"href":"http:\/\/www.rtvnoticias.com.ar\/index.php?rest_route=%2Fwp%2Fv2%2Fcomments&post=36241"}],"version-history":[{"count":1,"href":"http:\/\/www.rtvnoticias.com.ar\/index.php?rest_route=\/wp\/v2\/posts\/36241\/revisions"}],"predecessor-version":[{"id":36243,"href":"http:\/\/www.rtvnoticias.com.ar\/index.php?rest_route=\/wp\/v2\/posts\/36241\/revisions\/36243"}],"wp:featuredmedia":[{"embeddable":true,"href":"http:\/\/www.rtvnoticias.com.ar\/index.php?rest_route=\/wp\/v2\/media\/36242"}],"wp:attachment":[{"href":"http:\/\/www.rtvnoticias.com.ar\/index.php?rest_route=%2Fwp%2Fv2%2Fmedia&parent=36241"}],"wp:term":[{"taxonomy":"category","embeddable":true,"href":"http:\/\/www.rtvnoticias.com.ar\/index.php?rest_route=%2Fwp%2Fv2%2Fcategories&post=36241"},{"taxonomy":"post_tag","embeddable":true,"href":"http:\/\/www.rtvnoticias.com.ar\/index.php?rest_route=%2Fwp%2Fv2%2Ftags&post=36241"}],"curies":[{"name":"wp","href":"https:\/\/api.w.org\/{rel}","templated":true}]}}