{"id":36265,"date":"2023-04-15T10:35:48","date_gmt":"2023-04-15T13:35:48","guid":{"rendered":"http:\/\/www.rtvnoticias.com.ar\/?p=36265"},"modified":"2023-04-15T10:35:51","modified_gmt":"2023-04-15T13:35:51","slug":"la-inflacion-de-marzo-se-disparo-al-77-y-la-interanual-alcanzo-el-1043","status":"publish","type":"post","link":"http:\/\/www.rtvnoticias.com.ar\/?p=36265","title":{"rendered":"La inflaci\u00f3n de marzo se dispar\u00f3 al 7,7% y la interanual alcanz\u00f3 el 104,3%"},"content":{"rendered":"\n<p>La inflaci\u00f3n se dispar\u00f3 al 7,7% en marzo, por encima de lo esperado por consultoras privadas, y acumul\u00f3 un 104,3% de suba en los \u00faltimos doce meses, inform\u00f3 el INDEC.<\/p>\n\n\n\n<p>En el primer trimestre, los precios subieron 21,7%, m\u00e1s de un tercio de lo proyectado por el Gobierno para todo el 2023.<\/p>\n\n\n\n<p>El aumento de Alimentos y bebidas no alcoh\u00f3licas (9,3%) fue el que m\u00e1s incidi\u00f3 en todas las regiones. Al interior de la divisi\u00f3n, sobresali\u00f3 la suba de Carnes y derivados<\/p>\n\n\n\n<p>A su vez, aunque con menor magnitud, se destacaron las subas en Verduras, tub\u00e9rculos y legumbres, seguidas por Leche, productos l\u00e1cteos y huevos; y finalmente por Frutas.<\/p>\n\n\n\n<p>La divisi\u00f3n de mayor aumento en el mes fue Educaci\u00f3n (29,1%), por las subas en todos los niveles educativos al inicio del ciclo lectivo.<\/p>\n\n\n\n<p>Las siguientes divisiones con mayores variaciones en el per\u00edodo fueron Prendas de vestir y calzado (9,4%), en coincidencia con el cambio de temporada, y Alimentos y bebidas no alcoh\u00f3licas (9,3%), por los incrementos en Carnes y derivados y Leche, productos l\u00e1cteos y huevos.<\/p>\n\n\n\n<p>Tambi\u00e9n se destacaron los aumentos de cigarrillos, dentro de Bebidas alcoh\u00f3licas y tabaco (8,3%); de los servicios de agua, gas y electricidad en algunas regiones, en Vivienda, agua, electricidad y otros combustibles (6,5%); y de combustibles y transporte p\u00fablico, dentro de la divisi\u00f3n Transporte (5,3%).<\/p>\n\n\n\n<p>Las dos divisiones de menor variaci\u00f3n en marzo fueron Recreaci\u00f3n y cultura (4,4%) y Comunicaci\u00f3n (1,9%).<\/p>\n\n\n\n<p>A nivel de las categor\u00edas, Estacionales lider\u00f3 el aumento (9,3%) seguida por Regulados (8,3%); en tanto que el IPC N\u00facleo registr\u00f3 un incremento de 7,2%.<\/p>\n<div class=\"sharedaddy sd-sharing-enabled\"><div class=\"robots-nocontent sd-block sd-social sd-social-icon sd-sharing\"><h3 class=\"sd-title\">Comparte esto:<\/h3><div class=\"sd-content\"><ul><li class=\"share-twitter\"><a rel=\"nofollow noopener noreferrer\" data-shared=\"sharing-twitter-36265\" class=\"share-twitter sd-button share-icon no-text\" href=\"http:\/\/www.rtvnoticias.com.ar\/?p=36265&amp;share=twitter\" target=\"_blank\" title=\"Haz clic para compartir en Twitter\"><span><\/span><span class=\"sharing-screen-reader-text\">Haz clic para compartir en Twitter (Se abre en una ventana nueva)<\/span><\/a><\/li><li class=\"share-facebook\"><a rel=\"nofollow noopener noreferrer\" data-shared=\"sharing-facebook-36265\" class=\"share-facebook sd-button share-icon no-text\" href=\"http:\/\/www.rtvnoticias.com.ar\/?p=36265&amp;share=facebook\" target=\"_blank\" title=\"Haz clic para compartir en Facebook\"><span><\/span><span class=\"sharing-screen-reader-text\">Haz clic para compartir en Facebook (Se abre en una ventana nueva)<\/span><\/a><\/li><li class=\"share-jetpack-whatsapp\"><a rel=\"nofollow noopener noreferrer\" data-shared=\"\" class=\"share-jetpack-whatsapp sd-button share-icon no-text\" href=\"http:\/\/www.rtvnoticias.com.ar\/?p=36265&amp;share=jetpack-whatsapp\" target=\"_blank\" title=\"Haz clic para compartir en WhatsApp\"><span><\/span><span class=\"sharing-screen-reader-text\">Haz clic para compartir en WhatsApp (Se abre en una ventana nueva)<\/span><\/a><\/li><li class=\"share-telegram\"><a rel=\"nofollow noopener noreferrer\" data-shared=\"\" class=\"share-telegram sd-button share-icon no-text\" href=\"http:\/\/www.rtvnoticias.com.ar\/?p=36265&amp;share=telegram\" target=\"_blank\" title=\"Haz clic para compartir en Telegram\"><span><\/span><span class=\"sharing-screen-reader-text\">Haz clic para compartir en Telegram (Se abre en una ventana nueva)<\/span><\/a><\/li><li class=\"share-end\"><\/li><\/ul><\/div><\/div><\/div>","protected":false},"excerpt":{"rendered":"<p>La inflaci\u00f3n se dispar\u00f3 al 7,7% en marzo, por encima de lo esperado por consultoras privadas, y acumul\u00f3 un 104,3% de suba en los \u00faltimos<\/p>\n<div class=\"sharedaddy sd-sharing-enabled\"><div class=\"robots-nocontent sd-block sd-social sd-social-icon sd-sharing\"><h3 class=\"sd-title\">Comparte esto:<\/h3><div class=\"sd-content\"><ul><li class=\"share-twitter\"><a rel=\"nofollow noopener noreferrer\" data-shared=\"sharing-twitter-36265\" class=\"share-twitter sd-button share-icon no-text\" href=\"http:\/\/www.rtvnoticias.com.ar\/?p=36265&amp;share=twitter\" target=\"_blank\" title=\"Haz clic para compartir en Twitter\"><span><\/span><span class=\"sharing-screen-reader-text\">Haz clic para compartir en Twitter (Se abre en una ventana nueva)<\/span><\/a><\/li><li class=\"share-facebook\"><a rel=\"nofollow noopener noreferrer\" data-shared=\"sharing-facebook-36265\" class=\"share-facebook sd-button share-icon no-text\" href=\"http:\/\/www.rtvnoticias.com.ar\/?p=36265&amp;share=facebook\" target=\"_blank\" title=\"Haz clic para compartir en Facebook\"><span><\/span><span class=\"sharing-screen-reader-text\">Haz clic para compartir en Facebook (Se abre en una ventana nueva)<\/span><\/a><\/li><li class=\"share-jetpack-whatsapp\"><a rel=\"nofollow noopener noreferrer\" data-shared=\"\" class=\"share-jetpack-whatsapp sd-button share-icon no-text\" href=\"http:\/\/www.rtvnoticias.com.ar\/?p=36265&amp;share=jetpack-whatsapp\" target=\"_blank\" title=\"Haz clic para compartir en WhatsApp\"><span><\/span><span class=\"sharing-screen-reader-text\">Haz clic para compartir en WhatsApp (Se abre en una ventana nueva)<\/span><\/a><\/li><li class=\"share-telegram\"><a rel=\"nofollow noopener noreferrer\" data-shared=\"\" class=\"share-telegram sd-button share-icon no-text\" href=\"http:\/\/www.rtvnoticias.com.ar\/?p=36265&amp;share=telegram\" target=\"_blank\" title=\"Haz clic para compartir en Telegram\"><span><\/span><span class=\"sharing-screen-reader-text\">Haz clic para compartir en Telegram (Se abre en una ventana nueva)<\/span><\/a><\/li><li class=\"share-end\"><\/li><\/ul><\/div><\/div><\/div>","protected":false},"author":7,"featured_media":32066,"comment_status":"closed","ping_status":"closed","sticky":false,"template":"","format":"standard","meta":{"spay_email":"","jetpack_publicize_message":"","jetpack_is_tweetstorm":false,"jetpack_publicize_feature_enabled":true},"categories":[5],"tags":[],"jetpack_featured_media_url":"http:\/\/www.rtvnoticias.com.ar\/wp-content\/uploads\/2022\/05\/inflacio\u0301n.jpg","jetpack_publicize_connections":[],"jetpack_sharing_enabled":true,"_links":{"self":[{"href":"http:\/\/www.rtvnoticias.com.ar\/index.php?rest_route=\/wp\/v2\/posts\/36265"}],"collection":[{"href":"http:\/\/www.rtvnoticias.com.ar\/index.php?rest_route=\/wp\/v2\/posts"}],"about":[{"href":"http:\/\/www.rtvnoticias.com.ar\/index.php?rest_route=\/wp\/v2\/types\/post"}],"author":[{"embeddable":true,"href":"http:\/\/www.rtvnoticias.com.ar\/index.php?rest_route=\/wp\/v2\/users\/7"}],"replies":[{"embeddable":true,"href":"http:\/\/www.rtvnoticias.com.ar\/index.php?rest_route=%2Fwp%2Fv2%2Fcomments&post=36265"}],"version-history":[{"count":1,"href":"http:\/\/www.rtvnoticias.com.ar\/index.php?rest_route=\/wp\/v2\/posts\/36265\/revisions"}],"predecessor-version":[{"id":36266,"href":"http:\/\/www.rtvnoticias.com.ar\/index.php?rest_route=\/wp\/v2\/posts\/36265\/revisions\/36266"}],"wp:featuredmedia":[{"embeddable":true,"href":"http:\/\/www.rtvnoticias.com.ar\/index.php?rest_route=\/wp\/v2\/media\/32066"}],"wp:attachment":[{"href":"http:\/\/www.rtvnoticias.com.ar\/index.php?rest_route=%2Fwp%2Fv2%2Fmedia&parent=36265"}],"wp:term":[{"taxonomy":"category","embeddable":true,"href":"http:\/\/www.rtvnoticias.com.ar\/index.php?rest_route=%2Fwp%2Fv2%2Fcategories&post=36265"},{"taxonomy":"post_tag","embeddable":true,"href":"http:\/\/www.rtvnoticias.com.ar\/index.php?rest_route=%2Fwp%2Fv2%2Ftags&post=36265"}],"curies":[{"name":"wp","href":"https:\/\/api.w.org\/{rel}","templated":true}]}}